{"id":231109,"date":"2018-04-03T13:20:08","date_gmt":"2018-04-03T13:20:08","guid":{"rendered":"http:\/\/diariodominicano.ddns.net\/?p=231109"},"modified":"2018-04-03T13:20:08","modified_gmt":"2018-04-03T13:20:08","slug":"paises-garantes-de-astana-discutiran-sobre-siria-en-turquia","status":"publish","type":"post","link":"https:\/\/diariodominicano.com\/?p=231109","title":{"rendered":"Pa\u00edses garantes de Astan\u00e1 discutir\u00e1n sobre Siria en Turqu\u00eda"},"content":{"rendered":"<p><body><\/p>\n<p><img decoding=\"async\" src=\"img3\/Rouhani-Putin-Erdogan.jpg\" \/>  <\/p>\n<p><strong> Ankara, 3 abr (PL<\/strong>) Turqu\u00eda, Rusia e Ir\u00e1n se reunir\u00e1n en esta capital para debatir sobre una posible extensi\u00f3n del alto el fuego en Siria, como pa\u00edses garantes del acuerdo de Astan\u00e1, seg\u00fan anunciaron hoy fuentes diplom\u00e1ticas turcas.<\/p>\n<\/p>\n<p>La cumbre tripartita tendr\u00e1 lugar ma\u00f1ana en Ankara y en la misma participar\u00e1n los presidentes de Turqu\u00eda, Recep Tayyip Erdogan, Rusia, Vladimir Putin, e Ir\u00e1n, Hassan Rouhani, con el objetivo de alcanzar un compromiso para el mantenimiento de la tregua en el pa\u00eds \u00e1rabe.<\/p>\n<\/p>\n<p>La intenci\u00f3n es consensuar una declaraci\u00f3n que prorrogue por 30 d\u00edas el cese de la actividad armada acordada por Naciones Unidas a finales de febrero.<\/p>\n<\/p>\n<p>De acuerdo a la informaci\u00f3n facilitada, los l\u00edderes mantendr\u00e1n igualmente reuniones bilaterales al tiempo que los cancilleres de los tres pa\u00edses, quienes igualmente trabajar\u00e1n para buscar soluciones al conflicto sirio, que ya entra en su s\u00e9ptimo a\u00f1o.<\/p>\n<\/p>\n<p>Al t\u00e9rmino de la cumbre se dar\u00e1 a conocer la declaraci\u00f3n conjunta.<\/p>\n<\/p>\n<p>tgj\/acm\/cvl<\/p>\n<h6> 2018-04-03 13:20:08 <\/h6>\n<p><!--\n<link rel=\"stylesheet\" href=\"css\/bootstrap.min.css\">\n\n\n<ul class=\"pagination\">\n\t    \n\t\n\n<li >\n\t<a href='?page_no=10753'>Previous<\/a>\n\t<\/li>\n\n\n       \n    \n\n<li><a href='?page_no=1'>1<\/a><\/li>\n\n\n\n<li><a href='?page_no=2'>2<\/a><\/li>\n\n\n\n<li><a>...<\/a><\/li>\n\n\n\n<li><a href='?page_no=10752'>10752<\/a><\/li>\n\n\n\n<li><a href='?page_no=10753'>10753<\/a><\/li>\n\n\n\n<li class='active'><a>10754<\/a><\/li>\n\n\n\n<li><a href='?page_no=10755'>10755<\/a><\/li>\n\n\n\n<li><a href='?page_no=10756'>10756<\/a><\/li>\n\n\n\n<li><a>...<\/a><\/li>\n\n\n\n<li><a href='?page_no=51012'>51012<\/a><\/li>\n\n\n\n<li><a href='?page_no=51013'>51013<\/a><\/li>\n\n    \n\t\n\n<li >\n\t<a href='?page_no=10755'>Next<\/a>\n\t<\/li>\n\n\n    \n\n<li><a href='?page_no=51013'>Last &rsaquo;&rsaquo;<\/a><\/li>\n\n<\/ul>\n\n\n--><br \/>\n<\/body><\/p>\n","protected":false},"excerpt":{"rendered":"<p>Ankara, 3 abr (PL) Turqu\u00eda, Rusia e Ir\u00e1n se reunir\u00e1n en esta capital para debatir sobre una posible extensi\u00f3n del alto el fuego en Siria, como pa\u00edses garantes del acuerdo de Astan\u00e1, seg\u00fan anunciaron hoy fuentes diplom\u00e1ticas turcas. La cumbre tripartita tendr\u00e1 lugar ma\u00f1ana en Ankara y en la misma participar\u00e1n los presidentes de Turqu\u00eda, [&hellip;]<\/p>\n","protected":false},"author":3,"featured_media":0,"comment_status":"open","ping_status":"open","sticky":false,"template":"","format":"standard","meta":{"footnotes":""},"categories":[23],"tags":[],"class_list":["post-231109","post","type-post","status-publish","format-standard","hentry","category-internacional"],"_links":{"self":[{"href":"https:\/\/diariodominicano.com\/index.php?rest_route=\/wp\/v2\/posts\/231109","targetHints":{"allow":["GET"]}}],"collection":[{"href":"https:\/\/diariodominicano.com\/index.php?rest_route=\/wp\/v2\/posts"}],"about":[{"href":"https:\/\/diariodominicano.com\/index.php?rest_route=\/wp\/v2\/types\/post"}],"author":[{"embeddable":true,"href":"https:\/\/diariodominicano.com\/index.php?rest_route=\/wp\/v2\/users\/3"}],"replies":[{"embeddable":true,"href":"https:\/\/diariodominicano.com\/index.php?rest_route=%2Fwp%2Fv2%2Fcomments&post=231109"}],"version-history":[{"count":0,"href":"https:\/\/diariodominicano.com\/index.php?rest_route=\/wp\/v2\/posts\/231109\/revisions"}],"wp:attachment":[{"href":"https:\/\/diariodominicano.com\/index.php?rest_route=%2Fwp%2Fv2%2Fmedia&parent=231109"}],"wp:term":[{"taxonomy":"category","embeddable":true,"href":"https:\/\/diariodominicano.com\/index.php?rest_route=%2Fwp%2Fv2%2Fcategories&post=231109"},{"taxonomy":"post_tag","embeddable":true,"href":"https:\/\/diariodominicano.com\/index.php?rest_route=%2Fwp%2Fv2%2Ftags&post=231109"}],"curies":[{"name":"wp","href":"https:\/\/api.w.org\/{rel}","templated":true}]}}