{"id":231107,"date":"2018-04-03T13:25:07","date_gmt":"2018-04-03T13:25:07","guid":{"rendered":"http:\/\/diariodominicano.ddns.net\/?p=231107"},"modified":"2018-04-03T13:25:07","modified_gmt":"2018-04-03T13:25:07","slug":"preocupados-expertos-por-trafico-europeo-de-mano-de-obra","status":"publish","type":"post","link":"https:\/\/diariodominicano.com\/?p=231107","title":{"rendered":"Preocupados expertos por tr\u00e1fico europeo de mano de obra"},"content":{"rendered":"<p><body><\/p>\n<p><strong>Londres, 3 abr (PL) <\/strong>Un informe del Consejo de Europa (COE) alerta hoy sobre la preocupaci\u00f3n de sus especialistas por el tr\u00e1fico de mano de obra en el viejo continente.<\/p>\n<\/p>\n<p>El reporte indica que el flujo ilegal de fuerza de trabajo supera a la explotaci\u00f3n sexual, considerada la forma predominante de esclavitud moderna.<\/p>\n<\/p>\n<p>Apuntan los expertos que tal delito predomina con fuerza en el Reino Unido, B\u00e9lgica y Portugal.<\/p>\n<\/p>\n<p>Seg\u00fan el estudio, la falta de procesamientos, condenas, las limitadas leyes laborales e inspecciones, y el miedo entre las v\u00edctimas obstaculizan los esfuerzos por enfrentar dicho flagelo.<\/p>\n<\/p>\n<p>El COE agrega que se hacen esfuerzos para frenar el tr\u00e1fico en industrias desde la agricultura hasta la construcci\u00f3n.<\/p>\n<\/p>\n<p>Al respecto, la presidenta del grupo contra el tr\u00e1fico de personas del COE, Siobhan Mullally, se\u00f1al\u00f3 que m\u00e1s y m\u00e1s personas son objeto de tr\u00e1fico para trabajar en condiciones terribles en Europa.<\/p>\n<\/p>\n<p>Aclar\u00f3 incluso que ello ocurre tanto dentro como fuera de las fronteras nacionales.<\/p>\n<\/p>\n<p>La mayor\u00eda de las v\u00edctimas de la explotaci\u00f3n laboral en Europa son hombres que trabajan en sectores como la pesca y la manufactura, mientras que las mujeres tienden a quedar atrapadas en entornos aislados, como el dom\u00e9stico.<\/p>\n<\/p>\n<p>Medios de prensa econ\u00f3mica y financieros londinenses reiteran este informe durante esta jornada, y recalcan que las v\u00edctimas a menudo son reacias a buscar ayuda porque pueden depender de sus traficantes para el trabajo, la comida y la vivienda.<\/p>\n<\/p>\n<p>Otro de los asuntos relacionados es que esas personas temen la deportaci\u00f3n o represalias si hablan.<\/p>\n<\/p>\n<p>Alrededor de 25 millones de personas en el mundo fueron v\u00edctimas de trabajos forzados en 2016, laborando en f\u00e1bricas, granjas y barcos de pesca, y como trabajadoras dom\u00e9sticas o sexuales,denunci\u00f3 la Organizaci\u00f3n Internacional del Trabajo.<\/p>\n<\/p>\n<p>oda\/rfc<\/p>\n<h6> 2018-04-03 13:25:07 <\/h6>\n<p><!--\n<link rel=\"stylesheet\" href=\"css\/bootstrap.min.css\">\n\n\n<ul class=\"pagination\">\n\t    \n\t\n\n<li >\n\t<a href='?page_no=10751'>Previous<\/a>\n\t<\/li>\n\n\n       \n    \n\n<li><a href='?page_no=1'>1<\/a><\/li>\n\n\n\n<li><a href='?page_no=2'>2<\/a><\/li>\n\n\n\n<li><a>...<\/a><\/li>\n\n\n\n<li><a href='?page_no=10750'>10750<\/a><\/li>\n\n\n\n<li><a href='?page_no=10751'>10751<\/a><\/li>\n\n\n\n<li class='active'><a>10752<\/a><\/li>\n\n\n\n<li><a href='?page_no=10753'>10753<\/a><\/li>\n\n\n\n<li><a href='?page_no=10754'>10754<\/a><\/li>\n\n\n\n<li><a>...<\/a><\/li>\n\n\n\n<li><a href='?page_no=51012'>51012<\/a><\/li>\n\n\n\n<li><a href='?page_no=51013'>51013<\/a><\/li>\n\n    \n\t\n\n<li >\n\t<a href='?page_no=10753'>Next<\/a>\n\t<\/li>\n\n\n    \n\n<li><a href='?page_no=51013'>Last &rsaquo;&rsaquo;<\/a><\/li>\n\n<\/ul>\n\n\n--><br \/>\n<\/body><\/p>\n","protected":false},"excerpt":{"rendered":"<p>Londres, 3 abr (PL) Un informe del Consejo de Europa (COE) alerta hoy sobre la preocupaci\u00f3n de sus especialistas por el tr\u00e1fico de mano de obra en el viejo continente. El reporte indica que el flujo ilegal de fuerza de trabajo supera a la explotaci\u00f3n sexual, considerada la forma predominante de esclavitud moderna. Apuntan los [&hellip;]<\/p>\n","protected":false},"author":3,"featured_media":0,"comment_status":"open","ping_status":"open","sticky":false,"template":"","format":"standard","meta":{"footnotes":""},"categories":[23],"tags":[],"class_list":["post-231107","post","type-post","status-publish","format-standard","hentry","category-internacional"],"_links":{"self":[{"href":"https:\/\/diariodominicano.com\/index.php?rest_route=\/wp\/v2\/posts\/231107","targetHints":{"allow":["GET"]}}],"collection":[{"href":"https:\/\/diariodominicano.com\/index.php?rest_route=\/wp\/v2\/posts"}],"about":[{"href":"https:\/\/diariodominicano.com\/index.php?rest_route=\/wp\/v2\/types\/post"}],"author":[{"embeddable":true,"href":"https:\/\/diariodominicano.com\/index.php?rest_route=\/wp\/v2\/users\/3"}],"replies":[{"embeddable":true,"href":"https:\/\/diariodominicano.com\/index.php?rest_route=%2Fwp%2Fv2%2Fcomments&post=231107"}],"version-history":[{"count":0,"href":"https:\/\/diariodominicano.com\/index.php?rest_route=\/wp\/v2\/posts\/231107\/revisions"}],"wp:attachment":[{"href":"https:\/\/diariodominicano.com\/index.php?rest_route=%2Fwp%2Fv2%2Fmedia&parent=231107"}],"wp:term":[{"taxonomy":"category","embeddable":true,"href":"https:\/\/diariodominicano.com\/index.php?rest_route=%2Fwp%2Fv2%2Fcategories&post=231107"},{"taxonomy":"post_tag","embeddable":true,"href":"https:\/\/diariodominicano.com\/index.php?rest_route=%2Fwp%2Fv2%2Ftags&post=231107"}],"curies":[{"name":"wp","href":"https:\/\/api.w.org\/{rel}","templated":true}]}}