{"id":231105,"date":"2018-04-03T13:29:22","date_gmt":"2018-04-03T13:29:22","guid":{"rendered":"http:\/\/diariodominicano.ddns.net\/?p=231105"},"modified":"2018-04-03T13:29:22","modified_gmt":"2018-04-03T13:29:22","slug":"inicia-conferencia-ministerial-de-mnoal-a-nivel-de-altos-funcionarios","status":"publish","type":"post","link":"https:\/\/diariodominicano.com\/?p=231105","title":{"rendered":"Inicia conferencia ministerial de Mnoal a nivel de altos funcionarios"},"content":{"rendered":"<p><body><\/p>\n<p><img decoding=\"async\" src=\"img3\/mnoal1.jpg\" \/>  <\/p>\n<p><strong> Por Mario Hubert Garrido, Enviado especial<\/strong><\/p>\n<p><strong>Bak\u00fa, 3 abr (PL)<\/strong> La presentaci\u00f3n de la agenda de la conferencia ministerial del Movimiento de Pa\u00edses No Alineados (Mnoal), a cargo de Venezuela, que ocupa la presidencia pro tempore de ese foro, signa hoy las sesiones inaugurales de esta cita que se extender\u00e1 aqu\u00ed hasta el pr\u00f3ximo viernes.<\/p>\n<\/p>\n<p>Luego tendr\u00e1n lugar en el mismo Centro de Congresos de Bak\u00fa las deliberaciones de altos funcionarios en representaci\u00f3n de los 120 naciones miembros del mecanismo integracionista.<\/p>\n<\/p>\n<p>Los principales debates se sostendr\u00e1n en tres comisiones: una de ellas sobre asuntos pol\u00edticos, otra acerca de los temas econ\u00f3micos y una tercera en torno a los problemas sociales del planeta.<\/p>\n<\/p>\n<p>De manera paralela los expertos trabajar\u00e1n en los contenidos de la Declaraci\u00f3n Final de Bak\u00fa, que evaluar\u00e1n y aprobar\u00e1n los d\u00edas jueves y viernes las representaciones de las diferentes canciller\u00edas del Mnoal y de los organismos internacionales, observadores de esta estructura multilateral.<\/p>\n<\/p>\n<p>El programa prev\u00e9 adem\u00e1s la discusi\u00f3n y aprobaci\u00f3n de una declaraci\u00f3n en solidaridad con el pueblo de Palestina, asediado constantemente por Israel con el auspicio de Estados Unidos.<\/p>\n<\/p>\n<p>A la reuni\u00f3n de la capital azerbaiyana, preparatoria de la XVIII Cumbre a nivel de jefes de Estado y\/o de Gobierno de Mnoal, que ser\u00e1 en Bak\u00fa en 2019, asisten unos 800 funcionarios y 150 periodistas de medios nacionales y extranjeros, seg\u00fan precis\u00f3 el vocero de la canciller\u00eda local, Hikmat Hajiyev.<\/p>\n<\/p>\n<p>Conformado por 120 naciones miembros, junto a 17 estados y 10 organismos internacionales con el estatus de observador, el Mnoal cumple un rol importante en el mantenimiento de la paz y seguridad internacional.<\/p>\n<\/p>\n<p>En 2011, durante la XVI Conferencia Ministerial realizada en la isla de Bali (Indonesia), la Rep\u00fablica de Azerbaiy\u00e1n se uni\u00f3 al foro tercermundista como naci\u00f3n observadora y en esta edici\u00f3n integrar\u00e1 ese bloque como Estado miembro.<\/p>\n<\/p>\n<p>El pr\u00f3ximo a\u00f1o Azerbaiy\u00e1n recibir\u00e1 de manos de Venezuela la presidencia pro tempore del Movimiento, el cual encabezar\u00e1 hasta 2022.<\/p>\n<\/p>\n<p>Los historiadores consideran la Conferencia Afro-Asi\u00e1tica de Bandung como el antecedente m\u00e1s inmediato en el camino hacia la creaci\u00f3n del Mnoal.<\/p>\n<\/p>\n<p>Esa conferencia se celebr\u00f3 del 18 al 24 de abril de 1955 y reuni\u00f3 a 29 jefes de Estado de la primera generaci\u00f3n postcolonial de l\u00edderes de los dos continentes, con el objetivo de identificar y evaluar los problemas mundiales del momento, fijar un camino hacia la coexistencia pac\u00edfica y el respeto mutuo entre todas las naciones.<\/p>\n<\/p>\n<p>En esa ocasi\u00f3n se enunciaron los principios que deber\u00edan gobernar las relaciones entre las naciones grandes y peque\u00f1as, conocidos como los &#8216;Diez Principios de Bandung&#8217;, adoptados despu\u00e9s como los objetivos de la pol\u00edtica de no alineamiento y los criterios centrales para su funcionamiento.<\/p>\n<\/p>\n<p>En 1961, se cre\u00f3 el Movimiento de Pa\u00edses No Alineados en la I Conferencia Cumbre de Belgrado, celebrada del 1 al 6 de septiembre de 1961. A esa cita asistieron 28 pa\u00edses (25 pa\u00edses miembros y tres observadores), principalmente nuevos estados independientes, y esa reuni\u00f3n tuvo una conferencia preparatoria celebrada en la ciudad de El Cairo, Egipto.<\/p>\n<\/p>\n<p>agp\/ga\/cvl<\/p>\n<\/p>\n<h6> 2018-04-03 13:29:22 <\/h6>\n<p><!--\n<link rel=\"stylesheet\" href=\"css\/bootstrap.min.css\">\n\n\n<ul class=\"pagination\">\n\t    \n\t\n\n<li >\n\t<a href='?page_no=10749'>Previous<\/a>\n\t<\/li>\n\n\n       \n    \n\n<li><a href='?page_no=1'>1<\/a><\/li>\n\n\n\n<li><a href='?page_no=2'>2<\/a><\/li>\n\n\n\n<li><a>...<\/a><\/li>\n\n\n\n<li><a href='?page_no=10748'>10748<\/a><\/li>\n\n\n\n<li><a href='?page_no=10749'>10749<\/a><\/li>\n\n\n\n<li class='active'><a>10750<\/a><\/li>\n\n\n\n<li><a href='?page_no=10751'>10751<\/a><\/li>\n\n\n\n<li><a href='?page_no=10752'>10752<\/a><\/li>\n\n\n\n<li><a>...<\/a><\/li>\n\n\n\n<li><a href='?page_no=51012'>51012<\/a><\/li>\n\n\n\n<li><a href='?page_no=51013'>51013<\/a><\/li>\n\n    \n\t\n\n<li >\n\t<a href='?page_no=10751'>Next<\/a>\n\t<\/li>\n\n\n    \n\n<li><a href='?page_no=51013'>Last &rsaquo;&rsaquo;<\/a><\/li>\n\n<\/ul>\n\n\n--><br \/>\n<\/body><\/p>\n","protected":false},"excerpt":{"rendered":"<p>Por Mario Hubert Garrido, Enviado especial Bak\u00fa, 3 abr (PL) La presentaci\u00f3n de la agenda de la conferencia ministerial del Movimiento de Pa\u00edses No Alineados (Mnoal), a cargo de Venezuela, que ocupa la presidencia pro tempore de ese foro, signa hoy las sesiones inaugurales de esta cita que se extender\u00e1 aqu\u00ed hasta el pr\u00f3ximo viernes. [&hellip;]<\/p>\n","protected":false},"author":3,"featured_media":0,"comment_status":"open","ping_status":"open","sticky":false,"template":"","format":"standard","meta":{"footnotes":""},"categories":[23],"tags":[],"class_list":["post-231105","post","type-post","status-publish","format-standard","hentry","category-internacional"],"_links":{"self":[{"href":"https:\/\/diariodominicano.com\/index.php?rest_route=\/wp\/v2\/posts\/231105","targetHints":{"allow":["GET"]}}],"collection":[{"href":"https:\/\/diariodominicano.com\/index.php?rest_route=\/wp\/v2\/posts"}],"about":[{"href":"https:\/\/diariodominicano.com\/index.php?rest_route=\/wp\/v2\/types\/post"}],"author":[{"embeddable":true,"href":"https:\/\/diariodominicano.com\/index.php?rest_route=\/wp\/v2\/users\/3"}],"replies":[{"embeddable":true,"href":"https:\/\/diariodominicano.com\/index.php?rest_route=%2Fwp%2Fv2%2Fcomments&post=231105"}],"version-history":[{"count":0,"href":"https:\/\/diariodominicano.com\/index.php?rest_route=\/wp\/v2\/posts\/231105\/revisions"}],"wp:attachment":[{"href":"https:\/\/diariodominicano.com\/index.php?rest_route=%2Fwp%2Fv2%2Fmedia&parent=231105"}],"wp:term":[{"taxonomy":"category","embeddable":true,"href":"https:\/\/diariodominicano.com\/index.php?rest_route=%2Fwp%2Fv2%2Fcategories&post=231105"},{"taxonomy":"post_tag","embeddable":true,"href":"https:\/\/diariodominicano.com\/index.php?rest_route=%2Fwp%2Fv2%2Ftags&post=231105"}],"curies":[{"name":"wp","href":"https:\/\/api.w.org\/{rel}","templated":true}]}}