{"id":231102,"date":"2018-04-04T08:00:08","date_gmt":"2018-04-04T08:00:08","guid":{"rendered":"http:\/\/diariodominicano.ddns.net\/?p=231102"},"modified":"2018-04-04T08:00:08","modified_gmt":"2018-04-04T08:00:08","slug":"senado-haitiano-aprueba-proyecto-de-ley-en-favor-de-la-mujer","status":"publish","type":"post","link":"https:\/\/diariodominicano.com\/?p=231102","title":{"rendered":"Senado haitiano aprueba proyecto de ley en favor de la mujer"},"content":{"rendered":"<p><body><\/p>\n<p><img decoding=\"async\" src=\"img3\/SenadoHaitiano4.jpg\" \/>  <\/p>\n<p><span class=\"text1noticias\">Puerto Pr\u00edncipe, 4 abr (PL) El senado haitiano aprob\u00f3 por mayor\u00eda un proyecto de ley sobre la prevenci\u00f3n, sanci\u00f3n y eliminaci\u00f3n de violencia contra las mujeres, que pretende frenar este flagelo en la sociedad, trascendi\u00f3 hoy.<\/span><\/p>\n<p><span class=\"text1noticias\"> <\/span><\/p>\n<p><span class=\"text1noticias\">Dieudonn\u00e9 Luma, \u00fanica senadora del Parlamento, present\u00f3 el texto y subray\u00f3 las consecuencias da\u00f1inas de la violencia para el desarrollo social.<\/span><\/p>\n<p><span class=\"text1noticias\"> <\/span><\/p>\n<p><span class=\"text1noticias\">&#8216;Cuando las mujeres est\u00e1n protegidas, los ni\u00f1os y las familias est\u00e1n protegidos tambi\u00e9n&#8217;, enfatiz\u00f3.<\/span><\/p>\n<p><span class=\"text1noticias\"> <\/span><\/p>\n<p><span class=\"text1noticias\">La senadora divulg\u00f3 el proyecto este martes, cuando Hait\u00ed conmemor\u00f3 el 32 aniversario de la jornada del Movimiento Femenino, fecha instaurada a prop\u00f3sito de la primera gran manifestaci\u00f3n que exigi\u00f3 los derechos de las f\u00e9minas en el pa\u00eds.<\/span><\/p>\n<p><span class=\"text1noticias\"> <\/span><\/p>\n<p><span class=\"text1noticias\">Este es un paso importante en la lucha contra la violencia de g\u00e9nero, se\u00f1al\u00f3 Luma y agreg\u00f3 que es un hito en la defensa de las mujeres haitianas.<\/span><\/p>\n<p><span class=\"text1noticias\"> <\/span><\/p>\n<p><span class=\"text1noticias\">En la plenaria, los senadores aprobaron tambi\u00e9n la ley sobre el reconocimiento y validaci\u00f3n de la experiencia profesional adquirida, votada previamente por la C\u00e1mara de Diputados, as\u00ed como el proyecto de ley que reforma el estatus del comerciante y los actos de comercio, y organiza el registro merca<\/span>ntil.<\/p>\n<h6> 2018-04-04 08:00:08 <\/h6>\n<p><!--\n<link rel=\"stylesheet\" href=\"css\/bootstrap.min.css\">\n\n\n<ul class=\"pagination\">\n\t    \n\t\n\n<li >\n\t<a href='?page_no=10747'>Previous<\/a>\n\t<\/li>\n\n\n       \n    \n\n<li><a href='?page_no=1'>1<\/a><\/li>\n\n\n\n<li><a href='?page_no=2'>2<\/a><\/li>\n\n\n\n<li><a>...<\/a><\/li>\n\n\n\n<li><a href='?page_no=10746'>10746<\/a><\/li>\n\n\n\n<li><a href='?page_no=10747'>10747<\/a><\/li>\n\n\n\n<li class='active'><a>10748<\/a><\/li>\n\n\n\n<li><a href='?page_no=10749'>10749<\/a><\/li>\n\n\n\n<li><a href='?page_no=10750'>10750<\/a><\/li>\n\n\n\n<li><a>...<\/a><\/li>\n\n\n\n<li><a href='?page_no=51012'>51012<\/a><\/li>\n\n\n\n<li><a href='?page_no=51013'>51013<\/a><\/li>\n\n    \n\t\n\n<li >\n\t<a href='?page_no=10749'>Next<\/a>\n\t<\/li>\n\n\n    \n\n<li><a href='?page_no=51013'>Last &rsaquo;&rsaquo;<\/a><\/li>\n\n<\/ul>\n\n\n--><br \/>\n<\/body><\/p>\n","protected":false},"excerpt":{"rendered":"<p>Puerto Pr\u00edncipe, 4 abr (PL) El senado haitiano aprob\u00f3 por mayor\u00eda un proyecto de ley sobre la prevenci\u00f3n, sanci\u00f3n y eliminaci\u00f3n de violencia contra las mujeres, que pretende frenar este flagelo en la sociedad, trascendi\u00f3 hoy. Dieudonn\u00e9 Luma, \u00fanica senadora del Parlamento, present\u00f3 el texto y subray\u00f3 las consecuencias da\u00f1inas de la violencia para el [&hellip;]<\/p>\n","protected":false},"author":3,"featured_media":0,"comment_status":"open","ping_status":"open","sticky":false,"template":"","format":"standard","meta":{"footnotes":""},"categories":[23],"tags":[],"class_list":["post-231102","post","type-post","status-publish","format-standard","hentry","category-internacional"],"_links":{"self":[{"href":"https:\/\/diariodominicano.com\/index.php?rest_route=\/wp\/v2\/posts\/231102","targetHints":{"allow":["GET"]}}],"collection":[{"href":"https:\/\/diariodominicano.com\/index.php?rest_route=\/wp\/v2\/posts"}],"about":[{"href":"https:\/\/diariodominicano.com\/index.php?rest_route=\/wp\/v2\/types\/post"}],"author":[{"embeddable":true,"href":"https:\/\/diariodominicano.com\/index.php?rest_route=\/wp\/v2\/users\/3"}],"replies":[{"embeddable":true,"href":"https:\/\/diariodominicano.com\/index.php?rest_route=%2Fwp%2Fv2%2Fcomments&post=231102"}],"version-history":[{"count":0,"href":"https:\/\/diariodominicano.com\/index.php?rest_route=\/wp\/v2\/posts\/231102\/revisions"}],"wp:attachment":[{"href":"https:\/\/diariodominicano.com\/index.php?rest_route=%2Fwp%2Fv2%2Fmedia&parent=231102"}],"wp:term":[{"taxonomy":"category","embeddable":true,"href":"https:\/\/diariodominicano.com\/index.php?rest_route=%2Fwp%2Fv2%2Fcategories&post=231102"},{"taxonomy":"post_tag","embeddable":true,"href":"https:\/\/diariodominicano.com\/index.php?rest_route=%2Fwp%2Fv2%2Ftags&post=231102"}],"curies":[{"name":"wp","href":"https:\/\/api.w.org\/{rel}","templated":true}]}}