{"id":231089,"date":"2018-04-05T11:29:22","date_gmt":"2018-04-05T11:29:22","guid":{"rendered":"http:\/\/diariodominicano.ddns.net\/?p=231089"},"modified":"2018-04-05T11:29:22","modified_gmt":"2018-04-05T11:29:22","slug":"expectativa-de-prision-de-lula-da-silva-redefine-escenario-electoral-en-brasil","status":"publish","type":"post","link":"https:\/\/diariodominicano.com\/?p=231089","title":{"rendered":"Expectativa de prisi\u00f3n de Lula da Silva redefine escenario electoral en Brasil"},"content":{"rendered":"<p><body><\/p>\n<p><img decoding=\"async\" src=\"img3\/Lula5.jpg\" \/>  <\/p>\n<p><span class=\"text1noticias\">     BRASILIA, 5 abr (Xinhua) &#8212; La decisi\u00f3n del Supremo Tribunal Federal (STF) de Brasil de negar el habeas corpus solicitado por la defensa del ex presidente Luiz In\u00e1cio Lula da Silva para evitar su prisi\u00f3n impacta directamente en el escenario electoral, al dejar fuera de la disputa al candidato favorito en las encuestas de intenci\u00f3n del voto.<\/span><\/p>\n<p><span class=\"text1noticias\"> <\/span><\/p>\n<p><span class=\"text1noticias\">     Especialistas indican que el ex presidente Lula da Silva (2003-2010) podr\u00eda ser preso en tres semanas, para comenzar a cumplir la condena a 12 a\u00f1os un mes de prisi\u00f3n por los delitos de corrupci\u00f3n pasiva y lavado de dinero.<\/span><\/p>\n<p><span class=\"text1noticias\"> <\/span><\/p>\n<p><span class=\"text1noticias\">     Aunque el Partido de los Trabajadores (PT) afirm\u00f3 luego de la decisi\u00f3n de la Corte que mantendr\u00e1 la candidatura del ex presidente, el propio Lula da Silva admiti\u00f3 a sus allegados que est\u00e1 virtualmente fuera de la carrera presidencial.<\/span><\/p>\n<p><span class=\"text1noticias\"> <\/span><\/p>\n<p><span class=\"text1noticias\">     La presidenta del PT, Gleisi Hoffmann, declar\u00f3 que la candidatura ser\u00e1 registrada de todos modos, aunque haya pocas posibilidades de que Lula pueda participar en la disputa presidencial, debido a la Ley de la Ficha Limpia, que impide la postulaci\u00f3n de pol\u00edticos condenados por la Justicia.<\/span><\/p>\n<p><span class=\"text1noticias\"> <\/span><\/p>\n<p><span class=\"text1noticias\">     A seis meses de la primera vuelta electoral, prevista para inicios de octubre pr\u00f3ximo, Lula da Silva lideraba los sondeos de intenci\u00f3n de voto con cerca de 35 por ciento de las preferencias y un amplio margen sobre todos sus adversarios para la segunda vuelta.<\/span><\/p>\n<p><span class=\"text1noticias\"> <\/span><\/p>\n<p><span class=\"text1noticias\">     La estrategia petista ser\u00eda sostener la candidatura de Lula el m\u00e1ximo tiempo posible, mostr\u00e1ndolo como un perseguido pol\u00edtico y registrar a \u00faltima hora a otro candidato con la esperanza de que sea identificado como su representante.<\/span><\/p>\n<p><span class=\"text1noticias\"> <\/span><\/p>\n<p><span class=\"text1noticias\">     La posibilidad de que el ex mandatario pueda transferir los votos a otro candidato del PT es una inc\u00f3gnita, como al ex alcalde de Sao Paulo, Fernando Haddad, o al ex gobernador de Bah\u00eda, Jaques Wagner,<\/span><\/p>\n<p><span class=\"text1noticias\"> <\/span><\/p>\n<p><span class=\"text1noticias\">     En esas condiciones, el tablero electoral gana mayor incertidumbre, con varios candidatos que pueden beneficiarse de la exclusi\u00f3n del ex presidente.<\/span><\/p>\n<p><span class=\"text1noticias\"> <\/span><\/p>\n<p><span class=\"text1noticias\">     Los \u00faltimos sondeos divulgados el mes pasado mostraban que en caso de que Lula da Silva quedara fuera de la disputa, el diputado de derecha Jair Bolsonaro, del Partido Social Liberal (PSL), liderar\u00eda con 20 por ciento de las intenciones de voto.<\/span><\/p>\n<p><span class=\"text1noticias\"> <\/span><\/p>\n<p><span class=\"text1noticias\">     La ex ministra de Medio Ambiente, Marina Silva, de la Red Sustentabilidad, se ubicar\u00eda en segundo lugar, con 14 por ciento de las preferencias.<\/span><\/p>\n<p><span class=\"text1noticias\"> <\/span><\/p>\n<p><span class=\"text1noticias\">     M\u00e1s atr\u00e1s se ubicar\u00eda el gobernador de Sao Paulo, Geraldo Alckmin, del Partido Social Dem\u00f3crata Brasile\u00f1o (PSDB), con 9 por ciento; mientras que el ex ministro de Hacienda, Ciro Gomes, del Partido Laborista Brasile\u00f1o (PDT), alcanzaba el 8 por ciento.<\/span><\/p>\n<p><span class=\"text1noticias\"> <\/span><\/p>\n<p><span class=\"text1noticias\">     Podr\u00eda terciar tambi\u00e9n en la disputa una candidatura del gobierno del presidente Michel Temer, encabezada por el propio mandatario o por el ministro de Hacienda, Henrique Meirelles, por el Movimiento Democr\u00e1tico Brasile\u00f1o (MDB).<\/span><\/p>\n<p><span class=\"text1noticias\"> <\/span><\/p>\n<p><span class=\"text1noticias\">     Las pretensiones de Temer de obtener la reelecci\u00f3n o conseguir elegir un sucesor chocan con la fuerte impopularidad del gobierno y la d\u00e9bil recuperaci\u00f3n econ\u00f3mica, que demora en llegar al d\u00eda a d\u00eda de los electores.<\/span><\/p>\n<p><span class=\"text1noticias\"> <\/span><\/p>\n<p><span class=\"text1noticias\">     Si bien Bolsonaro aparece en primera instancia como el probable l\u00edder en el nuevo escenario electoral, los analistas llaman la atenci\u00f3n de que gran parte de su popularidad derivaba de aparecer como un contrapunto derechista a Lula da Silva.<\/span><\/p>\n<p><span class=\"text1noticias\"> <\/span><\/p>\n<p><span class=\"text1noticias\">     La exclusi\u00f3n del ex presidente del proceso electoral podr\u00eda reducir atractivo de Bolsonaro para muchos electores y eventualmente favorecer candidaturas m\u00e1s hacia el centro del espectro pol\u00edtico.<\/span><\/p>\n<p><span class=\"text1noticias\"> <\/span><\/p>\n<p><span class=\"text1noticias\">     Hacia la izquierda, Ciro Gomes, un pol\u00edtico de origen en el noreste, al igual que Lula da Silva, podr\u00eda recoger parte de los votos que iban para el ex presidente, en especial por levantar banderas como la defensa de la soberan\u00eda nacional y una inserci\u00f3n independiente de Brasil en el mundo.<\/span><\/p>\n<p><span class=\"text1noticias\"> <\/span><\/p>\n<p><span class=\"text1noticias\">     Marina Silva, una ambientalista de renombre mundial, puede ganar impulso a partir del repudio generalizado del electorado a la corrupci\u00f3n en la pol\u00edtica, pero sufre por la falta de una estructura partidaria s\u00f3lida y de alcance nacional, lo que la obliga a depender de alianzas con otras fuerzas pol\u00edticas.<\/span><\/p>\n<p><span class=\"text1noticias\"> <\/span><\/p>\n<p><span class=\"text1noticias\">     El gobernador paulista Alckmin, en cambio, cuenta con el aparato del PSDB, el gran rival del PT en las \u00faltimas seis elecciones presidenciales, y con el apoyo del poderoso empresariado de Sao Paulo, el coraz\u00f3n econ\u00f3mico del pa\u00eds.<\/span><\/p>\n<p><span class=\"text1noticias\"> <\/span><\/p>\n<p><span class=\"text1noticias\">     La evoluci\u00f3n del cuadro electoral depender\u00e1 igualmente de la temperatura del debate pol\u00edtico, que en las semanas previas al fallo del STF alcanz\u00f3 niveles peligrosos, debido a las pasiones que levanta a favor y en contra el ex presidente Lula da Silva.<\/span><\/p>\n<p><span class=\"text1noticias\"> <\/span><\/p>\n<p><span class=\"text1noticias\">     La tensi\u00f3n gan\u00f3 contornos in\u00e9ditos en los \u00faltimos a\u00f1os, inclusive por la manifestaci\u00f3n del jefe del Ej\u00e9rcito, general Vilas Boas, quien horas antes de la sesi\u00f3n de la Corte advirti\u00f3 que los militares esperaban \u00abel fin de la impunidad\u00bb.<\/span><\/p>\n<p><span class=\"text1noticias\"> <\/span><\/p>\n<p><span class=\"text1noticias\">     El mensaje fue interpretado como un condicionamiento al m\u00e1ximo tribunal, levantando fuerte cr\u00edticas de asociaciones de magistrados, dirigentes pol\u00edticos y medios de comunicaci\u00f3n, por considerarlo una expresi\u00f3n ajena a los marcos constitucionales.<\/span><\/p>\n<p><span class=\"text1noticias\"> <\/span><\/p>\n<p><span class=\"text1noticias\">     La expectativa de que el proceso electoral pacificara, a trav\u00e9s del voto popular, los efectos de la crisis pol\u00edtica cr\u00f3nica en que est\u00e1 sumido Brasil desde 2013, parece diluirse ante los \u00faltimos acontecimientos.<\/span><\/p>\n<p><span class=\"text1noticias\"> <\/span><\/p>\n<p><span class=\"text1noticias\">     Los realineamientos pol\u00edticos y el clima social en las pr\u00f3ximas semanas deben traer algunos indicios para despejar el panorama de las elecciones m\u00e1s inciertas en la histori<\/span>a reciente brasile\u00f1a. <\/p>\n<h6> 2018-04-05 11:29:22 <\/h6>\n<p><!--\n<link rel=\"stylesheet\" href=\"css\/bootstrap.min.css\">\n\n\n<ul class=\"pagination\">\n\t    \n\t\n\n<li >\n\t<a href='?page_no=10735'>Previous<\/a>\n\t<\/li>\n\n\n       \n    \n\n<li><a href='?page_no=1'>1<\/a><\/li>\n\n\n\n<li><a href='?page_no=2'>2<\/a><\/li>\n\n\n\n<li><a>...<\/a><\/li>\n\n\n\n<li><a href='?page_no=10734'>10734<\/a><\/li>\n\n\n\n<li><a href='?page_no=10735'>10735<\/a><\/li>\n\n\n\n<li class='active'><a>10736<\/a><\/li>\n\n\n\n<li><a href='?page_no=10737'>10737<\/a><\/li>\n\n\n\n<li><a href='?page_no=10738'>10738<\/a><\/li>\n\n\n\n<li><a>...<\/a><\/li>\n\n\n\n<li><a href='?page_no=51012'>51012<\/a><\/li>\n\n\n\n<li><a href='?page_no=51013'>51013<\/a><\/li>\n\n    \n\t\n\n<li >\n\t<a href='?page_no=10737'>Next<\/a>\n\t<\/li>\n\n\n    \n\n<li><a href='?page_no=51013'>Last &rsaquo;&rsaquo;<\/a><\/li>\n\n<\/ul>\n\n\n--><br \/>\n<\/body><\/p>\n","protected":false},"excerpt":{"rendered":"<p>BRASILIA, 5 abr (Xinhua) &#8212; La decisi\u00f3n del Supremo Tribunal Federal (STF) de Brasil de negar el habeas corpus solicitado por la defensa del ex presidente Luiz In\u00e1cio Lula da Silva para evitar su prisi\u00f3n impacta directamente en el escenario electoral, al dejar fuera de la disputa al candidato favorito en las encuestas de intenci\u00f3n [&hellip;]<\/p>\n","protected":false},"author":3,"featured_media":0,"comment_status":"open","ping_status":"open","sticky":false,"template":"","format":"standard","meta":{"footnotes":""},"categories":[23],"tags":[],"class_list":["post-231089","post","type-post","status-publish","format-standard","hentry","category-internacional"],"_links":{"self":[{"href":"https:\/\/diariodominicano.com\/index.php?rest_route=\/wp\/v2\/posts\/231089","targetHints":{"allow":["GET"]}}],"collection":[{"href":"https:\/\/diariodominicano.com\/index.php?rest_route=\/wp\/v2\/posts"}],"about":[{"href":"https:\/\/diariodominicano.com\/index.php?rest_route=\/wp\/v2\/types\/post"}],"author":[{"embeddable":true,"href":"https:\/\/diariodominicano.com\/index.php?rest_route=\/wp\/v2\/users\/3"}],"replies":[{"embeddable":true,"href":"https:\/\/diariodominicano.com\/index.php?rest_route=%2Fwp%2Fv2%2Fcomments&post=231089"}],"version-history":[{"count":0,"href":"https:\/\/diariodominicano.com\/index.php?rest_route=\/wp\/v2\/posts\/231089\/revisions"}],"wp:attachment":[{"href":"https:\/\/diariodominicano.com\/index.php?rest_route=%2Fwp%2Fv2%2Fmedia&parent=231089"}],"wp:term":[{"taxonomy":"category","embeddable":true,"href":"https:\/\/diariodominicano.com\/index.php?rest_route=%2Fwp%2Fv2%2Fcategories&post=231089"},{"taxonomy":"post_tag","embeddable":true,"href":"https:\/\/diariodominicano.com\/index.php?rest_route=%2Fwp%2Fv2%2Ftags&post=231089"}],"curies":[{"name":"wp","href":"https:\/\/api.w.org\/{rel}","templated":true}]}}