{"id":231083,"date":"2018-04-05T13:43:18","date_gmt":"2018-04-05T13:43:18","guid":{"rendered":"http:\/\/diariodominicano.ddns.net\/?p=231083"},"modified":"2018-04-05T13:43:18","modified_gmt":"2018-04-05T13:43:18","slug":"alemania-reclama-adoptar-medidas-contra-facebook-en-toda-europa","status":"publish","type":"post","link":"https:\/\/diariodominicano.com\/?p=231083","title":{"rendered":"Alemania reclama adoptar medidas contra Facebook en toda Europa"},"content":{"rendered":"<p><body><\/p>\n<p><img decoding=\"async\" src=\"img3\/FB-alemania5.jpg\" \/>  <\/p>\n<p><span class=\"text1noticias\">Berl\u00edn, 5 abr (PL) Alemania reclam\u00f3 hoy que se adopten medidas contra la red social Facebook a nivel europeo por la filtraci\u00f3n de datos de millones de sus usuarios, tras el reciente esc\u00e1ndalo con la consultora brit\u00e1nica Cambridge Analytica (CA).<\/span><\/p>\n<p><span class=\"text1noticias\"> <\/span><\/p>\n<p><span class=\"text1noticias\">La ministra germana de Justicia, Katarina Barley, insisti\u00f3 este jueves en la necesidad de implementar una nueva orden de protecci\u00f3n de datos en Europa, con el fin de legislar requisitos claros para los gestores de redes sociales.<\/span><\/p>\n<p><span class=\"text1noticias\"> <\/span><\/p>\n<p><span class=\"text1noticias\">Barley se\u00f1al\u00f3 la falta de transparencia en las acciones de la plataforma online, la cual en su opini\u00f3n sacrific\u00f3 las convicciones \u00e9ticas en favor del comercio y traicion\u00f3 la confianza de sus internautas.<\/span><\/p>\n<p><span class=\"text1noticias\"> <\/span><\/p>\n<p><span class=\"text1noticias\">La ministra se reuni\u00f3 la semana pasada en Berl\u00edn con representantes de Facebook en la regi\u00f3n para conocer detalles sobre el impacto que el esc\u00e1ndalo de la filtraci\u00f3n masiva de datos podr\u00eda tener en Alemania.<\/span><\/p>\n<p><span class=\"text1noticias\"> <\/span><\/p>\n<p><span class=\"text1noticias\">Seg\u00fan la diplom\u00e1tica y de acuerdo con la informaci\u00f3n de la red social, de las 300 mil personas que descargaron la aplicaci\u00f3n, alrededor de un uno por ciento eran ciudadanos europeos, entre ellos alemanes.<\/span><\/p>\n<p><span class=\"text1noticias\"> <\/span><\/p>\n<p><span class=\"text1noticias\">Tras el encuentro, Barley asegur\u00f3 que todav\u00eda no est\u00e1 claro la cantidad de nacionales afectados por el incidente, pero el Gobierno de este pa\u00eds exigi\u00f3 explicaciones a la compa\u00f1\u00eda.<\/span><\/p>\n<p><span class=\"text1noticias\"> <\/span><\/p>\n<p><span class=\"text1noticias\">Asimismo enfatiz\u00f3 que Berl\u00edn reforzar\u00e1 su vigilancia a firmas como Facebook, a quien tambi\u00e9n exigieron la responsabilidad de informar de inmediato a los usuarios sobre la utilizaci\u00f3n de sus datos privados por terceros.<\/span><\/p>\n<p><span class=\"text1noticias\"> <\/span><\/p>\n<p><span class=\"text1noticias\">El pasado mes, los diarios The New York Times y The Observer revelaron que CA obtuvo en 2014 informaci\u00f3n de 50 millones de internautas en Estados Unidos para influir en las decisiones de los votantes.<\/span><\/p>\n<p><span class=\"text1noticias\"> <\/span><\/p>\n<p><span class=\"text1noticias\">Recientemente, Facebook reconoci\u00f3 que la cifra de usuarios afectados asciende a unos 87 millones de personas y reiter\u00f3 en varios escenarios sus disculpas por violar la protecci\u00f3n de datos personales.<\/span><\/p>\n<p><span class=\"text1noticias\"> <\/span><\/p>\n<p><span class=\"text1noticias\">Las informaciones presuntamente fueron recopiladas a trav\u00e9s de una aplicaci\u00f3n de predicci\u00f3n de personalidad llamada This is your digital life (Esta es tu vida digital), desarrollada por un profesor de la Universidad de Cambridge, en Reino Unido.<\/span><\/p>\n<p><span class=\"text1noticias\"> <\/span><\/p>\n<p><span class=\"text1noticias\">Mediante un cuestionario de personalidad se recopilaron datos de 270 mil usuarios de Facebook y la informaci\u00f3n p\u00fablica de s<\/span>us amigos.<\/p>\n<h6> 2018-04-05 13:43:18 <\/h6>\n<p><!--\n<link rel=\"stylesheet\" href=\"css\/bootstrap.min.css\">\n\n\n<ul class=\"pagination\">\n\t    \n\t\n\n<li >\n\t<a href='?page_no=10729'>Previous<\/a>\n\t<\/li>\n\n\n       \n    \n\n<li><a href='?page_no=1'>1<\/a><\/li>\n\n\n\n<li><a href='?page_no=2'>2<\/a><\/li>\n\n\n\n<li><a>...<\/a><\/li>\n\n\n\n<li><a href='?page_no=10728'>10728<\/a><\/li>\n\n\n\n<li><a href='?page_no=10729'>10729<\/a><\/li>\n\n\n\n<li class='active'><a>10730<\/a><\/li>\n\n\n\n<li><a href='?page_no=10731'>10731<\/a><\/li>\n\n\n\n<li><a href='?page_no=10732'>10732<\/a><\/li>\n\n\n\n<li><a>...<\/a><\/li>\n\n\n\n<li><a href='?page_no=51012'>51012<\/a><\/li>\n\n\n\n<li><a href='?page_no=51013'>51013<\/a><\/li>\n\n    \n\t\n\n<li >\n\t<a href='?page_no=10731'>Next<\/a>\n\t<\/li>\n\n\n    \n\n<li><a href='?page_no=51013'>Last &rsaquo;&rsaquo;<\/a><\/li>\n\n<\/ul>\n\n\n--><br \/>\n<\/body><\/p>\n","protected":false},"excerpt":{"rendered":"<p>Berl\u00edn, 5 abr (PL) Alemania reclam\u00f3 hoy que se adopten medidas contra la red social Facebook a nivel europeo por la filtraci\u00f3n de datos de millones de sus usuarios, tras el reciente esc\u00e1ndalo con la consultora brit\u00e1nica Cambridge Analytica (CA). La ministra germana de Justicia, Katarina Barley, insisti\u00f3 este jueves en la necesidad de implementar [&hellip;]<\/p>\n","protected":false},"author":3,"featured_media":0,"comment_status":"open","ping_status":"open","sticky":false,"template":"","format":"standard","meta":{"footnotes":""},"categories":[23],"tags":[],"class_list":["post-231083","post","type-post","status-publish","format-standard","hentry","category-internacional"],"_links":{"self":[{"href":"https:\/\/diariodominicano.com\/index.php?rest_route=\/wp\/v2\/posts\/231083","targetHints":{"allow":["GET"]}}],"collection":[{"href":"https:\/\/diariodominicano.com\/index.php?rest_route=\/wp\/v2\/posts"}],"about":[{"href":"https:\/\/diariodominicano.com\/index.php?rest_route=\/wp\/v2\/types\/post"}],"author":[{"embeddable":true,"href":"https:\/\/diariodominicano.com\/index.php?rest_route=\/wp\/v2\/users\/3"}],"replies":[{"embeddable":true,"href":"https:\/\/diariodominicano.com\/index.php?rest_route=%2Fwp%2Fv2%2Fcomments&post=231083"}],"version-history":[{"count":0,"href":"https:\/\/diariodominicano.com\/index.php?rest_route=\/wp\/v2\/posts\/231083\/revisions"}],"wp:attachment":[{"href":"https:\/\/diariodominicano.com\/index.php?rest_route=%2Fwp%2Fv2%2Fmedia&parent=231083"}],"wp:term":[{"taxonomy":"category","embeddable":true,"href":"https:\/\/diariodominicano.com\/index.php?rest_route=%2Fwp%2Fv2%2Fcategories&post=231083"},{"taxonomy":"post_tag","embeddable":true,"href":"https:\/\/diariodominicano.com\/index.php?rest_route=%2Fwp%2Fv2%2Ftags&post=231083"}],"curies":[{"name":"wp","href":"https:\/\/api.w.org\/{rel}","templated":true}]}}