{"id":231081,"date":"2018-04-05T13:55:21","date_gmt":"2018-04-05T13:55:21","guid":{"rendered":"http:\/\/diariodominicano.ddns.net\/?p=231081"},"modified":"2018-04-05T13:55:21","modified_gmt":"2018-04-05T13:55:21","slug":"lula-da-silva-la-figura-que-divide-aguas-en-la-politica-brasilena","status":"publish","type":"post","link":"https:\/\/diariodominicano.com\/?p=231081","title":{"rendered":"Lula da Silva, la figura que divide aguas en la pol\u00edtica brasile\u00f1a"},"content":{"rendered":"<p><body><\/p>\n<p><span class=\"text1noticias\">    Por Edgardo Loguercio<\/span><\/p>\n<p><span class=\"text1noticias\"> <\/span><\/p>\n<p><span class=\"text1noticias\">     BRASILIA, 5 abr (Xinhua) &#8212; Desde su aparici\u00f3n en la vida p\u00fablica a fines de la d\u00e9cada de los 70 del siglo pasado como l\u00edder de las grandes huelgas contra el r\u00e9gimen militar, el ex presidente brasile\u00f1o Luiz In\u00e1cio Lula da Silva (2003-2010) se convirti\u00f3 en la figura central de la pol\u00edtica brasile\u00f1a.<\/span><\/p>\n<p><span class=\"text1noticias\"> <\/span><\/p>\n<p><span class=\"text1noticias\">     Nacido en una familia pobre del estado de Pernambuco, en el noreste del pa\u00eds, Lula recorri\u00f3 un largo camino que lo llev\u00f3 a convertirse, luego de dos mandatos consecutivos entre 2003 y 2010, como el presidente m\u00e1s popular en la historia de Brasil, con 80 por ciento de aprobaci\u00f3n.<\/span><\/p>\n<p><span class=\"text1noticias\"> <\/span><\/p>\n<p><span class=\"text1noticias\">     El rechazo del habeas corpus para Lula por parte de la Corte Suprema la madrugada de este jueves que lo pone al borde de la prisi\u00f3n, es un contrapunto dram\u00e1tico en la trayectoria de uno de los personajes emblem\u00e1ticos de la historia reciente de Am\u00e9rica Latina.<\/span><\/p>\n<p><span class=\"text1noticias\"> <\/span><\/p>\n<p><span class=\"text1noticias\">     Fundador del Partido de los Trabajadores (PT) y de la Central \u00danica de Trabajadores (CUT), Lula puso en la agenda pol\u00edtica brasile\u00f1a la cuesti\u00f3n del hambre y la pobreza, de una manera que hasta sus m\u00e1s ac\u00e9rrimos adversarios pol\u00edticos se vieron obligados a adoptar.<\/span><\/p>\n<p><span class=\"text1noticias\"> <\/span><\/p>\n<p><span class=\"text1noticias\">     Fue promotor de la Bolsa Familia, el mayor programa de transferencia de renta que auxili\u00f3 a 13 millones de familias y l\u00edder de un gobierno que concili\u00f3 las demandas de los sectores desfavorecidos con las de la \u00e9lite econ\u00f3mica.<\/span><\/p>\n<p><span class=\"text1noticias\"> <\/span><\/p>\n<p><span class=\"text1noticias\">     Impulsada por el llamado \u00abboom de las commodities\u00bb, la econom\u00eda brasile\u00f1a pudo ser estabilizada luego de a\u00f1os de zozobra, alcanzando un crecimiento sostenido que permiti\u00f3 sacar a millones de brasile\u00f1os de la pobreza.<\/span><\/p>\n<p><span class=\"text1noticias\"> <\/span><\/p>\n<p><span class=\"text1noticias\">     Con una pol\u00edtica internacional activa y universal, fortaleciendo las alianzas tradicionales con Estados Unidos y Europa, y promoviendo al mismo tiempo las relaciones Sur-Sur, Lula gan\u00f3 proyecci\u00f3n.<\/span><\/p>\n<p><span class=\"text1noticias\"> <\/span><\/p>\n<p><span class=\"text1noticias\">     El ex presidente estadounidense, Barack Obama (2009-2017), grafic\u00f3 esa proyecci\u00f3n al calificarlo en una reuni\u00f3n de l\u00edderes internacionales en 2010 como \u00ab\u00e9ste es el hombre\u00bb (\u00abthis is the guy\u00bb), en un momento en que la estrella de Lula alcanzaba su brillo m\u00e1ximo.<\/span><\/p>\n<p><span class=\"text1noticias\"> <\/span><\/p>\n<p><span class=\"text1noticias\">     Los impactos de la crisis econ\u00f3mica internacional y los esc\u00e1ndalos de corrupci\u00f3n que salpicaron al PT y sus aliados erosionaron la figura de Lula despu\u00e9s de que dejara la Presidencia.<\/span><\/p>\n<p><span class=\"text1noticias\"> <\/span><\/p>\n<p><span class=\"text1noticias\">     Ese desgaste se profundiz\u00f3 en 2015 con el inicio de una severa recesi\u00f3n econ\u00f3mica durante el gobierno de su sucesora y ahijada pol\u00edtica, Dilma Rousseff, quien acab\u00f3 perdiendo el cargo a mediados de 2016 en un convulsionado proceso de \u00abimpeachment\u00bb (juicio pol\u00edtico).<\/span><\/p>\n<p><span class=\"text1noticias\"> <\/span><\/p>\n<p><span class=\"text1noticias\">     En esas circunstancias, el ex presidente fue blanco de la Operaci\u00f3n Lava Jato (Lavadero) que, con base en las delaciones premiadas de altos ejecutivos de empresas proveedoras de la petrolera estatal Petrobras, llevaron a la c\u00e1rcel a notorios dirigentes pol\u00edticos y empresarios.<\/span><\/p>\n<p><span class=\"text1noticias\"> <\/span><\/p>\n<p><span class=\"text1noticias\">     Los fiscales de la Lava Jato lo acusaron de ser el \u00abcomandante m\u00e1ximo\u00bb del esquema de corrupci\u00f3n, aunque tuvieron dificultades para presentar pruebas en su contra.<\/span><\/p>\n<p><span class=\"text1noticias\"> <\/span><\/p>\n<p><span class=\"text1noticias\">     Por ese tiempo, Lula qued\u00f3 viudo por segunda vez, al perder a su esposa Marisa Leticia, su compa\u00f1era desde los a\u00f1os de la lucha sindical y madre de sus hijos, v\u00edctima de una grave enfermedad.<\/span><\/p>\n<p><span class=\"text1noticias\"> <\/span><\/p>\n<p><span class=\"text1noticias\">     Lula fue condenado el a\u00f1o pasado por el juez federal Sergio Moro, responsable en primera instancia del caso Petrobras, a nueve a\u00f1os y medio de prisi\u00f3n por corrupci\u00f3n pasiva y lavado de dinero, acusado de recibir supuestamente un departamento en el litoral del estado de Sao Paulo de la constructora OAS, a cambio de favorecerla desde el poder.<\/span><\/p>\n<p><span class=\"text1noticias\"> <\/span><\/p>\n<p><span class=\"text1noticias\">     La defensa del ex presidente aleg\u00f3 que el inmueble en todo momento permaneci\u00f3 bajo propiedad de la OAS, pero un tribunal de apelaci\u00f3n ratific\u00f3 la sentencia y la elev\u00f3 a 12 a\u00f1os y un mes de prisi\u00f3n.<\/span><\/p>\n<p><span class=\"text1noticias\"> <\/span><\/p>\n<p><span class=\"text1noticias\">     Lula respondi\u00f3 afirmando que se trataba de una persecuci\u00f3n pol\u00edtica y ratific\u00f3 sus intenciones de presentar su candidatura en las elecciones de octubre pr\u00f3ximo, con fuerte aceptaci\u00f3n en el electorado.<\/span><\/p>\n<p><span class=\"text1noticias\"> <\/span><\/p>\n<p><span class=\"text1noticias\">     El rechazo al gobierno de Michel Temer, el alto desempleo y el bajo crecimiento econ\u00f3mico resultaron en una fuerte recuperaci\u00f3n de la imagen del ex mandatario.<\/span><\/p>\n<p><span class=\"text1noticias\"> <\/span><\/p>\n<p><span class=\"text1noticias\">     A partir de la ratificaci\u00f3n de su condena en segunda instancia en enero, el ex presidente se lanz\u00f3 a una serie de caravanas pol\u00edticas, inicialmente en las regiones m\u00e1s pobres del pa\u00eds, recogiendo un gran fervor popular.<\/span><\/p>\n<p><span class=\"text1noticias\"> <\/span><\/p>\n<p><span class=\"text1noticias\">     La fuerza pol\u00edtica de Lula provoc\u00f3 la reacci\u00f3n de los sectores m\u00e1s conservadores, que se movilizaron para exigir su prisi\u00f3n y por ende su inhabilitaci\u00f3n electoral, a veces con m\u00e9todos violentos.<\/span><\/p>\n<p><span class=\"text1noticias\"> <\/span><\/p>\n<p><span class=\"text1noticias\">     D\u00edas previos al fallo de la Corte de este jueves, cuando Lula y sus adeptos realizaban una gira por el sur del pa\u00eds, la caravana fue atacada a tiros por sus adversarios.<\/span><\/p>\n<p><span class=\"text1noticias\"> <\/span><\/p>\n<p><span class=\"text1noticias\">     La decisi\u00f3n de la Corte Suprema de autorizar su prisi\u00f3n antes de que se agoten las instancias de apelaci\u00f3n pone al ex sindicalista en el momento m\u00e1s oscuro de su carrera personal.<\/span><\/p>\n<p><span class=\"text1noticias\"> <\/span><\/p>\n<p><span class=\"text1noticias\">     Como al inicio de su trayectoria, cuando fue preso por los militares por su liderazgo en las huelgas metal\u00fargicas, Lula deber\u00e1 enfrentar, ahora a los 72 a\u00f1os, la prisi\u00f3n, en un pa\u00eds profundamente conmocionado por las divisiones pol\u00edticas.<\/span><\/p>\n<p><span class=\"text1noticias\"> <\/span><\/p>\n<p><span class=\"text1noticias\">     El mes pasado, esa posibilidad se revel\u00f3 como cierta y el ex presidente dijo que ser\u00eda un \u00abpreso pol\u00edtico\u00bb y que sus adversarios tendr\u00e1n que \u00abcargar c<\/span>on las consecuencias\u00bb. <\/p>\n<h6> 2018-04-05 13:55:21 <\/h6>\n<p><!--\n<link rel=\"stylesheet\" href=\"css\/bootstrap.min.css\">\n\n\n<ul class=\"pagination\">\n\t    \n\t\n\n<li >\n\t<a href='?page_no=10728'>Previous<\/a>\n\t<\/li>\n\n\n       \n    \n\n<li><a href='?page_no=1'>1<\/a><\/li>\n\n\n\n<li><a href='?page_no=2'>2<\/a><\/li>\n\n\n\n<li><a>...<\/a><\/li>\n\n\n\n<li><a href='?page_no=10727'>10727<\/a><\/li>\n\n\n\n<li><a href='?page_no=10728'>10728<\/a><\/li>\n\n\n\n<li class='active'><a>10729<\/a><\/li>\n\n\n\n<li><a href='?page_no=10730'>10730<\/a><\/li>\n\n\n\n<li><a href='?page_no=10731'>10731<\/a><\/li>\n\n\n\n<li><a>...<\/a><\/li>\n\n\n\n<li><a href='?page_no=51012'>51012<\/a><\/li>\n\n\n\n<li><a href='?page_no=51013'>51013<\/a><\/li>\n\n    \n\t\n\n<li >\n\t<a href='?page_no=10730'>Next<\/a>\n\t<\/li>\n\n\n    \n\n<li><a href='?page_no=51013'>Last &rsaquo;&rsaquo;<\/a><\/li>\n\n<\/ul>\n\n\n--><br \/>\n<\/body><\/p>\n","protected":false},"excerpt":{"rendered":"<p>Por Edgardo Loguercio BRASILIA, 5 abr (Xinhua) &#8212; Desde su aparici\u00f3n en la vida p\u00fablica a fines de la d\u00e9cada de los 70 del siglo pasado como l\u00edder de las grandes huelgas contra el r\u00e9gimen militar, el ex presidente brasile\u00f1o Luiz In\u00e1cio Lula da Silva (2003-2010) se convirti\u00f3 en la figura central de la pol\u00edtica [&hellip;]<\/p>\n","protected":false},"author":3,"featured_media":0,"comment_status":"open","ping_status":"open","sticky":false,"template":"","format":"standard","meta":{"footnotes":""},"categories":[23],"tags":[],"class_list":["post-231081","post","type-post","status-publish","format-standard","hentry","category-internacional"],"_links":{"self":[{"href":"https:\/\/diariodominicano.com\/index.php?rest_route=\/wp\/v2\/posts\/231081","targetHints":{"allow":["GET"]}}],"collection":[{"href":"https:\/\/diariodominicano.com\/index.php?rest_route=\/wp\/v2\/posts"}],"about":[{"href":"https:\/\/diariodominicano.com\/index.php?rest_route=\/wp\/v2\/types\/post"}],"author":[{"embeddable":true,"href":"https:\/\/diariodominicano.com\/index.php?rest_route=\/wp\/v2\/users\/3"}],"replies":[{"embeddable":true,"href":"https:\/\/diariodominicano.com\/index.php?rest_route=%2Fwp%2Fv2%2Fcomments&post=231081"}],"version-history":[{"count":0,"href":"https:\/\/diariodominicano.com\/index.php?rest_route=\/wp\/v2\/posts\/231081\/revisions"}],"wp:attachment":[{"href":"https:\/\/diariodominicano.com\/index.php?rest_route=%2Fwp%2Fv2%2Fmedia&parent=231081"}],"wp:term":[{"taxonomy":"category","embeddable":true,"href":"https:\/\/diariodominicano.com\/index.php?rest_route=%2Fwp%2Fv2%2Fcategories&post=231081"},{"taxonomy":"post_tag","embeddable":true,"href":"https:\/\/diariodominicano.com\/index.php?rest_route=%2Fwp%2Fv2%2Ftags&post=231081"}],"curies":[{"name":"wp","href":"https:\/\/api.w.org\/{rel}","templated":true}]}}