{"id":231079,"date":"2018-04-05T15:15:16","date_gmt":"2018-04-05T15:15:16","guid":{"rendered":"http:\/\/diariodominicano.ddns.net\/?p=231079"},"modified":"2018-04-05T15:15:16","modified_gmt":"2018-04-05T15:15:16","slug":"alemania-liberara-bajo-fianza-a-ex-lider-catalan-puigdemont","status":"publish","type":"post","link":"https:\/\/diariodominicano.com\/?p=231079","title":{"rendered":"Alemania liberar\u00e1 bajo fianza a ex l\u00edder catal\u00e1n Puigdemont"},"content":{"rendered":"<p><body><\/p>\n<p><img decoding=\"async\" src=\"img3\/Puigdemont-1.jpg\" \/>  <\/p>\n<p><span class=\"text1noticias\">     BERLIN, 5 abr (Xinhua) &#8212; El ex l\u00edder catal\u00e1n Carles Puigdemont ser\u00e1 liberado con condiciones, anunci\u00f3 hoy un tribunal regional alem\u00e1n.<\/span><\/p>\n<p><span class=\"text1noticias\"> <\/span><\/p>\n<p><span class=\"text1noticias\">     El tribunal del estado norte\u00f1o de Schleswig-Holstein dijo que Puigdemont tendr\u00e1 que pagar una fianza de 75.000 euros y se\u00f1al\u00f3 que la solicitud de extradici\u00f3n no fue aceptada sobre la base del cargo en su contra de rebeli\u00f3n.<\/span><\/p>\n<p><span class=\"text1noticias\"> <\/span><\/p>\n<p><span class=\"text1noticias\">     Sin embargo, el tribunal agreg\u00f3 que en relaci\u00f3n con el cargo de uso indebido de fondos p\u00fablicos en contra de Puigdemont, Alemania podr\u00eda, \u00aben teor\u00eda\u00bb, extraditarlo a Espa\u00f1a, pero que a\u00fan se tiene que tomar una decisi\u00f3n al respecto.<\/span><\/p>\n<p><span class=\"text1noticias\"> <\/span><\/p>\n<p><span class=\"text1noticias\">     Puigdemont fue detenido el 25 de marzo al entrar a Alemania procedente de Dinamarca de camino a su residencia en B\u00e9lgica.<\/span><\/p>\n<p><span class=\"text1noticias\"> <\/span><\/p>\n<p><span class=\"text1noticias\">      Puigdemont se encuentra pr\u00f3fugo desde el fallido intento de Catalu\u00f1a por independizarse de Espa\u00f1a en octubre pasado. El Tribunal Supremo de Espa\u00f1a emiti\u00f3 en marzo nuevas \u00f3rdenes de aprehensi\u00f3n contra Puigdemont y algunas otras personas vinculadas tambi\u00e9n con los intentos independentista<\/span>s. F<\/p>\n<h6> 2018-04-05 15:15:16 <\/h6>\n<p><!--\n<link rel=\"stylesheet\" href=\"css\/bootstrap.min.css\">\n\n\n<ul class=\"pagination\">\n\t    \n\t\n\n<li >\n\t<a href='?page_no=10726'>Previous<\/a>\n\t<\/li>\n\n\n       \n    \n\n<li><a href='?page_no=1'>1<\/a><\/li>\n\n\n\n<li><a href='?page_no=2'>2<\/a><\/li>\n\n\n\n<li><a>...<\/a><\/li>\n\n\n\n<li><a href='?page_no=10725'>10725<\/a><\/li>\n\n\n\n<li><a href='?page_no=10726'>10726<\/a><\/li>\n\n\n\n<li class='active'><a>10727<\/a><\/li>\n\n\n\n<li><a href='?page_no=10728'>10728<\/a><\/li>\n\n\n\n<li><a href='?page_no=10729'>10729<\/a><\/li>\n\n\n\n<li><a>...<\/a><\/li>\n\n\n\n<li><a href='?page_no=51012'>51012<\/a><\/li>\n\n\n\n<li><a href='?page_no=51013'>51013<\/a><\/li>\n\n    \n\t\n\n<li >\n\t<a href='?page_no=10728'>Next<\/a>\n\t<\/li>\n\n\n    \n\n<li><a href='?page_no=51013'>Last &rsaquo;&rsaquo;<\/a><\/li>\n\n<\/ul>\n\n\n--><br \/>\n<\/body><\/p>\n","protected":false},"excerpt":{"rendered":"<p>BERLIN, 5 abr (Xinhua) &#8212; El ex l\u00edder catal\u00e1n Carles Puigdemont ser\u00e1 liberado con condiciones, anunci\u00f3 hoy un tribunal regional alem\u00e1n. El tribunal del estado norte\u00f1o de Schleswig-Holstein dijo que Puigdemont tendr\u00e1 que pagar una fianza de 75.000 euros y se\u00f1al\u00f3 que la solicitud de extradici\u00f3n no fue aceptada sobre la base del cargo en [&hellip;]<\/p>\n","protected":false},"author":3,"featured_media":0,"comment_status":"open","ping_status":"open","sticky":false,"template":"","format":"standard","meta":{"footnotes":""},"categories":[23],"tags":[],"class_list":["post-231079","post","type-post","status-publish","format-standard","hentry","category-internacional"],"_links":{"self":[{"href":"https:\/\/diariodominicano.com\/index.php?rest_route=\/wp\/v2\/posts\/231079","targetHints":{"allow":["GET"]}}],"collection":[{"href":"https:\/\/diariodominicano.com\/index.php?rest_route=\/wp\/v2\/posts"}],"about":[{"href":"https:\/\/diariodominicano.com\/index.php?rest_route=\/wp\/v2\/types\/post"}],"author":[{"embeddable":true,"href":"https:\/\/diariodominicano.com\/index.php?rest_route=\/wp\/v2\/users\/3"}],"replies":[{"embeddable":true,"href":"https:\/\/diariodominicano.com\/index.php?rest_route=%2Fwp%2Fv2%2Fcomments&post=231079"}],"version-history":[{"count":0,"href":"https:\/\/diariodominicano.com\/index.php?rest_route=\/wp\/v2\/posts\/231079\/revisions"}],"wp:attachment":[{"href":"https:\/\/diariodominicano.com\/index.php?rest_route=%2Fwp%2Fv2%2Fmedia&parent=231079"}],"wp:term":[{"taxonomy":"category","embeddable":true,"href":"https:\/\/diariodominicano.com\/index.php?rest_route=%2Fwp%2Fv2%2Fcategories&post=231079"},{"taxonomy":"post_tag","embeddable":true,"href":"https:\/\/diariodominicano.com\/index.php?rest_route=%2Fwp%2Fv2%2Ftags&post=231079"}],"curies":[{"name":"wp","href":"https:\/\/api.w.org\/{rel}","templated":true}]}}