{"id":231078,"date":"2018-04-06T00:25:34","date_gmt":"2018-04-06T00:25:34","guid":{"rendered":"http:\/\/diariodominicano.ddns.net\/?p=231078"},"modified":"2018-04-06T00:25:34","modified_gmt":"2018-04-06T00:25:34","slug":"cumbre-de-las-americas-enfrentara-a-dos-visiones-de-latinoamerica-segun-experto-cubano","status":"publish","type":"post","link":"https:\/\/diariodominicano.com\/?p=231078","title":{"rendered":"Cumbre de Las Am\u00e9ricas enfrentar\u00e1 a dos visiones de Latinoam\u00e9rica, seg\u00fan experto cubano"},"content":{"rendered":"<p><body><\/p>\n<\/p>\n<p><strong>   Por Ra\u00fal Menchaca<\/strong><\/p>\n<p><strong>   LA HABANA, 5 abr (Xinhua) <\/strong>La venidera VIII Cumbre de Las Am\u00e9ricas enfrentar\u00e1 a dos visiones diferentes sobre Am\u00e9rica Latina, consider\u00f3 el polit\u00f3logo cubano Iroel S\u00e1nchez.<\/p>\n<\/p>\n<p>   \u00abIndiscutiblemente van a enfrentarse una visi\u00f3n integracionista regional y la visi\u00f3n hegem\u00f3nica de Estados Unidos, que pretende de alguna manera una relaci\u00f3n absolutamente de subordinaci\u00f3n y de servicio en la regi\u00f3n\u00bb, dijo S\u00e1nchez a Xinhua al comentar la cita hemisf\u00e9rica que se realizara en Per\u00fa los d\u00edoas 13 y 14 de este mes.<\/p>\n<\/p>\n<p>   El tambi\u00e9n bloguero y editor consider\u00f3 como \u00abuna se\u00f1al muy clara\u00bb el hecho de excluir a Venezuela de la reuni\u00f3n, que \u00abrevela una confrontaci\u00f3n del gobierno de Estados Unidos con la Revoluci\u00f3n Bolivariana, pero tambi\u00e9n con pa\u00edses que han fomentado una alianza con Caracas, como Cuba, Bolivia y Nicaragua\u00bb.<\/p>\n<\/p>\n<p>   S\u00e1nchez, quien dirige en la televisi\u00f3n cubana el programa \u00abLa pupila asombrada\u00bb, es uno de los tres cubanos invitados a impartir conferencias en la Cumbre de los Pueblos, una reuni\u00f3n de los movimientos sociales y populares que sesionar\u00e1 en Lima de manera paralela a la cita de jefes de estado.<\/p>\n<\/p>\n<p>   Al referirse a la reciente resurrecci\u00f3n por parte de la administraci\u00f3n  Donald Trump de la llamada Doctrina Monroe, nacida en el Siglo XIX, afirm\u00f3 que es un intento de legitimar, en pleno Siglo XXI, el derecho a la injerencia en funci\u00f3n de objetivos hegem\u00f3nicos.<\/p>\n<\/p>\n<p>   Asegur\u00f3 que la Doctrina Monroe estar\u00eda presente en la Cumbre, porque \u00abMike Pompeo, el antiguo director de la CIA (Central de Inteligencia Estadounidense) y ahora secretario de Estado, tiene una postura m\u00e1s antivenezolana y anticubana\u00bb. <\/p>\n<\/p>\n<p>   \u00abEsa va a ser tambi\u00e9n una visi\u00f3n que va a ser rechazada por esos pa\u00edses de la Alternativa Bolivariana para los Pueblos de Nuestra Am\u00e9rica, conocida como ALBA, e incluso por naciones que no integran ese bloque, pero que demandan respeto a su soberan\u00eda\u00bb, estim\u00f3 el ex director del Instituto Cubano del Libro.<\/p>\n<\/p>\n<p>   Sobre el tema central de la Cumbre, \u00abGobernabilidad democr\u00e1tica frente a la corrupci\u00f3n\u00bb, el ingeniero y periodista cubano explic\u00f3 que \u00ab\u00e9se es un fen\u00f3meno esencial en la din\u00e1mica de funcionamiento del capitalismo en las condiciones de subdesarrollo, que se hace mucho m\u00e1s evidente en Am\u00e9rica Latina que en Estados Unidos o Europa\u00bb.<\/p>\n<\/p>\n<p>   \u00abLa ola neoliberal profundiz\u00f3 los procesos de corrupci\u00f3n, por eso hay que ver la lista casi infinita de mandatarios procesados por esa causa, y eso va a seguir ocurriendo\u00bb, afirm\u00f3.<\/p>\n<\/p>\n<p>   S\u00e1nchez, quien es ingeniero en telecomunicaciones y trabaja en la Oficina para la Informatizaci\u00f3n de la Sociedad cubana, public\u00f3 en 2012 el libro \u00abSospechas y disidencias\u00bb, que recoge una selecci\u00f3n de ensayos sobre pol\u00edtica y comunicaci\u00f3n. Fin<\/p>\n<h6> 2018-04-06 00:25:34 <\/h6>\n<p><!--\n<link rel=\"stylesheet\" href=\"css\/bootstrap.min.css\">\n\n\n<ul class=\"pagination\">\n\t    \n\t\n\n<li >\n\t<a href='?page_no=10725'>Previous<\/a>\n\t<\/li>\n\n\n       \n    \n\n<li><a href='?page_no=1'>1<\/a><\/li>\n\n\n\n<li><a href='?page_no=2'>2<\/a><\/li>\n\n\n\n<li><a>...<\/a><\/li>\n\n\n\n<li><a href='?page_no=10724'>10724<\/a><\/li>\n\n\n\n<li><a href='?page_no=10725'>10725<\/a><\/li>\n\n\n\n<li class='active'><a>10726<\/a><\/li>\n\n\n\n<li><a href='?page_no=10727'>10727<\/a><\/li>\n\n\n\n<li><a href='?page_no=10728'>10728<\/a><\/li>\n\n\n\n<li><a>...<\/a><\/li>\n\n\n\n<li><a href='?page_no=51012'>51012<\/a><\/li>\n\n\n\n<li><a href='?page_no=51013'>51013<\/a><\/li>\n\n    \n\t\n\n<li >\n\t<a href='?page_no=10727'>Next<\/a>\n\t<\/li>\n\n\n    \n\n<li><a href='?page_no=51013'>Last &rsaquo;&rsaquo;<\/a><\/li>\n\n<\/ul>\n\n\n--><br \/>\n<\/body><\/p>\n","protected":false},"excerpt":{"rendered":"<p>Por Ra\u00fal Menchaca LA HABANA, 5 abr (Xinhua) La venidera VIII Cumbre de Las Am\u00e9ricas enfrentar\u00e1 a dos visiones diferentes sobre Am\u00e9rica Latina, consider\u00f3 el polit\u00f3logo cubano Iroel S\u00e1nchez. \u00abIndiscutiblemente van a enfrentarse una visi\u00f3n integracionista regional y la visi\u00f3n hegem\u00f3nica de Estados Unidos, que pretende de alguna manera una relaci\u00f3n absolutamente de subordinaci\u00f3n y [&hellip;]<\/p>\n","protected":false},"author":3,"featured_media":0,"comment_status":"open","ping_status":"open","sticky":false,"template":"","format":"standard","meta":{"footnotes":""},"categories":[23],"tags":[],"class_list":["post-231078","post","type-post","status-publish","format-standard","hentry","category-internacional"],"_links":{"self":[{"href":"https:\/\/diariodominicano.com\/index.php?rest_route=\/wp\/v2\/posts\/231078","targetHints":{"allow":["GET"]}}],"collection":[{"href":"https:\/\/diariodominicano.com\/index.php?rest_route=\/wp\/v2\/posts"}],"about":[{"href":"https:\/\/diariodominicano.com\/index.php?rest_route=\/wp\/v2\/types\/post"}],"author":[{"embeddable":true,"href":"https:\/\/diariodominicano.com\/index.php?rest_route=\/wp\/v2\/users\/3"}],"replies":[{"embeddable":true,"href":"https:\/\/diariodominicano.com\/index.php?rest_route=%2Fwp%2Fv2%2Fcomments&post=231078"}],"version-history":[{"count":0,"href":"https:\/\/diariodominicano.com\/index.php?rest_route=\/wp\/v2\/posts\/231078\/revisions"}],"wp:attachment":[{"href":"https:\/\/diariodominicano.com\/index.php?rest_route=%2Fwp%2Fv2%2Fmedia&parent=231078"}],"wp:term":[{"taxonomy":"category","embeddable":true,"href":"https:\/\/diariodominicano.com\/index.php?rest_route=%2Fwp%2Fv2%2Fcategories&post=231078"},{"taxonomy":"post_tag","embeddable":true,"href":"https:\/\/diariodominicano.com\/index.php?rest_route=%2Fwp%2Fv2%2Ftags&post=231078"}],"curies":[{"name":"wp","href":"https:\/\/api.w.org\/{rel}","templated":true}]}}