{"id":231077,"date":"2018-04-06T00:28:00","date_gmt":"2018-04-06T00:28:00","guid":{"rendered":"http:\/\/diariodominicano.ddns.net\/?p=231077"},"modified":"2018-04-06T00:28:00","modified_gmt":"2018-04-06T00:28:00","slug":"eeuu-buscara-debilitar-a-paises-latinoamericanos-segun-expertos-venzolanos","status":"publish","type":"post","link":"https:\/\/diariodominicano.com\/?p=231077","title":{"rendered":"EEUU buscar\u00e1 debilitar a pa\u00edses latinoamericanos, seg\u00fan expertos venzolanos"},"content":{"rendered":"<p><body><\/p>\n<p><strong> <\/strong><\/p>\n<p><strong>   Por Willey Pe\u00f1uela<\/strong><\/p>\n<p><strong>   CARACAS, 5 abr (Xinhua) &#8212;<\/strong> En la VIII Cumbre de las Am\u00e9ricas que se llevar\u00e1 a cabo del 13 al 14 de abril en Per\u00fa, Estados Unidos \u00abtratar\u00e1 de fortalecer su hegemon\u00eda y debilitar a los pa\u00edses de Am\u00e9rica Latina y el Caribe\u00bb, consider\u00f3 la especialista venezolana Andre\u00edna Taraz\u00f3n.<\/p>\n<\/p>\n<p>   La presidenta del Centro de Altos Estudios del Desarrollo y las Econom\u00edas Emergentes afirm\u00f3 que \u00abWashington progresivamente se convierte en un enemigo del libre comercio en la medida que no le favorezca\u00bb.<\/p>\n<\/p>\n<p>   En entrevista con Xinhua, consider\u00f3 que entre los aspectos principales que prepara la VIII Cumbre de las Am\u00e9rica, destaca un nuevo intento de ataque consensuado contra el gobierno venezolano.<\/p>\n<\/p>\n<p>   \u00abEl Grupo de Lima (integrado por 12 naciones de Am\u00e9rica), alineado a la pol\u00edtica injerencista norteamericana, pretende convertir la Cumbre en un tribunal de condena a Venezuela, utilizando la justa lucha anticorrupci\u00f3n como pretexto\u00bb, expuso Taraz\u00f3n, tambi\u00e9n abogada egresada de la Universidad Central de Venezuela.<\/p>\n<\/p>\n<p>   Sobre el fen\u00f3meno de la corrupci\u00f3n, la especialista consider\u00f3 que es un problema global que afecta a todos los pa\u00edses del mundo.<\/p>\n<\/p>\n<p>   A su juicio, Am\u00e9rica Latina destaca m\u00e1s que por su corrupci\u00f3n, por la impunidad con la cual se desenvuelve el fen\u00f3meno, siendo influyentes, a su parecer, la falta de fortaleza de las instituciones y de consolidaci\u00f3n de sistemas eficientes de administraci\u00f3n de justicia.<\/p>\n<\/p>\n<p>   \u00abSe requieren grandes cambios \u00e9ticos y morales, acorazados de f\u00e9rreas legislaciones e instituciones\u00bb, a\u00f1adi\u00f3.<\/p>\n<\/p>\n<p>   Con relaci\u00f3n a la pol\u00edtica del gobierno de Washington respecto a Am\u00e9rica Latina, Taraz\u00f3n expres\u00f3 que el presidente estadounidense, Donald Trump, \u00abha continuado la hist\u00f3rica pol\u00edtica injerencista estadounidense en Am\u00e9rica Latina y el Caribe\u00bb.<\/p>\n<\/p>\n<p>   \u00abEn todo caso, si hay un cambio, es en t\u00e9rminos de una ret\u00f3rica m\u00e1s hostil y agresiva\u00bb, dijo.<\/p>\n<\/p>\n<p>   Sobre la relaci\u00f3n Estados Unidos-M\u00e9xico, asever\u00f3 que el incremento de las tensiones tiene que ver con el creciente proteccionismo que caracteriza a la pol\u00edtica econ\u00f3mica de Trump.<\/p>\n<\/p>\n<p>   En el caso venezolano, a su vez, hay continuidad absoluta con relaci\u00f3n a las pol\u00edticas desplegadas por su predecesor Barack Obama (2009-2017), a\u00f1adi\u00f3.<\/p>\n<\/p>\n<p>   La abogada mencion\u00f3 adem\u00e1s que las \u00e9lites de Estados Unidos \u00abnunca han abandonado la doctrina Monroe\u00bb. <\/p>\n<\/p>\n<p>   Expres\u00f3 que la regi\u00f3n latinoamericana es el \u00e1rea de influencia de Estados Unidos y no tolera libertad de movimientos econ\u00f3micos y pol\u00edticos de pa\u00edses que Washington considere amenazas a su hegemon\u00eda.<\/p>\n<\/p>\n<p>   Por su parte, el experto en relaciones internacionales, Sergio Rodr\u00edguez Gelfenstein, asever\u00f3 a Xinhua que \u00aben la historia de esas Cumbres no ha ocurrido nada relevante\u00bb, salvo la realizada en Mar del Plata en Argentina en 2005.<\/p>\n<\/p>\n<p>   En dicha Cumbre de las Am\u00e9ricas, Estados Unidos no pudo imponer el Tratado de Libre Comercio (TLC).<\/p>\n<\/p>\n<p>   Expres\u00f3 que como estas cumbres son expresi\u00f3n de la idea panamericana, se trata de c\u00f3mo los presidentes latinoamericanos van a escuchar lo que dice el presidente de Estados Unidos.<\/p>\n<\/p>\n<p>   Sobre la VIII Cumbre de las Am\u00e9ricas en particular que se aproxima en Per\u00fa, Rodr\u00edguez cree que es poco probable que ocurra algo importante para los pueblos de la regi\u00f3n. <\/p>\n<\/p>\n<p>   \u00abSe va a dedicar a generar condiciones para aumentar agresi\u00f3n contra Venezuela y en alguna medida contra Cuba\u00bb, a\u00f1adi\u00f3 Rodr\u00edguez.<\/p>\n<\/p>\n<p>   Las cumbres tienen efecto cuando se realizan entre pa\u00edses con igualdad de condiciones, en esos casos es posible que tengan algunas resoluciones que se apliquen, pero el resto \u00abes s\u00f3lo ret\u00f3rica\u00bb, se\u00f1al\u00f3.<\/p>\n<\/p>\n<p>   \u00abPor ejemplo, acaba de producirse la Cumbre de la Uni\u00f3n Africana y se acord\u00f3 un Tratado de Libre Comercio entre todos los pa\u00edses asistentes, eso es un resultado concreto entre pa\u00edses m\u00e1s o menos homog\u00e9neos\u00bb, se\u00f1al\u00f3 el experto.<\/p>\n<\/p>\n<p>   Consultado por Xinhua sobre el accionar pol\u00edtico del gobierno del presidente Trump en el continente, el entrevistado indic\u00f3 que \u00abse ha empezado a aplicar algo peor que la doctrina Monroe, que es la doctrina Trump\u00bb.<\/p>\n<\/p>\n<p>   Explic\u00f3 que a su juicio, \u00abla doctrina Monroe reconoc\u00eda a los Estados nacionales, era una imposici\u00f3n hegem\u00f3nica de Estados Unidos sobre estos Estados nacionales, pero la doctrina Trump es pr\u00e1cticamente la negaci\u00f3n de los Estados nacionales\u00bb.<\/p>\n<\/p>\n<p>   Expuso en ese sentido que es interesante observar que Trump ataca a Venezuela, a Cuba, pero tambi\u00e9n ataca a M\u00e9xico, mostrando claramente la intenci\u00f3n de debilitar la conformaci\u00f3n soberana de los Estados.<\/p>\n<\/p>\n<p>   Lima, capital de Per\u00fa, ser\u00e1 sede de la VIII Cumbre de las Am\u00e9ricas, evento que convoca a los jefes de Estado y de gobierno del continente americano bajo el lema \u00abGobernabilidad democr\u00e1tica frente a la corrupci\u00f3n\u00bb.<\/p>\n<\/p>\n<p>   El canciller peruano, N\u00e9stor Popolizio, dio a conocer el mi\u00e9rcoles que 20 mandatarios de la regi\u00f3n han confirmado hasta el momento su participaci\u00f3n en el evento. Fin<\/p>\n<\/p>\n<h6> 2018-04-06 00:28:00 <\/h6>\n<p><!--\n<link rel=\"stylesheet\" href=\"css\/bootstrap.min.css\">\n\n\n<ul class=\"pagination\">\n\t    \n\t\n\n<li >\n\t<a href='?page_no=10724'>Previous<\/a>\n\t<\/li>\n\n\n       \n    \n\n<li><a href='?page_no=1'>1<\/a><\/li>\n\n\n\n<li><a href='?page_no=2'>2<\/a><\/li>\n\n\n\n<li><a>...<\/a><\/li>\n\n\n\n<li><a href='?page_no=10723'>10723<\/a><\/li>\n\n\n\n<li><a href='?page_no=10724'>10724<\/a><\/li>\n\n\n\n<li class='active'><a>10725<\/a><\/li>\n\n\n\n<li><a href='?page_no=10726'>10726<\/a><\/li>\n\n\n\n<li><a href='?page_no=10727'>10727<\/a><\/li>\n\n\n\n<li><a>...<\/a><\/li>\n\n\n\n<li><a href='?page_no=51012'>51012<\/a><\/li>\n\n\n\n<li><a href='?page_no=51013'>51013<\/a><\/li>\n\n    \n\t\n\n<li >\n\t<a href='?page_no=10726'>Next<\/a>\n\t<\/li>\n\n\n    \n\n<li><a href='?page_no=51013'>Last &rsaquo;&rsaquo;<\/a><\/li>\n\n<\/ul>\n\n\n--><br \/>\n<\/body><\/p>\n","protected":false},"excerpt":{"rendered":"<p>Por Willey Pe\u00f1uela CARACAS, 5 abr (Xinhua) &#8212; En la VIII Cumbre de las Am\u00e9ricas que se llevar\u00e1 a cabo del 13 al 14 de abril en Per\u00fa, Estados Unidos \u00abtratar\u00e1 de fortalecer su hegemon\u00eda y debilitar a los pa\u00edses de Am\u00e9rica Latina y el Caribe\u00bb, consider\u00f3 la especialista venezolana Andre\u00edna Taraz\u00f3n. La presidenta del [&hellip;]<\/p>\n","protected":false},"author":3,"featured_media":0,"comment_status":"open","ping_status":"open","sticky":false,"template":"","format":"standard","meta":{"footnotes":""},"categories":[23],"tags":[],"class_list":["post-231077","post","type-post","status-publish","format-standard","hentry","category-internacional"],"_links":{"self":[{"href":"https:\/\/diariodominicano.com\/index.php?rest_route=\/wp\/v2\/posts\/231077","targetHints":{"allow":["GET"]}}],"collection":[{"href":"https:\/\/diariodominicano.com\/index.php?rest_route=\/wp\/v2\/posts"}],"about":[{"href":"https:\/\/diariodominicano.com\/index.php?rest_route=\/wp\/v2\/types\/post"}],"author":[{"embeddable":true,"href":"https:\/\/diariodominicano.com\/index.php?rest_route=\/wp\/v2\/users\/3"}],"replies":[{"embeddable":true,"href":"https:\/\/diariodominicano.com\/index.php?rest_route=%2Fwp%2Fv2%2Fcomments&post=231077"}],"version-history":[{"count":0,"href":"https:\/\/diariodominicano.com\/index.php?rest_route=\/wp\/v2\/posts\/231077\/revisions"}],"wp:attachment":[{"href":"https:\/\/diariodominicano.com\/index.php?rest_route=%2Fwp%2Fv2%2Fmedia&parent=231077"}],"wp:term":[{"taxonomy":"category","embeddable":true,"href":"https:\/\/diariodominicano.com\/index.php?rest_route=%2Fwp%2Fv2%2Fcategories&post=231077"},{"taxonomy":"post_tag","embeddable":true,"href":"https:\/\/diariodominicano.com\/index.php?rest_route=%2Fwp%2Fv2%2Ftags&post=231077"}],"curies":[{"name":"wp","href":"https:\/\/api.w.org\/{rel}","templated":true}]}}