{"id":231074,"date":"2018-04-06T00:49:48","date_gmt":"2018-04-06T00:49:48","guid":{"rendered":"http:\/\/diariodominicano.ddns.net\/?p=231074"},"modified":"2018-04-06T00:49:48","modified_gmt":"2018-04-06T00:49:48","slug":"pena-nieto-exige-a-trump-no-dirigir-su-frustracion-hacia-mexicanos","status":"publish","type":"post","link":"https:\/\/diariodominicano.com\/?p=231074","title":{"rendered":"Pe\u00f1a Nieto exige a Trump no dirigir su \u00abfrustraci\u00f3n\u00bb hacia mexicanos&#13;"},"content":{"rendered":"<p><body><\/p>\n<p><img decoding=\"async\" src=\"img3\/136650565_1506750054594_title0h.jpg\" \/>  <\/p>\n<\/p>\n<p><strong>   MEXICO, 5 abr (Xinhua) &#8212;<\/strong> El presidente mexicano, Enrique Pe\u00f1a Nieto, exigi\u00f3 hoy jueves a su similar estadounidense, Donald Trump, no dirigir su \u00abfrustraci\u00f3n por asuntos de pol\u00edtica interna\u00bb hacia los mexicanos.<\/p>\n<\/p>\n<p>   \u00abSi sus recientes declaraciones derivan de una frustraci\u00f3n por asuntos de pol\u00edtica interna, de sus leyes o de su Congreso, dir\u00edjase a ellos, no a los mexicanos. No vamos a permitir que la ret\u00f3rica negativa defina nuestras acciones\u00bb, expres\u00f3.<\/p>\n<\/p>\n<p>   Trump orden\u00f3 el mi\u00e9rcoles el despliegue de la Guardia Nacional en la frontera com\u00fan de 3.200 kil\u00f3metros para combatir con m\u00e1s eficacia la inmigraci\u00f3n ilegal, en tanto se concluye la construcci\u00f3n del muro que propuso.<\/p>\n<\/p>\n<p>   Pe\u00f1a Nieto se\u00f1al\u00f3 que \u00abse trata de una relaci\u00f3n (M\u00e9xico-EEUU) intensa y din\u00e1mica, que naturalmente tambi\u00e9n nos presenta retos. Pero estos desaf\u00edos nunca justificar\u00e1n actitudes amenazantes y faltas de respeto entre nuestros pa\u00edses\u00bb.<\/p>\n<\/p>\n<p>   En un mensaje dirigido a su hom\u00f3logo estadounidense, Pe\u00f1a Nieto se\u00f1al\u00f3 que M\u00e9xico est\u00e1 dispuesto a negociar sin miedo y \u00absiempre partiendo de la base del respeto mutuo\u00bb.<\/p>\n<\/p>\n<p>   \u00abNo tendremos miedo a negociar, pero nunca vamos a negociar con miedo. Estamos convencidos de que poni\u00e9ndonos de acuerdo como amigos, socios y buenos vecinos, a ambos pa\u00edses nos va ir mucho mejor que confront\u00e1ndonos\u00bb, agreg\u00f3.<\/p>\n<\/p>\n<p>   Reiter\u00f3 el inter\u00e9s de M\u00e9xico por mantener la relaci\u00f3n bilateral desde \u00abuna visi\u00f3n constructiva y abierta\u00bb para \u00absuperar diferencias, enfrentar retos comunes y alcanzar acuerdos\u00bb.<\/p>\n<\/p>\n<p>   \u00abLos esfuerzos del gobierno de M\u00e9xico se han dirigido a construir una relaci\u00f3n institucional, de respeto mutuo y beneficio para ambas naciones\u00bb, dijo el mandatario en un mensaje transmitido en redes sociales.<\/p>\n<\/p>\n<p>   \u00abPor eso, hemos avanzado en las negociaciones para modernizar el Tratado de Libre Comercio de Am\u00e9rica del Norte, con el objetivo de mejorar la competitividad de la regi\u00f3n y crear en ella m\u00e1s y mejores empleos\u00bb, agreg\u00f3.<\/p>\n<\/p>\n<p>   El presidente mexicano se refiri\u00f3 tambi\u00e9n a los esfuerzos para combatir el crimen organizado.<\/p>\n<\/p>\n<p>   \u00abEn ning\u00fan momento hemos escatimado nuestra cooperaci\u00f3n, porque somos conscientes de la responsabilidad compartida que implica esta importante labor\u00bb, insisti\u00f3, al reiterar que \u00abla relaci\u00f3n bilateral conlleva enormes oportunidades que ambas naciones debemos aprovechar\u00bb.<\/p>\n<\/p>\n<p>   Pe\u00f1a Nieto aclar\u00f3 que una de las prioridades de su gobierno es la defensa de los derechos de los mexicanos en Estados Unidos, con respeto al marco legal de ese pa\u00eds vecino.<\/p>\n<\/p>\n<p>   \u00abLos mexicanos podemos tener diferencias entre nosotros, y m\u00e1s a\u00fan en tiempos de elecciones, pero estaremos siempre unidos en la defensa de la dignidad y la soberan\u00eda de nuestro pa\u00eds\u00bb, apunt\u00f3.<\/p>\n<\/p>\n<p>   Ejemplo de ello, dijo, es la unidad manifestada en todos los sectores del pa\u00eds, a la que se sumaron los candidatos presidenciales de M\u00e9xico, ya que \u00abindependientemente de sus naturales diferencias, todos coincidieron en rechazar medidas contrarias a una buena vecindad\u00bb.<\/p>\n<\/p>\n<p>   Previo al mensaje de Pe\u00f1a Nieto, el vocero del gobierno de M\u00e9xico, Eduardo S\u00e1nchez, declar\u00f3 en rueda de prensa que una eventual militarizaci\u00f3n de la frontera por parte de Estados Unidos puede da\u00f1ar \u00abgravemente\u00bb la relaci\u00f3n bilateral.<\/p>\n<\/p>\n<p>   S\u00e1nchez anunci\u00f3 que las autoridades mexicanas dar\u00e1n puntual seguimiento al despliegue de la Guardia Nacional en la frontera com\u00fan para salvaguardar la soberan\u00eda del pa\u00eds, los derechos humanos de los migrantes y velar por \u00abla dignidad de nuestros connacionales\u00bb. Fin<\/p>\n<h6> 2018-04-06 00:49:48 <\/h6>\n<p><!--\n<link rel=\"stylesheet\" href=\"css\/bootstrap.min.css\">\n\n\n<ul class=\"pagination\">\n\t    \n\t\n\n<li >\n\t<a href='?page_no=10721'>Previous<\/a>\n\t<\/li>\n\n\n       \n    \n\n<li><a href='?page_no=1'>1<\/a><\/li>\n\n\n\n<li><a href='?page_no=2'>2<\/a><\/li>\n\n\n\n<li><a>...<\/a><\/li>\n\n\n\n<li><a href='?page_no=10720'>10720<\/a><\/li>\n\n\n\n<li><a href='?page_no=10721'>10721<\/a><\/li>\n\n\n\n<li class='active'><a>10722<\/a><\/li>\n\n\n\n<li><a href='?page_no=10723'>10723<\/a><\/li>\n\n\n\n<li><a href='?page_no=10724'>10724<\/a><\/li>\n\n\n\n<li><a>...<\/a><\/li>\n\n\n\n<li><a href='?page_no=51012'>51012<\/a><\/li>\n\n\n\n<li><a href='?page_no=51013'>51013<\/a><\/li>\n\n    \n\t\n\n<li >\n\t<a href='?page_no=10723'>Next<\/a>\n\t<\/li>\n\n\n    \n\n<li><a href='?page_no=51013'>Last &rsaquo;&rsaquo;<\/a><\/li>\n\n<\/ul>\n\n\n--><br \/>\n<\/body><\/p>\n","protected":false},"excerpt":{"rendered":"<p>MEXICO, 5 abr (Xinhua) &#8212; El presidente mexicano, Enrique Pe\u00f1a Nieto, exigi\u00f3 hoy jueves a su similar estadounidense, Donald Trump, no dirigir su \u00abfrustraci\u00f3n por asuntos de pol\u00edtica interna\u00bb hacia los mexicanos. \u00abSi sus recientes declaraciones derivan de una frustraci\u00f3n por asuntos de pol\u00edtica interna, de sus leyes o de su Congreso, dir\u00edjase a ellos, [&hellip;]<\/p>\n","protected":false},"author":3,"featured_media":0,"comment_status":"open","ping_status":"open","sticky":false,"template":"","format":"standard","meta":{"footnotes":""},"categories":[23],"tags":[],"class_list":["post-231074","post","type-post","status-publish","format-standard","hentry","category-internacional"],"_links":{"self":[{"href":"https:\/\/diariodominicano.com\/index.php?rest_route=\/wp\/v2\/posts\/231074","targetHints":{"allow":["GET"]}}],"collection":[{"href":"https:\/\/diariodominicano.com\/index.php?rest_route=\/wp\/v2\/posts"}],"about":[{"href":"https:\/\/diariodominicano.com\/index.php?rest_route=\/wp\/v2\/types\/post"}],"author":[{"embeddable":true,"href":"https:\/\/diariodominicano.com\/index.php?rest_route=\/wp\/v2\/users\/3"}],"replies":[{"embeddable":true,"href":"https:\/\/diariodominicano.com\/index.php?rest_route=%2Fwp%2Fv2%2Fcomments&post=231074"}],"version-history":[{"count":0,"href":"https:\/\/diariodominicano.com\/index.php?rest_route=\/wp\/v2\/posts\/231074\/revisions"}],"wp:attachment":[{"href":"https:\/\/diariodominicano.com\/index.php?rest_route=%2Fwp%2Fv2%2Fmedia&parent=231074"}],"wp:term":[{"taxonomy":"category","embeddable":true,"href":"https:\/\/diariodominicano.com\/index.php?rest_route=%2Fwp%2Fv2%2Fcategories&post=231074"},{"taxonomy":"post_tag","embeddable":true,"href":"https:\/\/diariodominicano.com\/index.php?rest_route=%2Fwp%2Fv2%2Ftags&post=231074"}],"curies":[{"name":"wp","href":"https:\/\/api.w.org\/{rel}","templated":true}]}}