{"id":231072,"date":"2018-04-06T01:11:26","date_gmt":"2018-04-06T01:11:26","guid":{"rendered":"http:\/\/diariodominicano.ddns.net\/?p=231072"},"modified":"2018-04-06T01:11:26","modified_gmt":"2018-04-06T01:11:26","slug":"tiroteo-deja-4-muertos-y-3-heridos-en-universidad-turca","status":"publish","type":"post","link":"https:\/\/diariodominicano.com\/?p=231072","title":{"rendered":"Tiroteo deja 4 muertos y 3 heridos en universidad turca"},"content":{"rendered":"<p><body><\/p>\n<p><img decoding=\"async\" src=\"img3\/137090782_15229846519871n.jpg\" \/>  <\/p>\n<p> (1)TURQUIA-ESKISEHIR-TIROTEO<\/p>\n<\/p>\n<p>Elementos de la polic\u00eda de Turqu\u00eda vigilan despu\u00e9s de un tiroteo en la Universidad Osmangazi, en Eskisehir, Turqu\u00eda, el 5 de abril de 2018. Un investigador mat\u00f3 a tiros el jueves a cuatro de sus colegas e hiri\u00f3 a tres m\u00e1s en la Universidad de Osmangazi en Eskisehir, en el noroeste de Turqu\u00eda. Ozdemir Cakacak, gobernador de Eskisehir, dijo a los reporteros en el lugar que el atacante, identificado como Volkan Bayar, dispar\u00f3 y mat\u00f3 a un vicedecano, al secretario acad\u00e9mico y a dos colegas m\u00e1s. (Xinhua\/Str)<\/p>\n<p><strong>ESTAMBUL, Turqu\u00eda, 5 abr (Xinhua) &#8211;<\/strong>&#8211; Un investigador mat\u00f3 a tiros hoy a cuatro de sus colegas e hiri\u00f3 a tres m\u00e1s en la Universidad de Osmangazi en Eskisehir, en el noroeste de Turqu\u00eda.<\/p>\n<\/p>\n<p>Ozdemir Cakacak, gobernador de Eskisehir, dijo a los reporteros en el lugar que el atacante, identificado como Volkan Bayar, dispar\u00f3 y mat\u00f3 a un vicedecano, al secretario acad\u00e9mico y a dos colegas m\u00e1s.<\/p>\n<\/p>\n<p>\u00abTres fiscales han sido asignados para investigar el incidente\u00bb, dijo Cakacak en una declaraci\u00f3n televisada, y a\u00f1adi\u00f3 que m\u00e1s detalles ser\u00e1n dados a conocer cuando concluya la investigaci\u00f3n.<\/p>\n<\/p>\n<p>El gobernador no habl\u00f3 de los heridos, pero medios de comunicaci\u00f3n informaron que tres personas m\u00e1s resultaron heridas en el tiroteo, un hecho poco com\u00fan en los campus turcos.<\/p>\n<\/p>\n<p>En im\u00e1genes de CNNTurk, se observa a familias y parientes de las v\u00edctimas que corren hacia la universidad y a algunos acad\u00e9micos que expresa su ira por el incidente.<\/p>\n<\/p>\n<p>\u00abDespu\u00e9s del asesinato, el atacante sali\u00f3 del edificio con pistola en mano, pero pronto fue capturado por nuestros guardias de seguridad\u00bb, dijo Hasan Gonen, rector de la universidad.<\/p>\n<\/p>\n<h6> 2018-04-06 01:11:26 <\/h6>\n<p><!--\n<link rel=\"stylesheet\" href=\"css\/bootstrap.min.css\">\n\n\n<ul class=\"pagination\">\n\t    \n\t\n\n<li >\n\t<a href='?page_no=10719'>Previous<\/a>\n\t<\/li>\n\n\n       \n    \n\n<li><a href='?page_no=1'>1<\/a><\/li>\n\n\n\n<li><a href='?page_no=2'>2<\/a><\/li>\n\n\n\n<li><a>...<\/a><\/li>\n\n\n\n<li><a href='?page_no=10718'>10718<\/a><\/li>\n\n\n\n<li><a href='?page_no=10719'>10719<\/a><\/li>\n\n\n\n<li class='active'><a>10720<\/a><\/li>\n\n\n\n<li><a href='?page_no=10721'>10721<\/a><\/li>\n\n\n\n<li><a href='?page_no=10722'>10722<\/a><\/li>\n\n\n\n<li><a>...<\/a><\/li>\n\n\n\n<li><a href='?page_no=51012'>51012<\/a><\/li>\n\n\n\n<li><a href='?page_no=51013'>51013<\/a><\/li>\n\n    \n\t\n\n<li >\n\t<a href='?page_no=10721'>Next<\/a>\n\t<\/li>\n\n\n    \n\n<li><a href='?page_no=51013'>Last &rsaquo;&rsaquo;<\/a><\/li>\n\n<\/ul>\n\n\n--><br \/>\n<\/body><\/p>\n","protected":false},"excerpt":{"rendered":"<p>(1)TURQUIA-ESKISEHIR-TIROTEO Elementos de la polic\u00eda de Turqu\u00eda vigilan despu\u00e9s de un tiroteo en la Universidad Osmangazi, en Eskisehir, Turqu\u00eda, el 5 de abril de 2018. Un investigador mat\u00f3 a tiros el jueves a cuatro de sus colegas e hiri\u00f3 a tres m\u00e1s en la Universidad de Osmangazi en Eskisehir, en el noroeste de Turqu\u00eda. Ozdemir [&hellip;]<\/p>\n","protected":false},"author":3,"featured_media":0,"comment_status":"open","ping_status":"open","sticky":false,"template":"","format":"standard","meta":{"footnotes":""},"categories":[23],"tags":[],"class_list":["post-231072","post","type-post","status-publish","format-standard","hentry","category-internacional"],"_links":{"self":[{"href":"https:\/\/diariodominicano.com\/index.php?rest_route=\/wp\/v2\/posts\/231072","targetHints":{"allow":["GET"]}}],"collection":[{"href":"https:\/\/diariodominicano.com\/index.php?rest_route=\/wp\/v2\/posts"}],"about":[{"href":"https:\/\/diariodominicano.com\/index.php?rest_route=\/wp\/v2\/types\/post"}],"author":[{"embeddable":true,"href":"https:\/\/diariodominicano.com\/index.php?rest_route=\/wp\/v2\/users\/3"}],"replies":[{"embeddable":true,"href":"https:\/\/diariodominicano.com\/index.php?rest_route=%2Fwp%2Fv2%2Fcomments&post=231072"}],"version-history":[{"count":0,"href":"https:\/\/diariodominicano.com\/index.php?rest_route=\/wp\/v2\/posts\/231072\/revisions"}],"wp:attachment":[{"href":"https:\/\/diariodominicano.com\/index.php?rest_route=%2Fwp%2Fv2%2Fmedia&parent=231072"}],"wp:term":[{"taxonomy":"category","embeddable":true,"href":"https:\/\/diariodominicano.com\/index.php?rest_route=%2Fwp%2Fv2%2Fcategories&post=231072"},{"taxonomy":"post_tag","embeddable":true,"href":"https:\/\/diariodominicano.com\/index.php?rest_route=%2Fwp%2Fv2%2Ftags&post=231072"}],"curies":[{"name":"wp","href":"https:\/\/api.w.org\/{rel}","templated":true}]}}