{"id":231069,"date":"2018-04-06T01:23:39","date_gmt":"2018-04-06T01:23:39","guid":{"rendered":"http:\/\/diariodominicano.ddns.net\/?p=231069"},"modified":"2018-04-06T01:23:39","modified_gmt":"2018-04-06T01:23:39","slug":"aterriza-vuelo-inaugural-china-panama-con-expectativas-de-potenciar-conexion-asia-america-latina","status":"publish","type":"post","link":"https:\/\/diariodominicano.com\/?p=231069","title":{"rendered":"Aterriza vuelo inaugural China-Panam\u00e1 con expectativas de potenciar conexi\u00f3n Asia-Am\u00e9rica Latina"},"content":{"rendered":"<p><body><\/p>\n<p><img decoding=\"async\" src=\"img3\/137091709_15229867247301n.jpg\" \/><br \/><img decoding=\"async\" src=\"img3\/137091709_1522987445343_title0h.jpg\" \/>  <\/p>\n<p><strong> (1)PANAMA-CIUDAD DE PANAMA-CHINA-PRIMER VUELO-AIR CHINA<\/strong><\/p>\n<p><strong> <\/strong><\/p>\n<p><strong>Un empleado trabaja en la pista de aterrizajes durante la llegada del primer vuelo de la aerol\u00ednea china Air China a Panam\u00e1, en el Aeropuerto Internacional de Tocumen, en la Ciudad de Panam\u00e1, capital de Panam\u00e1, el 5 de abril de 2018. El vuelo inaugural de Air China entre Beijing y Ciudad de Panam\u00e1 aterriz\u00f3 hacia las 14:30 hora local (19:30 GMT) del jueves en el Aeropuerto Internacional de Tocumen, y fue recibido en un acto en el que el presidente paname\u00f1o, Juan Carlos Varela, destac\u00f3 el valor de este paso para la conexi\u00f3n entre Asia y Am\u00e9rica Latina. \u00abNo solo es un puente entre China y Panam\u00e1, es un puente a\u00e9reo entre Am\u00e9rica Latina, Centroam\u00e9rica y el Caribe y Asia, el que se est\u00e1 abriendo, y que va a ayudar a fortalecer nuestras relaciones y a acercar nuestras econom\u00edas y nuestros pueblos\u00bb, manifest\u00f3 Varela en el concurrido acto en el terminal a\u00e9reo paname\u00f1o m\u00e1s importante. (Xinhua\/Mauricio Valenzuela)<\/strong><\/p>\n<\/p>\n<p><strong>PANAMA, 5 abr (Xinhua) &#8212; <\/strong>El vuelo inaugural de Air China entre Beijing y Ciudad de Panam\u00e1 aterriz\u00f3 hacia las 14:30 hora local (19:30 GMT) de hoy en el Aeropuerto Internacional de Tocumen, y fue recibido en un acto en el que el presidente paname\u00f1o, Juan Carlos Varela, destac\u00f3 el valor de este paso para la conexi\u00f3n entre Asia y Am\u00e9rica Latina.<\/p>\n<\/p>\n<p>\u00abNo solo es un puente entre China y Panam\u00e1, es un puente a\u00e9reo entre Am\u00e9rica Latina, Centroam\u00e9rica y el Caribe y Asia, el que se est\u00e1 abriendo, y que va a ayudar a fortalecer nuestras relaciones y a acercar nuestras econom\u00edas y nuestros pueblos\u00bb, manifest\u00f3 Varela en el concurrido acto en el terminal a\u00e9reo paname\u00f1o m\u00e1s importante.<\/p>\n<\/p>\n<p>Asegur\u00f3 que este vuelo inicial, con una escala t\u00e9cnica en Houston (Estados Unidos), permite acercar a m\u00e1s de 1.300 millones de chinos a los cerca de 600 millones de personas que viven en Am\u00e9rica Latina y el Caribe, agreg\u00f3 junto a una de las puertas de desembarque, en una sala desde cuyas ventanas se vio llegar al avi\u00f3n.<\/p>\n<\/p>\n<p>Frente a una nutrida concurrencia, y en un lugar decorado con rosas rojas y grandes carteles de la aerol\u00ednea, y frente a un auditorio colmado de turistas, miembros de la aerol\u00ednea y funcionarios que vinieron en este primer vuelo, el gobernante paname\u00f1o asegur\u00f3 que este es un hito m\u00e1s en las relaciones diplom\u00e1ticas establecidas el pasado 12 de junio entre su pa\u00eds y China.<\/p>\n<\/p>\n<p>El mandatario se\u00f1al\u00f3 adem\u00e1s que China ha jugado un papel relevante en la econom\u00eda paname\u00f1a, y subray\u00f3 que China es el segundo usuario del Canal de Panam\u00e1, luego de Estados Unidos, y que es el segundo proveedor de mercanc\u00edas en la paname\u00f1a Zona Libre de Col\u00f3n (ZLC), en el Caribe, y que juega un papel como el brazo comercial de China para Am\u00e9rica Latina.<\/p>\n<\/p>\n<p>\u00abPanam\u00e1 es la puerta de entrada a las Am\u00e9ricas y estamos seguros de que China jugar\u00e1 un papel importante regional y global desde Panam\u00e1\u00bb, a\u00f1adi\u00f3 el gobernante, apuntando que \u00abpor ello importantes multinacionales chinas dedicadas a actividades econ\u00f3micas, tur\u00edsticas, de energ\u00eda, banca, telecomunicaciones, construcci\u00f3n y tecnolog\u00eda se han establecido en Panam\u00e1\u00bb.<\/p>\n<\/p>\n<p>\u00abHemos sentado las bases para la construcci\u00f3n de una relaci\u00f3n basada en la confianza, el respeto y el bien com\u00fan de nuestros pueblos, y la llegada del vuelo de Air China lo confirma\u00bb, remarc\u00f3 Varela.<\/p>\n<\/p>\n<p>El gobernante consider\u00f3 adem\u00e1s como visionario el proyecto para la construcci\u00f3n de un tren entre Ciudad de Panam\u00e1 y la occidental ciudad paname\u00f1a de David, con participaci\u00f3n china, y que, acot\u00f3, se enfoca en un esfuerzo mayor para tratar de mejorar la infraestructura de transporte, ferrocarriles, aeropuertos y puertos, potenciando la log\u00edstica y reduciendo barreras al comercio.<\/p>\n<\/p>\n<p>El vicepresidente de Air China, Cao Jianxiong, destac\u00f3 por su parte en el acto el vuelo de 20 horas que logr\u00f3 conectar hoy a los dos pa\u00edses, lo que consider\u00f3 importante para construir un puente entre ambas naciones.<\/p>\n<\/p>\n<p>Carlos Duboy, gerente general del Aeropuerto Internacional de Tocumen, consider\u00f3 el vuelo como un paso en favor de la consolidaci\u00f3n del centro de conexiones a\u00e9reas que opera en el terminal.<\/p>\n<\/p>\n<p>El embajador de China en Panam\u00e1, Wei Qiang, coincidi\u00f3 por su parte en el acto en calificar este primer vuelo como un hito en las relaciones entre China y Panam\u00e1, que empezaron hace 164 a\u00f1os con la llegada de los primeros chinos a territorio paname\u00f1o para trabajar en la construcci\u00f3n del ferrocarril.<\/p>\n<\/p>\n<p>Se\u00f1al\u00f3 adem\u00e1s que acepta el reto que significa que le hayan considerado en Panam\u00e1 para el puesto de primer embajador chino en el pa\u00eds, y la distinci\u00f3n de \u00abembajador hist\u00f3rico de China en Panam\u00e1\u00bb, lo que dijo que \u00abno es por m\u00e9rito propio, sino en homenaje del profundo sentido hist\u00f3rico de las relaciones entre los dos pa\u00edses\u00bb.<\/p>\n<\/p>\n<p>Pedro Heilbron, presidente ejecutivo de Copa Airlines, la principal aerol\u00ednea paname\u00f1a, dijo a Xinhua que este primer vuelo es importante porque hay muy poca conectividad de Asia con Am\u00e9rica Latina, a\u00f1adiendo que Panam\u00e1, de esta forma, prueba nuevamente su estrat\u00e9gica posici\u00f3n como punto de conectividad para toda la regi\u00f3n.<\/p>\n<\/p>\n<p>El embajador de Panam\u00e1 en China, Francisco Carlo Escobar, quien viaj\u00f3 en el vuelo inaugural de Air China, expres\u00f3 entretanto a Xinhua su confianza en la amplia acogida que tendr\u00e1 esta ruta por ser la manera m\u00e1s r\u00e1pida de llegar desde el pa\u00eds asi\u00e1tico hasta esta parte del continente.<\/p>\n<\/p>\n<p>El ministro de Turismo de Panam\u00e1, Gustavo Him, consider\u00f3 adem\u00e1s como un r\u00e9cord el tiempo en el que se ha logrado el establecimiento de este vuelo.<\/p>\n<\/p>\n<p>\u00abEstamos haciendo una apertura al mercado m\u00e1s grande de origen de turistas en el mundo\u00bb, subray\u00f3 en conversaci\u00f3n con Xinhua.<\/p>\n<\/p>\n<p>Explic\u00f3 que cuenta con una lista de operadores de turismo chino y que est\u00e1n trabajando para ponerlos en contacto con sus similares de Panam\u00e1, y procurar nuevas oportunidades en el sector tur\u00edstico.<\/p>\n<h6> 2018-04-06 01:23:39 <\/h6>\n<p><!--\n<link rel=\"stylesheet\" href=\"css\/bootstrap.min.css\">\n\n\n<ul class=\"pagination\">\n\t    \n\t\n\n<li >\n\t<a href='?page_no=10717'>Previous<\/a>\n\t<\/li>\n\n\n       \n    \n\n<li><a href='?page_no=1'>1<\/a><\/li>\n\n\n\n<li><a href='?page_no=2'>2<\/a><\/li>\n\n\n\n<li><a>...<\/a><\/li>\n\n\n\n<li><a href='?page_no=10716'>10716<\/a><\/li>\n\n\n\n<li><a href='?page_no=10717'>10717<\/a><\/li>\n\n\n\n<li class='active'><a>10718<\/a><\/li>\n\n\n\n<li><a href='?page_no=10719'>10719<\/a><\/li>\n\n\n\n<li><a href='?page_no=10720'>10720<\/a><\/li>\n\n\n\n<li><a>...<\/a><\/li>\n\n\n\n<li><a href='?page_no=51012'>51012<\/a><\/li>\n\n\n\n<li><a href='?page_no=51013'>51013<\/a><\/li>\n\n    \n\t\n\n<li >\n\t<a href='?page_no=10719'>Next<\/a>\n\t<\/li>\n\n\n    \n\n<li><a href='?page_no=51013'>Last &rsaquo;&rsaquo;<\/a><\/li>\n\n<\/ul>\n\n\n--><br \/>\n<\/body><\/p>\n","protected":false},"excerpt":{"rendered":"<p>(1)PANAMA-CIUDAD DE PANAMA-CHINA-PRIMER VUELO-AIR CHINA Un empleado trabaja en la pista de aterrizajes durante la llegada del primer vuelo de la aerol\u00ednea china Air China a Panam\u00e1, en el Aeropuerto Internacional de Tocumen, en la Ciudad de Panam\u00e1, capital de Panam\u00e1, el 5 de abril de 2018. El vuelo inaugural de Air China entre Beijing [&hellip;]<\/p>\n","protected":false},"author":3,"featured_media":0,"comment_status":"open","ping_status":"open","sticky":false,"template":"","format":"standard","meta":{"footnotes":""},"categories":[23],"tags":[],"class_list":["post-231069","post","type-post","status-publish","format-standard","hentry","category-internacional"],"_links":{"self":[{"href":"https:\/\/diariodominicano.com\/index.php?rest_route=\/wp\/v2\/posts\/231069","targetHints":{"allow":["GET"]}}],"collection":[{"href":"https:\/\/diariodominicano.com\/index.php?rest_route=\/wp\/v2\/posts"}],"about":[{"href":"https:\/\/diariodominicano.com\/index.php?rest_route=\/wp\/v2\/types\/post"}],"author":[{"embeddable":true,"href":"https:\/\/diariodominicano.com\/index.php?rest_route=\/wp\/v2\/users\/3"}],"replies":[{"embeddable":true,"href":"https:\/\/diariodominicano.com\/index.php?rest_route=%2Fwp%2Fv2%2Fcomments&post=231069"}],"version-history":[{"count":0,"href":"https:\/\/diariodominicano.com\/index.php?rest_route=\/wp\/v2\/posts\/231069\/revisions"}],"wp:attachment":[{"href":"https:\/\/diariodominicano.com\/index.php?rest_route=%2Fwp%2Fv2%2Fmedia&parent=231069"}],"wp:term":[{"taxonomy":"category","embeddable":true,"href":"https:\/\/diariodominicano.com\/index.php?rest_route=%2Fwp%2Fv2%2Fcategories&post=231069"},{"taxonomy":"post_tag","embeddable":true,"href":"https:\/\/diariodominicano.com\/index.php?rest_route=%2Fwp%2Fv2%2Ftags&post=231069"}],"curies":[{"name":"wp","href":"https:\/\/api.w.org\/{rel}","templated":true}]}}