{"id":231057,"date":"2018-04-07T17:53:43","date_gmt":"2018-04-07T17:53:43","guid":{"rendered":"http:\/\/diariodominicano.ddns.net\/?p=231057"},"modified":"2018-04-07T17:53:43","modified_gmt":"2018-04-07T17:53:43","slug":"evo-morales-promulga-leyes-para-explotar-gas-en-zonas-de-tarija","status":"publish","type":"post","link":"https:\/\/diariodominicano.com\/?p=231057","title":{"rendered":"Evo Morales promulga leyes para explotar gas en zonas de Tarija"},"content":{"rendered":"<p><body><\/p>\n<p><strong>La Paz, 7 abr (PL) <\/strong>El presidente Evo Morales promulg\u00f3 hoy dos leyes para la exploraci\u00f3n y explotaci\u00f3n de gas natural en los campos de San Telmo y Astillero, en el departamento boliviano de Tarija.<\/p>\n<\/p>\n<p>El mandatario inform\u00f3 que el ministro de Hidrocarburos y Energ\u00eda, Luis Alberto S\u00e1nchez, asegur\u00f3 que para los trabajos en la zona de San Telmo est\u00e1 dispuesta una inversi\u00f3n de 193 millones de d\u00f3lares.<\/p>\n<\/p>\n<p>En tanto, dijo, para el campo de Astillero se cuenta con 489 millones, lo que totaliza entre ambos territorios cerca de 700 millones de d\u00f3lares, acot\u00f3.<\/p>\n<\/p>\n<p>Explic\u00f3 que seg\u00fan los estudios previamente realizados en San Telmo existen reservas cuantificadas en mil ocho trillones de pies c\u00fabicos (TCF, por sus siglas en ingl\u00e9s) de gas natural, por lo que &#8216;si nos va bien, al 2021 se estima una producci\u00f3n de cinco millones 500 mil metros c\u00fabicos por d\u00eda&#8217;, dijo.<\/p>\n<\/p>\n<p>Mientras, las investigaciones muestran que en Astillero las existencias son de un TCF, lo que significa, asever\u00f3 Morales, que para el 2021 la producci\u00f3n ascender\u00e1 a tres millones 500 mil metros c\u00fabicos por d\u00eda; &#8216;es la meta que tenemos de acuerdo a los estudios&#8217;, agreg\u00f3.<\/p>\n<\/p>\n<p>Las labores de exploraci\u00f3n y explotaci\u00f3n de ambos campos ricos en gas natural fueron concedidas a Petrobras, que tambi\u00e9n tienen como socios a las subsidiarias de la estatal Yacimientos Petrol\u00edferos Fiscales Bolivianos (YPFB), de Chaco y Andina.<\/p>\n<\/p>\n<p>Por su parte, el ministro S\u00e1nchez advirti\u00f3 que a pesar de que estos campos pertenecen al \u00e1rea reservada de Tariquia, la afectaci\u00f3n ser\u00e1 m\u00ednima, solo del 0,014 por ciento de toda la extensi\u00f3n de la zona.<\/p>\n<\/p>\n<p>jf\/lpn<\/p>\n<h6> 2018-04-07 17:53:43 <\/h6>\n<p><!--\n<link rel=\"stylesheet\" href=\"css\/bootstrap.min.css\">\n\n\n<ul class=\"pagination\">\n\t    \n\t\n\n<li >\n\t<a href='?page_no=10706'>Previous<\/a>\n\t<\/li>\n\n\n       \n    \n\n<li><a href='?page_no=1'>1<\/a><\/li>\n\n\n\n<li><a href='?page_no=2'>2<\/a><\/li>\n\n\n\n<li><a>...<\/a><\/li>\n\n\n\n<li><a href='?page_no=10705'>10705<\/a><\/li>\n\n\n\n<li><a href='?page_no=10706'>10706<\/a><\/li>\n\n\n\n<li class='active'><a>10707<\/a><\/li>\n\n\n\n<li><a href='?page_no=10708'>10708<\/a><\/li>\n\n\n\n<li><a href='?page_no=10709'>10709<\/a><\/li>\n\n\n\n<li><a>...<\/a><\/li>\n\n\n\n<li><a href='?page_no=51012'>51012<\/a><\/li>\n\n\n\n<li><a href='?page_no=51013'>51013<\/a><\/li>\n\n    \n\t\n\n<li >\n\t<a href='?page_no=10708'>Next<\/a>\n\t<\/li>\n\n\n    \n\n<li><a href='?page_no=51013'>Last &rsaquo;&rsaquo;<\/a><\/li>\n\n<\/ul>\n\n\n--><br \/>\n<\/body><\/p>\n","protected":false},"excerpt":{"rendered":"<p>La Paz, 7 abr (PL) El presidente Evo Morales promulg\u00f3 hoy dos leyes para la exploraci\u00f3n y explotaci\u00f3n de gas natural en los campos de San Telmo y Astillero, en el departamento boliviano de Tarija. El mandatario inform\u00f3 que el ministro de Hidrocarburos y Energ\u00eda, Luis Alberto S\u00e1nchez, asegur\u00f3 que para los trabajos en la [&hellip;]<\/p>\n","protected":false},"author":3,"featured_media":0,"comment_status":"open","ping_status":"open","sticky":false,"template":"","format":"standard","meta":{"footnotes":""},"categories":[23],"tags":[],"class_list":["post-231057","post","type-post","status-publish","format-standard","hentry","category-internacional"],"_links":{"self":[{"href":"https:\/\/diariodominicano.com\/index.php?rest_route=\/wp\/v2\/posts\/231057","targetHints":{"allow":["GET"]}}],"collection":[{"href":"https:\/\/diariodominicano.com\/index.php?rest_route=\/wp\/v2\/posts"}],"about":[{"href":"https:\/\/diariodominicano.com\/index.php?rest_route=\/wp\/v2\/types\/post"}],"author":[{"embeddable":true,"href":"https:\/\/diariodominicano.com\/index.php?rest_route=\/wp\/v2\/users\/3"}],"replies":[{"embeddable":true,"href":"https:\/\/diariodominicano.com\/index.php?rest_route=%2Fwp%2Fv2%2Fcomments&post=231057"}],"version-history":[{"count":0,"href":"https:\/\/diariodominicano.com\/index.php?rest_route=\/wp\/v2\/posts\/231057\/revisions"}],"wp:attachment":[{"href":"https:\/\/diariodominicano.com\/index.php?rest_route=%2Fwp%2Fv2%2Fmedia&parent=231057"}],"wp:term":[{"taxonomy":"category","embeddable":true,"href":"https:\/\/diariodominicano.com\/index.php?rest_route=%2Fwp%2Fv2%2Fcategories&post=231057"},{"taxonomy":"post_tag","embeddable":true,"href":"https:\/\/diariodominicano.com\/index.php?rest_route=%2Fwp%2Fv2%2Ftags&post=231057"}],"curies":[{"name":"wp","href":"https:\/\/api.w.org\/{rel}","templated":true}]}}