{"id":231056,"date":"2018-04-07T17:56:00","date_gmt":"2018-04-07T17:56:00","guid":{"rendered":"http:\/\/diariodominicano.ddns.net\/?p=231056"},"modified":"2018-04-07T17:56:00","modified_gmt":"2018-04-07T17:56:00","slug":"condena-egipto-violencia-israeli-contra-palestinos","status":"publish","type":"post","link":"https:\/\/diariodominicano.com\/?p=231056","title":{"rendered":"Condena Egipto violencia israel\u00ed contra palestinos"},"content":{"rendered":"<p><body><\/p>\n<p><strong>El Cairo, 7 abr (PL) <\/strong>Egipto conden\u00f3 hoy el continuo \u00bbuso de fuerza y violencia excesiva\u00bb por parte de los soldados israel\u00edes contra los palestinos que de manera pacifica se han manifestado en Gaza los dos \u00faltimos viernes.<\/p>\n<\/p>\n<p>Como consecuencia de las acciones de los uniformados de Tel Aviv la v\u00edspera al menos nueve palestinos murieron y miles resultaron heridos.<\/p>\n<\/p>\n<p>Un comunicado del Ministerio de Relaciones Exteriores de Egipto resalt\u00f3 la tradicional postura de El Cairo en contra de la imposici\u00f3n de la violencia a los palestinos que reclaman sus &#8216;leg\u00edtimos y justos derechos&#8217;.<\/p>\n<\/p>\n<p>El texto inst\u00f3 asimismo a la comunidad internacional a realizar esfuerzos serios para ayudar al pueblo palestino a garantizar su derecho a establecer un Estado independiente con Jerusal\u00e9n Oriental como su capital.<\/p>\n<\/p>\n<p>La movilizaci\u00f3n palestina en Gaza, que incluye el levantamiento de campamentos improvisados en las cercan\u00edas de la frontera, proseguir\u00e1 hasta el 15 de mayo, cuando se conmemora la Nakba (cat\u00e1strofe), fecha de la creaci\u00f3n en 1948 del Estado de Israel y el inicio del \u00e9xodo forzoso de unos 750 mil palestinos de sus tierras ancestrales.<\/p>\n<\/p>\n<p>jf\/mv<\/p>\n<h6> 2018-04-07 17:56:00 <\/h6>\n<p><!--\n<link rel=\"stylesheet\" href=\"css\/bootstrap.min.css\">\n\n\n<ul class=\"pagination\">\n\t    \n\t\n\n<li >\n\t<a href='?page_no=10705'>Previous<\/a>\n\t<\/li>\n\n\n       \n    \n\n<li><a href='?page_no=1'>1<\/a><\/li>\n\n\n\n<li><a href='?page_no=2'>2<\/a><\/li>\n\n\n\n<li><a>...<\/a><\/li>\n\n\n\n<li><a href='?page_no=10704'>10704<\/a><\/li>\n\n\n\n<li><a href='?page_no=10705'>10705<\/a><\/li>\n\n\n\n<li class='active'><a>10706<\/a><\/li>\n\n\n\n<li><a href='?page_no=10707'>10707<\/a><\/li>\n\n\n\n<li><a href='?page_no=10708'>10708<\/a><\/li>\n\n\n\n<li><a>...<\/a><\/li>\n\n\n\n<li><a href='?page_no=51012'>51012<\/a><\/li>\n\n\n\n<li><a href='?page_no=51013'>51013<\/a><\/li>\n\n    \n\t\n\n<li >\n\t<a href='?page_no=10707'>Next<\/a>\n\t<\/li>\n\n\n    \n\n<li><a href='?page_no=51013'>Last &rsaquo;&rsaquo;<\/a><\/li>\n\n<\/ul>\n\n\n--><br \/>\n<\/body><\/p>\n","protected":false},"excerpt":{"rendered":"<p>El Cairo, 7 abr (PL) Egipto conden\u00f3 hoy el continuo \u00bbuso de fuerza y violencia excesiva\u00bb por parte de los soldados israel\u00edes contra los palestinos que de manera pacifica se han manifestado en Gaza los dos \u00faltimos viernes. Como consecuencia de las acciones de los uniformados de Tel Aviv la v\u00edspera al menos nueve palestinos [&hellip;]<\/p>\n","protected":false},"author":3,"featured_media":0,"comment_status":"open","ping_status":"open","sticky":false,"template":"","format":"standard","meta":{"footnotes":""},"categories":[23],"tags":[],"class_list":["post-231056","post","type-post","status-publish","format-standard","hentry","category-internacional"],"_links":{"self":[{"href":"https:\/\/diariodominicano.com\/index.php?rest_route=\/wp\/v2\/posts\/231056","targetHints":{"allow":["GET"]}}],"collection":[{"href":"https:\/\/diariodominicano.com\/index.php?rest_route=\/wp\/v2\/posts"}],"about":[{"href":"https:\/\/diariodominicano.com\/index.php?rest_route=\/wp\/v2\/types\/post"}],"author":[{"embeddable":true,"href":"https:\/\/diariodominicano.com\/index.php?rest_route=\/wp\/v2\/users\/3"}],"replies":[{"embeddable":true,"href":"https:\/\/diariodominicano.com\/index.php?rest_route=%2Fwp%2Fv2%2Fcomments&post=231056"}],"version-history":[{"count":0,"href":"https:\/\/diariodominicano.com\/index.php?rest_route=\/wp\/v2\/posts\/231056\/revisions"}],"wp:attachment":[{"href":"https:\/\/diariodominicano.com\/index.php?rest_route=%2Fwp%2Fv2%2Fmedia&parent=231056"}],"wp:term":[{"taxonomy":"category","embeddable":true,"href":"https:\/\/diariodominicano.com\/index.php?rest_route=%2Fwp%2Fv2%2Fcategories&post=231056"},{"taxonomy":"post_tag","embeddable":true,"href":"https:\/\/diariodominicano.com\/index.php?rest_route=%2Fwp%2Fv2%2Ftags&post=231056"}],"curies":[{"name":"wp","href":"https:\/\/api.w.org\/{rel}","templated":true}]}}