{"id":231055,"date":"2018-04-07T19:06:50","date_gmt":"2018-04-07T19:06:50","guid":{"rendered":"http:\/\/diariodominicano.ddns.net\/?p=231055"},"modified":"2018-04-07T19:06:50","modified_gmt":"2018-04-07T19:06:50","slug":"gobierno-boliviano-priorizara-este-ano-temas-productivos","status":"publish","type":"post","link":"https:\/\/diariodominicano.com\/?p=231055","title":{"rendered":"Gobierno boliviano priorizar\u00e1 este a\u00f1o temas productivos"},"content":{"rendered":"<p><body><\/p>\n<p><strong>La Paz, 7 abr (PL) <\/strong>El Gobierno boliviano priorizar\u00e1 este a\u00f1o las inversiones en temas productivos, agropecuarios y proyectos de agua potable y riego, asever\u00f3 hoy el presidente Evo Morales en la inauguraci\u00f3n de un estadio deportivo en Tarija.<\/p>\n<\/p>\n<p>&#8216;Agua m\u00e1s tierra es alimento seguro&#8217;, sentenci\u00f3 el mandatario, para luego anunciar que el pr\u00f3ximo mes se realizar\u00e1 un encuentro productivo nacional, por lo que pidi\u00f3 a las comunidades presentar propuestas para mejorar la producci\u00f3n y eliminar la pobreza.<\/p>\n<\/p>\n<p>Record\u00f3 que gracias a la nacionalizaci\u00f3n de los recursos naturales &#8216;ahora podemos llegar con muchas obras a toda Bolivia&#8217;.<\/p>\n<\/p>\n<p>Ejemplific\u00f3 con la firma efectuada este s\u00e1bado de dos leyes para la exploraci\u00f3n y explotaci\u00f3n de dos campos de hidrocarburos en San Telmo y Astilleros, en el departamento de Tarija, para lo cual se destina una inversi\u00f3n de m\u00e1s de 700 millones de d\u00f3lares.<\/p>\n<\/p>\n<p>&#8216;Vamos invirtiendo en nuevos campos petroleros, nuevas industrias, nuevas empresas p\u00fablicas para generar divisas y con esas utilidades atender las demandas que tiene el pueblo&#8217;, resalt\u00f3 el jefe de Estado.<\/p>\n<\/p>\n<p>Asimismo, coment\u00f3 que tras la nacionalizaci\u00f3n de los recursos naturales, Bolivia contin\u00faa creciendo econ\u00f3micamente gracias a la lucha del pueblo.<\/p>\n<\/p>\n<p>En cuatro a\u00f1os seguidos, dijo, la naci\u00f3n andino-amaz\u00f3nica se ha mantenido a la cabeza del crecimiento econ\u00f3mico en toda Sudam\u00e9rica, lo cual nunca hab\u00eda sucedido desde la fundaci\u00f3n de la rep\u00fablica.<\/p>\n<\/p>\n<p>&#8216;Algunos medios de comunicaci\u00f3n, expertos internacionales dicen que es un milagro, pero este no es un milagro, es la lucha del pueblo y la recuperaci\u00f3n de nuestros recursos naturales para cambiar nuestra econom\u00eda&#8217;, apunt\u00f3.<\/p>\n<\/p>\n<p>ymr\/lpn<\/p>\n<h6> 2018-04-07 19:06:50 <\/h6>\n<p><!--\n<link rel=\"stylesheet\" href=\"css\/bootstrap.min.css\">\n\n\n<ul class=\"pagination\">\n\t    \n\t\n\n<li >\n\t<a href='?page_no=10704'>Previous<\/a>\n\t<\/li>\n\n\n       \n    \n\n<li><a href='?page_no=1'>1<\/a><\/li>\n\n\n\n<li><a href='?page_no=2'>2<\/a><\/li>\n\n\n\n<li><a>...<\/a><\/li>\n\n\n\n<li><a href='?page_no=10703'>10703<\/a><\/li>\n\n\n\n<li><a href='?page_no=10704'>10704<\/a><\/li>\n\n\n\n<li class='active'><a>10705<\/a><\/li>\n\n\n\n<li><a href='?page_no=10706'>10706<\/a><\/li>\n\n\n\n<li><a href='?page_no=10707'>10707<\/a><\/li>\n\n\n\n<li><a>...<\/a><\/li>\n\n\n\n<li><a href='?page_no=51012'>51012<\/a><\/li>\n\n\n\n<li><a href='?page_no=51013'>51013<\/a><\/li>\n\n    \n\t\n\n<li >\n\t<a href='?page_no=10706'>Next<\/a>\n\t<\/li>\n\n\n    \n\n<li><a href='?page_no=51013'>Last &rsaquo;&rsaquo;<\/a><\/li>\n\n<\/ul>\n\n\n--><br \/>\n<\/body><\/p>\n","protected":false},"excerpt":{"rendered":"<p>La Paz, 7 abr (PL) El Gobierno boliviano priorizar\u00e1 este a\u00f1o las inversiones en temas productivos, agropecuarios y proyectos de agua potable y riego, asever\u00f3 hoy el presidente Evo Morales en la inauguraci\u00f3n de un estadio deportivo en Tarija. &#8216;Agua m\u00e1s tierra es alimento seguro&#8217;, sentenci\u00f3 el mandatario, para luego anunciar que el pr\u00f3ximo mes [&hellip;]<\/p>\n","protected":false},"author":3,"featured_media":0,"comment_status":"open","ping_status":"open","sticky":false,"template":"","format":"standard","meta":{"footnotes":""},"categories":[23],"tags":[],"class_list":["post-231055","post","type-post","status-publish","format-standard","hentry","category-internacional"],"_links":{"self":[{"href":"https:\/\/diariodominicano.com\/index.php?rest_route=\/wp\/v2\/posts\/231055","targetHints":{"allow":["GET"]}}],"collection":[{"href":"https:\/\/diariodominicano.com\/index.php?rest_route=\/wp\/v2\/posts"}],"about":[{"href":"https:\/\/diariodominicano.com\/index.php?rest_route=\/wp\/v2\/types\/post"}],"author":[{"embeddable":true,"href":"https:\/\/diariodominicano.com\/index.php?rest_route=\/wp\/v2\/users\/3"}],"replies":[{"embeddable":true,"href":"https:\/\/diariodominicano.com\/index.php?rest_route=%2Fwp%2Fv2%2Fcomments&post=231055"}],"version-history":[{"count":0,"href":"https:\/\/diariodominicano.com\/index.php?rest_route=\/wp\/v2\/posts\/231055\/revisions"}],"wp:attachment":[{"href":"https:\/\/diariodominicano.com\/index.php?rest_route=%2Fwp%2Fv2%2Fmedia&parent=231055"}],"wp:term":[{"taxonomy":"category","embeddable":true,"href":"https:\/\/diariodominicano.com\/index.php?rest_route=%2Fwp%2Fv2%2Fcategories&post=231055"},{"taxonomy":"post_tag","embeddable":true,"href":"https:\/\/diariodominicano.com\/index.php?rest_route=%2Fwp%2Fv2%2Ftags&post=231055"}],"curies":[{"name":"wp","href":"https:\/\/api.w.org\/{rel}","templated":true}]}}