{"id":231053,"date":"2018-04-08T01:53:40","date_gmt":"2018-04-08T01:53:40","guid":{"rendered":"http:\/\/diariodominicano.ddns.net\/?p=231053"},"modified":"2018-04-08T01:53:40","modified_gmt":"2018-04-08T01:53:40","slug":"tres-muertos-y-multiples-heridos-por-ataque-con-vehiculo-en-oeste-de-alemania","status":"publish","type":"post","link":"https:\/\/diariodominicano.com\/?p=231053","title":{"rendered":"Tres muertos y m\u00faltiples heridos por ataque con veh\u00edculo en oeste de Alemania"},"content":{"rendered":"<p><body><\/p>\n<p><img decoding=\"async\" src=\"img3\/137094641_15231482002031n.jpg\" \/>  <\/p>\n<\/p>\n<p><strong>(Xinhua\/Luo Huanhuan)<\/strong><\/p>\n<p><strong>FRANKFURT, Alemania, 7 abr (Xinhua) &#8212;<\/strong>Tres personas murieron y una docena m\u00e1s resultaron heridas luego de que una camioneta arremeti\u00f3 contra una multitud en el viejo poblado de Muenster, en el oeste de Alemania, declar\u00f3 a la prensa esta noche Herbert Reul, ministro del Interior del Estado Norte Rhine-Westphalia. Entre los muertos se cuenta al perpetrador.<\/p>\n<h6> 2018-04-08 01:53:40 <\/h6>\n<p><!--\n<link rel=\"stylesheet\" href=\"css\/bootstrap.min.css\">\n\n\n<ul class=\"pagination\">\n\t    \n\t\n\n<li >\n\t<a href='?page_no=10702'>Previous<\/a>\n\t<\/li>\n\n\n       \n    \n\n<li><a href='?page_no=1'>1<\/a><\/li>\n\n\n\n<li><a href='?page_no=2'>2<\/a><\/li>\n\n\n\n<li><a>...<\/a><\/li>\n\n\n\n<li><a href='?page_no=10701'>10701<\/a><\/li>\n\n\n\n<li><a href='?page_no=10702'>10702<\/a><\/li>\n\n\n\n<li class='active'><a>10703<\/a><\/li>\n\n\n\n<li><a href='?page_no=10704'>10704<\/a><\/li>\n\n\n\n<li><a href='?page_no=10705'>10705<\/a><\/li>\n\n\n\n<li><a>...<\/a><\/li>\n\n\n\n<li><a href='?page_no=51012'>51012<\/a><\/li>\n\n\n\n<li><a href='?page_no=51013'>51013<\/a><\/li>\n\n    \n\t\n\n<li >\n\t<a href='?page_no=10704'>Next<\/a>\n\t<\/li>\n\n\n    \n\n<li><a href='?page_no=51013'>Last &rsaquo;&rsaquo;<\/a><\/li>\n\n<\/ul>\n\n\n--><br \/>\n<\/body><\/p>\n","protected":false},"excerpt":{"rendered":"<p>(Xinhua\/Luo Huanhuan) FRANKFURT, Alemania, 7 abr (Xinhua) &#8212;Tres personas murieron y una docena m\u00e1s resultaron heridas luego de que una camioneta arremeti\u00f3 contra una multitud en el viejo poblado de Muenster, en el oeste de Alemania, declar\u00f3 a la prensa esta noche Herbert Reul, ministro del Interior del Estado Norte Rhine-Westphalia. Entre los muertos se [&hellip;]<\/p>\n","protected":false},"author":3,"featured_media":0,"comment_status":"open","ping_status":"open","sticky":false,"template":"","format":"standard","meta":{"footnotes":""},"categories":[23],"tags":[],"class_list":["post-231053","post","type-post","status-publish","format-standard","hentry","category-internacional"],"_links":{"self":[{"href":"https:\/\/diariodominicano.com\/index.php?rest_route=\/wp\/v2\/posts\/231053","targetHints":{"allow":["GET"]}}],"collection":[{"href":"https:\/\/diariodominicano.com\/index.php?rest_route=\/wp\/v2\/posts"}],"about":[{"href":"https:\/\/diariodominicano.com\/index.php?rest_route=\/wp\/v2\/types\/post"}],"author":[{"embeddable":true,"href":"https:\/\/diariodominicano.com\/index.php?rest_route=\/wp\/v2\/users\/3"}],"replies":[{"embeddable":true,"href":"https:\/\/diariodominicano.com\/index.php?rest_route=%2Fwp%2Fv2%2Fcomments&post=231053"}],"version-history":[{"count":0,"href":"https:\/\/diariodominicano.com\/index.php?rest_route=\/wp\/v2\/posts\/231053\/revisions"}],"wp:attachment":[{"href":"https:\/\/diariodominicano.com\/index.php?rest_route=%2Fwp%2Fv2%2Fmedia&parent=231053"}],"wp:term":[{"taxonomy":"category","embeddable":true,"href":"https:\/\/diariodominicano.com\/index.php?rest_route=%2Fwp%2Fv2%2Fcategories&post=231053"},{"taxonomy":"post_tag","embeddable":true,"href":"https:\/\/diariodominicano.com\/index.php?rest_route=%2Fwp%2Fv2%2Ftags&post=231053"}],"curies":[{"name":"wp","href":"https:\/\/api.w.org\/{rel}","templated":true}]}}