{"id":231044,"date":"2018-04-08T13:06:07","date_gmt":"2018-04-08T13:06:07","guid":{"rendered":"http:\/\/diariodominicano.ddns.net\/?p=231044"},"modified":"2018-04-08T13:06:07","modified_gmt":"2018-04-08T13:06:07","slug":"ministerio-de-educacion-en-haiti-prohibe-operar-a-35-escuelas","status":"publish","type":"post","link":"https:\/\/diariodominicano.com\/?p=231044","title":{"rendered":"Ministerio de Educaci\u00f3n en Hait\u00ed proh\u00edbe operar a 35 escuelas"},"content":{"rendered":"<p><body><\/p>\n<p><img decoding=\"async\" src=\"img3\/EscuelaHaiti8.jpg\" \/>  <\/p>\n<p><span class=\"text1noticias\">Puerto Pr\u00edncipe, 8 abr (PL) El Ministerio de Educaci\u00f3n y Formaci\u00f3n Profesional de Hait\u00ed (Menfp) retir\u00f3 la licencia de funcionamiento a 35 escuelas privadas en el departamento Oeste, por incumplir con los est\u00e1ndares m\u00ednimos institucionales, informaron hoy fuentes oficiales.<\/span><\/p>\n<p><span class=\"text1noticias\"> <\/span><\/p>\n<p><span class=\"text1noticias\">El director general del Menfp, Meniol Jeune, se\u00f1al\u00f3 que algunos de estos centros educativos &#8216;solo conservan el nombre&#8217; y no cumplen con los requisitos fijados por la m\u00e1xima instancia del sector, por lo cual est\u00e1 prohibida su operaci\u00f3n.<\/span><\/p>\n<p><span class=\"text1noticias\"> <\/span><\/p>\n<p><span class=\"text1noticias\">El funcionario enfatiz\u00f3 que la medida responde a un largo proceso de revisi\u00f3n y forma parte de la lucha contra la corrupci\u00f3n al interior del Menfp, un reclamo de su titular Pierre Josu\u00e9 Ag\u00e9nor Cadet.<\/span><\/p>\n<p><span class=\"text1noticias\"> <\/span><\/p>\n<p><span class=\"text1noticias\">Asimismo, inform\u00f3 que la entidad de educaci\u00f3n continuar\u00e1 su balance en todas las escuelas aprobadas del departamento, con el objetivo de corroborar el funcionamiento de las mismas y calidad educativa.<\/span><\/p>\n<p><span class=\"text1noticias\"> <\/span><\/p>\n<p><span class=\"text1noticias\">Desde su asunci\u00f3n del Ministerio en marzo de 2017, Cadet ha encabezado una lucha sistem\u00e1tica contra la corrupci\u00f3n.<\/span><\/p>\n<p><span class=\"text1noticias\"> <\/span><\/p>\n<p><span class=\"text1noticias\">En enero pasado someti\u00f3 al Menfp a una acuciosa investigaci\u00f3n que arroj\u00f3 la p\u00e9rdida de m\u00e1s de 72 millones de gourdes (un mill\u00f3n 121 mil 873 d\u00f3lares) en los denominados cheques zombis, que son aquellos emitidos a pesar de la ausencia del trabajador a su puesto lab<\/span>oral.<\/p>\n<h6> 2018-04-08 13:06:07 <\/h6>\n<p><!--\n<link rel=\"stylesheet\" href=\"css\/bootstrap.min.css\">\n\n\n<ul class=\"pagination\">\n\t    \n\t\n\n<li >\n\t<a href='?page_no=10695'>Previous<\/a>\n\t<\/li>\n\n\n       \n    \n\n<li><a href='?page_no=1'>1<\/a><\/li>\n\n\n\n<li><a href='?page_no=2'>2<\/a><\/li>\n\n\n\n<li><a>...<\/a><\/li>\n\n\n\n<li><a href='?page_no=10694'>10694<\/a><\/li>\n\n\n\n<li><a href='?page_no=10695'>10695<\/a><\/li>\n\n\n\n<li class='active'><a>10696<\/a><\/li>\n\n\n\n<li><a href='?page_no=10697'>10697<\/a><\/li>\n\n\n\n<li><a href='?page_no=10698'>10698<\/a><\/li>\n\n\n\n<li><a>...<\/a><\/li>\n\n\n\n<li><a href='?page_no=51012'>51012<\/a><\/li>\n\n\n\n<li><a href='?page_no=51013'>51013<\/a><\/li>\n\n    \n\t\n\n<li >\n\t<a href='?page_no=10697'>Next<\/a>\n\t<\/li>\n\n\n    \n\n<li><a href='?page_no=51013'>Last &rsaquo;&rsaquo;<\/a><\/li>\n\n<\/ul>\n\n\n--><br \/>\n<\/body><\/p>\n","protected":false},"excerpt":{"rendered":"<p>Puerto Pr\u00edncipe, 8 abr (PL) El Ministerio de Educaci\u00f3n y Formaci\u00f3n Profesional de Hait\u00ed (Menfp) retir\u00f3 la licencia de funcionamiento a 35 escuelas privadas en el departamento Oeste, por incumplir con los est\u00e1ndares m\u00ednimos institucionales, informaron hoy fuentes oficiales. El director general del Menfp, Meniol Jeune, se\u00f1al\u00f3 que algunos de estos centros educativos &#8216;solo conservan [&hellip;]<\/p>\n","protected":false},"author":3,"featured_media":0,"comment_status":"open","ping_status":"open","sticky":false,"template":"","format":"standard","meta":{"footnotes":""},"categories":[23],"tags":[],"class_list":["post-231044","post","type-post","status-publish","format-standard","hentry","category-internacional"],"_links":{"self":[{"href":"https:\/\/diariodominicano.com\/index.php?rest_route=\/wp\/v2\/posts\/231044","targetHints":{"allow":["GET"]}}],"collection":[{"href":"https:\/\/diariodominicano.com\/index.php?rest_route=\/wp\/v2\/posts"}],"about":[{"href":"https:\/\/diariodominicano.com\/index.php?rest_route=\/wp\/v2\/types\/post"}],"author":[{"embeddable":true,"href":"https:\/\/diariodominicano.com\/index.php?rest_route=\/wp\/v2\/users\/3"}],"replies":[{"embeddable":true,"href":"https:\/\/diariodominicano.com\/index.php?rest_route=%2Fwp%2Fv2%2Fcomments&post=231044"}],"version-history":[{"count":0,"href":"https:\/\/diariodominicano.com\/index.php?rest_route=\/wp\/v2\/posts\/231044\/revisions"}],"wp:attachment":[{"href":"https:\/\/diariodominicano.com\/index.php?rest_route=%2Fwp%2Fv2%2Fmedia&parent=231044"}],"wp:term":[{"taxonomy":"category","embeddable":true,"href":"https:\/\/diariodominicano.com\/index.php?rest_route=%2Fwp%2Fv2%2Fcategories&post=231044"},{"taxonomy":"post_tag","embeddable":true,"href":"https:\/\/diariodominicano.com\/index.php?rest_route=%2Fwp%2Fv2%2Ftags&post=231044"}],"curies":[{"name":"wp","href":"https:\/\/api.w.org\/{rel}","templated":true}]}}