{"id":231041,"date":"2018-04-09T09:32:17","date_gmt":"2018-04-09T09:32:17","guid":{"rendered":"http:\/\/diariodominicano.ddns.net\/?p=231041"},"modified":"2018-04-09T09:32:17","modified_gmt":"2018-04-09T09:32:17","slug":"paises-bajos-espera-que-se-traten-temas-mundiales-en-foro-de-boao","status":"publish","type":"post","link":"https:\/\/diariodominicano.com\/?p=231041","title":{"rendered":"Pa\u00edses Bajos espera que se traten temas mundiales en Foro de Boao"},"content":{"rendered":"<p><body><\/p>\n<p><strong>     LA HAYA, 8 abr (Xinhua) &#8212; <\/strong>El primer ministro holand\u00e9s, Mark Rutte, en v\u00edsperas de su viaje a China para asistir a la conferencia anual del Foro de Boao para Asia 2018, dijo que espera tratar asuntos internacionales, compartir ideas y realizar nuevos contactos durante el evento.<\/p>\n<\/p>\n<p>     \u00abMuy similar a las reuniones anuales (del Foro Econ\u00f3mico Mundial) en Davos (Suiza), el Foro de Boao ofrece una plataforma excelente para poder reunirse con l\u00edderes gubernamentales, empresariales, acad\u00e9micos y de grupos de expertos e intercambiar puntos de vista sobre asuntos mundiales\u00bb, dijo en entrevista exclusiva con Xinhua.<\/p>\n<\/p>\n<p>     Expres\u00f3 tambi\u00e9n que espera con inter\u00e9s un encuentro con el presidente chino, Xi Jinping, en el marco de la conferencia anual del Foro, que se celebrar\u00e1 del 8 al 11 de abril en la provincia insular meridional china de Hainan.<\/p>\n<\/p>\n<p>     Como la decimos\u00e9ptima econom\u00eda del mundo, el pa\u00eds europeo es un socio comercial importante de muchos pa\u00edses asi\u00e1ticos, puntualiz\u00f3 Rutte.<\/p>\n<\/p>\n<p>     \u00abEl comercio internacional es de suma importancia para la econom\u00eda holandesa. Obtenemos el 30 por ciento de la renta nacional de los productos y servicios exportados. Un tercio de nuestros puestos de trabajo est\u00e1 relacionado con el comercio internacional, directa o indirectamente, mientras que las inversiones extranjeras aportan un mill\u00f3n de empleos al pa\u00eds\u00bb, precis\u00f3.<\/p>\n<\/p>\n<p>     En este contexto, el primer ministro holand\u00e9s augur\u00f3 que Pa\u00edses Bajos y China, la segunda mayor econom\u00eda del mundo, tienen mucho que compartir, \u00abdebido a que nos enfrentamos a retos similares: la urbanizaci\u00f3n, una poblaci\u00f3n envejecida, las energ\u00edas limpias y la seguridad alimenticia\u00bb.<\/p>\n<\/p>\n<p>     \u00abPa\u00edses Bajos tiene pericia en todos estos terrenos, aun as\u00ed, tambi\u00e9n podemos aprender mucho de China\u00bb, a\u00f1adi\u00f3.<\/p>\n<\/p>\n<p>     En lo que ser\u00e1 su tercera visita a China, Rutte estar\u00e1 al frente de una gran delegaci\u00f3n comercial, compuesta por m\u00e1s de 230 miembros, procedentes de 165 empresas e instituciones investigadoras, adem\u00e1s de varios cargos gubernamentales.<\/p>\n<\/p>\n<p>     \u00abEsta visita es una excelente oportunidad para que las empresas realicen nuevos contactos y muestren en qu\u00e9 campos despunta Pa\u00edses Bajos\u00bb, dijo.<\/p>\n<\/p>\n<p>     \u00abLas compa\u00f1\u00edas holandesas se mantienen positivas a hacer negocios en China. Y estamos dispuestos a dar la bienvenida a la llegada de m\u00e1s empresas chinas a nuestro pa\u00eds\u00bb, agreg\u00f3.<\/p>\n<\/p>\n<p>     M\u00e1s de 1.000 compa\u00f1\u00edas holandesas ya est\u00e1n presentes en China, mientras que 450 empresas chinas est\u00e1n activas en Pa\u00edses Bajos. \u00abPara ellas, somos una puerta a Europa\u00bb, indic\u00f3, refiri\u00e9ndose al puerto de Rotterdam y al aeropuerto Schiphol de Amsterdam.<\/p>\n<\/p>\n<p>     Rutte espera que, durante la visita, se firmen m\u00e1s de 30 contratos y memorandos de entendimiento entre empresas holandesas y chinas, la mayor\u00eda en los campos de agroalimentaci\u00f3n, horticultura, sanidad, gesti\u00f3n de residuos y transporte verde.<\/p>\n<\/p>\n<p>     Las compa\u00f1\u00edas holandesas tambi\u00e9n han mostrado su inter\u00e9s en la iniciativa de la Franja y la Ruta, debido a que implica una enorme inversi\u00f3n en infraestructura.<\/p>\n<\/p>\n<p>     \u00abAqu\u00ed es donde las compa\u00f1\u00edas holandesas pueden ayudar a China con su gran experiencia en las esferas como log\u00edstica mar\u00edtima, desarrollo de puertos, as\u00ed como construcci\u00f3n y sostenibilidad de ferrocarriles y carreteras\u00bb, enfatiz\u00f3.<\/p>\n<\/p>\n<p>     La iniciativa, propuesta por China en 2013, busca lograr la conectividad de infraestructuras, negocios y entre pueblos a lo largo y m\u00e1s all\u00e1 de las antiguas rutas comerciales de la Ruta de la Seda, construyendo una nueva plataforma para la cooperaci\u00f3n internacional y generando nuevos motores de crecimiento.<\/p>\n<\/p>\n<p>     El mes pasado, el primer tren de carga directo que cubre la ruta entre Amsterdam y la ciudad oriental china de Yiwu parti\u00f3 de la capital holandesa rumbo al centro de comercio chino.<\/p>\n<\/p>\n<p>     Un servicio ferroviario directo que une Rotterdam y Tilburg, en Pa\u00edses Bajos, con Chengdu, en el suroeste de China, ha estado en operaci\u00f3n durante casi dos a\u00f1os.<\/p>\n<\/p>\n<p>     \u00abMe gusta ver esta conexi\u00f3n como un s\u00edmbolo del fomento de las relaciones chino-holandesas\u00bb, dijo Rutte. Fin<\/p>\n<\/p>\n<p><strong>Usan t\u00fanel subterr\u00e1neo para facilitar el transporte en el Foro Boao <\/strong><\/p>\n<p>2018-04-07 02:05:46  <\/p>\n<p>     BEIJING, 7 abr (Xinhua) &#8212; Un t\u00fanel subterr\u00e1neo comenz\u00f3 a operar hoy s\u00e1bado en la provincia insular del Hainan, en el sur de China, para facilitar el transporte en el venidero Foro Boao de Asia (BFA, por sus siglas en ingl\u00e9s).<\/p>\n<\/p>\n<p>     El t\u00fanel de dos direcciones, que tiene una longitud de 1,45 kil\u00f3metros, fue construido por la Corporaci\u00f3n de Construcci\u00f3n Ferroviaria de China y conecta el sitio fundacional del BFA y su centro internacional de conferencias.<\/p>\n<\/p>\n<p>     La instalaci\u00f3n reduce el tiempo de transporte entre los dos lugares de 25 minutos a apenas tres.<\/p>\n<\/p>\n<p>     El foro, que se celebrar\u00e1 del 8 al 11 de abril en Boao, una localidad costera de Hainan, tendr\u00e1 como tema \u00abUna Asia abierta e innovadora para un mundo de mayor prosperidad\u00bb.  Fin<\/p>\n<h6> 2018-04-09 09:32:17 <\/h6>\n<p><!--\n<link rel=\"stylesheet\" href=\"css\/bootstrap.min.css\">\n\n\n<ul class=\"pagination\">\n\t    \n\t\n\n<li >\n\t<a href='?page_no=10692'>Previous<\/a>\n\t<\/li>\n\n\n       \n    \n\n<li><a href='?page_no=1'>1<\/a><\/li>\n\n\n\n<li><a href='?page_no=2'>2<\/a><\/li>\n\n\n\n<li><a>...<\/a><\/li>\n\n\n\n<li><a href='?page_no=10691'>10691<\/a><\/li>\n\n\n\n<li><a href='?page_no=10692'>10692<\/a><\/li>\n\n\n\n<li class='active'><a>10693<\/a><\/li>\n\n\n\n<li><a href='?page_no=10694'>10694<\/a><\/li>\n\n\n\n<li><a href='?page_no=10695'>10695<\/a><\/li>\n\n\n\n<li><a>...<\/a><\/li>\n\n\n\n<li><a href='?page_no=51012'>51012<\/a><\/li>\n\n\n\n<li><a href='?page_no=51013'>51013<\/a><\/li>\n\n    \n\t\n\n<li >\n\t<a href='?page_no=10694'>Next<\/a>\n\t<\/li>\n\n\n    \n\n<li><a href='?page_no=51013'>Last &rsaquo;&rsaquo;<\/a><\/li>\n\n<\/ul>\n\n\n--><br \/>\n<\/body><\/p>\n","protected":false},"excerpt":{"rendered":"<p>LA HAYA, 8 abr (Xinhua) &#8212; El primer ministro holand\u00e9s, Mark Rutte, en v\u00edsperas de su viaje a China para asistir a la conferencia anual del Foro de Boao para Asia 2018, dijo que espera tratar asuntos internacionales, compartir ideas y realizar nuevos contactos durante el evento. \u00abMuy similar a las reuniones anuales (del Foro [&hellip;]<\/p>\n","protected":false},"author":3,"featured_media":0,"comment_status":"open","ping_status":"open","sticky":false,"template":"","format":"standard","meta":{"footnotes":""},"categories":[23],"tags":[],"class_list":["post-231041","post","type-post","status-publish","format-standard","hentry","category-internacional"],"_links":{"self":[{"href":"https:\/\/diariodominicano.com\/index.php?rest_route=\/wp\/v2\/posts\/231041","targetHints":{"allow":["GET"]}}],"collection":[{"href":"https:\/\/diariodominicano.com\/index.php?rest_route=\/wp\/v2\/posts"}],"about":[{"href":"https:\/\/diariodominicano.com\/index.php?rest_route=\/wp\/v2\/types\/post"}],"author":[{"embeddable":true,"href":"https:\/\/diariodominicano.com\/index.php?rest_route=\/wp\/v2\/users\/3"}],"replies":[{"embeddable":true,"href":"https:\/\/diariodominicano.com\/index.php?rest_route=%2Fwp%2Fv2%2Fcomments&post=231041"}],"version-history":[{"count":0,"href":"https:\/\/diariodominicano.com\/index.php?rest_route=\/wp\/v2\/posts\/231041\/revisions"}],"wp:attachment":[{"href":"https:\/\/diariodominicano.com\/index.php?rest_route=%2Fwp%2Fv2%2Fmedia&parent=231041"}],"wp:term":[{"taxonomy":"category","embeddable":true,"href":"https:\/\/diariodominicano.com\/index.php?rest_route=%2Fwp%2Fv2%2Fcategories&post=231041"},{"taxonomy":"post_tag","embeddable":true,"href":"https:\/\/diariodominicano.com\/index.php?rest_route=%2Fwp%2Fv2%2Ftags&post=231041"}],"curies":[{"name":"wp","href":"https:\/\/api.w.org\/{rel}","templated":true}]}}