{"id":231039,"date":"2018-04-09T09:34:11","date_gmt":"2018-04-09T09:34:11","guid":{"rendered":"http:\/\/diariodominicano.ddns.net\/?p=231039"},"modified":"2018-04-09T09:34:11","modified_gmt":"2018-04-09T09:34:11","slug":"presidente-chino-pronunciara-discurso-en-inauguracion-de-foro-de-boao-2018","status":"publish","type":"post","link":"https:\/\/diariodominicano.com\/?p=231039","title":{"rendered":"Presidente chino pronunciar\u00e1 discurso en inauguraci\u00f3n de Foro de Boao 2018"},"content":{"rendered":"<p><body><\/p>\n<p><img decoding=\"async\" src=\"img3\/135911711_14819307376061n.jpg\" \/><br \/><img decoding=\"async\" src=\"img3\/CmxmphS010030_20180407_MXPFN0A001.jpg\" \/><br \/><img decoding=\"async\" src=\"img3\/CmxmphS010029_20180407_MXPFN0A001.jpg\" \/>  <\/p>\n<p><strong>     BEIJING, 3 abr (Xinhua) &#8212; E<\/strong>l presidente de China, Xi Jinping, pronunciar\u00e1 un discurso en la ceremonia de apertura de la conferencia anual de 2018 del Foro de Boao para Asia (FBA), anunci\u00f3 hoy martes el consejero de Estado y ministro de Relaciones Exteriores de China, Wang Yi.<\/p>\n<\/p>\n<p>     El foro, que se celebrar\u00e1 del 8 al 11 de abril en Boao, una localidad costera de la provincia meridional isle\u00f1a china de Hainan, tendr\u00e1 como tema \u00abUna Asia abierta e innovadora para un mundo de mayor prosperidad\u00bb.<\/p>\n<\/p>\n<p>     Xi se reunir\u00e1 con jefes de Estado y de gobierno extranjeros, y funcionarios de organizaciones internacionales, mantendr\u00e1 una reuni\u00f3n colectiva con los directores del FBA y conversar\u00e1 con empresarios, adelant\u00f3 Wang.<\/p>\n<\/p>\n<p>     Esta ser\u00e1 la tercera ocasi\u00f3n en que Xi participa en la conferencia anual de FBA como presidente chino, lo que demuestra la importancia prestada y el apoyo dado al foro por Xi y el gobierno chino, se\u00f1al\u00f3 Wang.<\/p>\n<\/p>\n<p>     El presidente austriaco, Alexander Van der Bellen; el presidente filipino, Rodrigo Duterte; el primer ministro mongol, Ukhnaa Khurelsukh; el primer ministro holand\u00e9s, Mark Rutte; el primer ministro paquistan\u00ed, Shahid Khaqan Abbasi; el primer ministro de Singapur, Lee Hsien Loong; el secretario general de la ONU, Ant\u00f3nio Guterres, y la directora gerente del Fondo Monetario Internacional, Christine Lagarde, participar\u00e1n en el foro.<\/p>\n<\/p>\n<p>     Adem\u00e1s de acudir al foro, el presidente austriaco, el primer ministro holand\u00e9s, el primer ministro mongol, el primer ministro de Singapur y el secretario general de la ONU realizar\u00e1n una visita a China.<\/p>\n<\/p>\n<p>     Este a\u00f1o es el 40\u00ba aniversario de la reforma y apertura de China y el inicio de la aplicaci\u00f3n de las decisiones tomadas en el XIX Congreso Nacional del Partido Comunista de China (PCCh).<\/p>\n<\/p>\n<p>     La asistencia de Xi a la conferencia anual del FBA en este momento hist\u00f3rico tiene un gran significado para promover la diplomacia de gran pa\u00eds con peculiaridades chinas en la nueva era, estructurar una comunidad de destino para Asia y la humanidad y fomentar la causa de la paz y el desarrollo, seg\u00fan Wang.<\/p>\n<\/p>\n<p>     La conferencia anual del FBA es el primer evento diplom\u00e1tico importante que China alberga este a\u00f1o, se\u00f1al\u00f3 Wang, quien agreg\u00f3 que durante el foro se revelar\u00e1n las nuevas perspectivas de la reforma y apertura, se interpretar\u00e1 la nueva era del desarrollo de China, se har\u00e1n nuevas propuestas para el futuro, se impulsar\u00e1 el nuevo progreso de asociaci\u00f3n y se dar\u00e1 un nuevo impulso al desarrollo del FBA.<\/p>\n<\/p>\n<p>     Xi expondr\u00e1 los logros y experiencias de China en la reforma y apertura y su importancia e influencia en el mundo, adem\u00e1s de anunciar nuevas medidas para ampliar la reforma y apertura, de acuerdo con Wang.<\/p>\n<\/p>\n<p>     \u00abUna mayor reforma y apertura no son s\u00f3lo buenos para China, sino que tambi\u00e9n generan beneficios enormes al mundo. Es por eso que el foro de este a\u00f1o recibe tanta atenci\u00f3n\u00bb, dijo Lin Guijun, un acad\u00e9mico de la Universidad de Negocios y Econom\u00eda Internacionales.<\/p>\n<\/p>\n<p>     Los temas m\u00e1s importantes durante el foro podr\u00edan incluir a la Iniciativa de la Franja y la Ruta, la innovaci\u00f3n y la apertura, porque el mundo espera que China desempe\u00f1e un mayor papel en el combate del proteccionismo, dijo Lin.<\/p>\n<\/p>\n<p>     El presidente chino tambi\u00e9n explicar\u00e1 la postura de China sobre el establecimiento futuro de una comunidad de destino para Asia y la humanidad y la creaci\u00f3n conjunta de un mejor futuro para Asia y el mundo.<\/p>\n<\/p>\n<p>     \u00abEl concepto de &#8216;comunidad de destino&#8217; podr\u00eda ser un aspecto destacado porque es importante que los pa\u00edses se percaten de que comparten intereses comunes\u00bb, dijo Wang Jun, investigador del Centro de China para Intercambios Econ\u00f3micos Internacionales.<\/p>\n<\/p>\n<p>    El canciller chino dijo que m\u00e1s de 2.000 participantes de todas partes del mundo se reunir\u00e1n y ofrecer\u00e1n asesoramiento sobre la cooperaci\u00f3n, el desarrollo y la prosperidad.<\/p>\n<\/p>\n<p>     El FBA se ha estado expandiendo tanto en escala como en influencia desde su puesta en marcha hace 17 a\u00f1os, y ha desempe\u00f1ado un papel \u00fanico en la construcci\u00f3n de consensos, la profundizaci\u00f3n de la cooperaci\u00f3n regional, el fomento del desarrollo com\u00fan y la resoluci\u00f3n de los problemas asi\u00e1ticos y globales, sostuvo Wang. Fin<\/p>\n<\/p>\n<h6> 2018-04-09 09:34:11 <\/h6>\n<p><!--\n<link rel=\"stylesheet\" href=\"css\/bootstrap.min.css\">\n\n\n<ul class=\"pagination\">\n\t    \n\t\n\n<li >\n\t<a href='?page_no=10690'>Previous<\/a>\n\t<\/li>\n\n\n       \n    \n\n<li><a href='?page_no=1'>1<\/a><\/li>\n\n\n\n<li><a href='?page_no=2'>2<\/a><\/li>\n\n\n\n<li><a>...<\/a><\/li>\n\n\n\n<li><a href='?page_no=10689'>10689<\/a><\/li>\n\n\n\n<li><a href='?page_no=10690'>10690<\/a><\/li>\n\n\n\n<li class='active'><a>10691<\/a><\/li>\n\n\n\n<li><a href='?page_no=10692'>10692<\/a><\/li>\n\n\n\n<li><a href='?page_no=10693'>10693<\/a><\/li>\n\n\n\n<li><a>...<\/a><\/li>\n\n\n\n<li><a href='?page_no=51012'>51012<\/a><\/li>\n\n\n\n<li><a href='?page_no=51013'>51013<\/a><\/li>\n\n    \n\t\n\n<li >\n\t<a href='?page_no=10692'>Next<\/a>\n\t<\/li>\n\n\n    \n\n<li><a href='?page_no=51013'>Last &rsaquo;&rsaquo;<\/a><\/li>\n\n<\/ul>\n\n\n--><br \/>\n<\/body><\/p>\n","protected":false},"excerpt":{"rendered":"<p>BEIJING, 3 abr (Xinhua) &#8212; El presidente de China, Xi Jinping, pronunciar\u00e1 un discurso en la ceremonia de apertura de la conferencia anual de 2018 del Foro de Boao para Asia (FBA), anunci\u00f3 hoy martes el consejero de Estado y ministro de Relaciones Exteriores de China, Wang Yi. El foro, que se celebrar\u00e1 del 8 [&hellip;]<\/p>\n","protected":false},"author":3,"featured_media":0,"comment_status":"open","ping_status":"open","sticky":false,"template":"","format":"standard","meta":{"footnotes":""},"categories":[23],"tags":[],"class_list":["post-231039","post","type-post","status-publish","format-standard","hentry","category-internacional"],"_links":{"self":[{"href":"https:\/\/diariodominicano.com\/index.php?rest_route=\/wp\/v2\/posts\/231039","targetHints":{"allow":["GET"]}}],"collection":[{"href":"https:\/\/diariodominicano.com\/index.php?rest_route=\/wp\/v2\/posts"}],"about":[{"href":"https:\/\/diariodominicano.com\/index.php?rest_route=\/wp\/v2\/types\/post"}],"author":[{"embeddable":true,"href":"https:\/\/diariodominicano.com\/index.php?rest_route=\/wp\/v2\/users\/3"}],"replies":[{"embeddable":true,"href":"https:\/\/diariodominicano.com\/index.php?rest_route=%2Fwp%2Fv2%2Fcomments&post=231039"}],"version-history":[{"count":0,"href":"https:\/\/diariodominicano.com\/index.php?rest_route=\/wp\/v2\/posts\/231039\/revisions"}],"wp:attachment":[{"href":"https:\/\/diariodominicano.com\/index.php?rest_route=%2Fwp%2Fv2%2Fmedia&parent=231039"}],"wp:term":[{"taxonomy":"category","embeddable":true,"href":"https:\/\/diariodominicano.com\/index.php?rest_route=%2Fwp%2Fv2%2Fcategories&post=231039"},{"taxonomy":"post_tag","embeddable":true,"href":"https:\/\/diariodominicano.com\/index.php?rest_route=%2Fwp%2Fv2%2Ftags&post=231039"}],"curies":[{"name":"wp","href":"https:\/\/api.w.org\/{rel}","templated":true}]}}