{"id":231038,"date":"2018-04-09T09:39:37","date_gmt":"2018-04-09T09:39:37","guid":{"rendered":"http:\/\/diariodominicano.ddns.net\/?p=231038"},"modified":"2018-04-09T09:39:37","modified_gmt":"2018-04-09T09:39:37","slug":"politico-de-taiwan-participara-en-foro-boao","status":"publish","type":"post","link":"https:\/\/diariodominicano.com\/?p=231038","title":{"rendered":"Pol\u00edtico de Taiwan participar\u00e1 en Foro Boao"},"content":{"rendered":"<p><body><\/p>\n<p><img decoding=\"async\" src=\"img3\/CmxmphS010012_20180325_MXPFN0A001.jpg\" \/><br \/><img decoding=\"async\" src=\"img3\/CmxmphS010030_20180407_MXPFN0A001.jpg\" \/>  <\/p>\n<p><strong>     BEIJING, 28 mar (Xinhua) &#8212;<\/strong> El pol\u00edtico taiwan\u00e9s Vincent Siew, presidente honorario de la Fundaci\u00f3n del Mercado Com\u00fan entre Ambos Lados del Estrecho, con sede en la isla, asistir\u00e1 a la conferencia anual del Foro Boao para Asia 2018, anunci\u00f3 hoy mi\u00e9rcoles un portavoz de la parte continental de China.<\/p>\n<\/p>\n<p>     La conferencia de Boao se celebrar\u00e1 en la provincia sure\u00f1a china de Hainan entre el 8 y 11 de abril, dijo An Fengshan, vocero de la Oficina de Asuntos de Taiwan del Consejo de Estado.<\/p>\n<\/p>\n<p>     \u00abLas gestiones espec\u00edficas se est\u00e1n discutiendo\u00bb, inform\u00f3 An. Fin<\/p>\n<h6> 2018-04-09 09:39:37 <\/h6>\n<p><!--\n<link rel=\"stylesheet\" href=\"css\/bootstrap.min.css\">\n\n\n<ul class=\"pagination\">\n\t    \n\t\n\n<li >\n\t<a href='?page_no=10689'>Previous<\/a>\n\t<\/li>\n\n\n       \n    \n\n<li><a href='?page_no=1'>1<\/a><\/li>\n\n\n\n<li><a href='?page_no=2'>2<\/a><\/li>\n\n\n\n<li><a>...<\/a><\/li>\n\n\n\n<li><a href='?page_no=10688'>10688<\/a><\/li>\n\n\n\n<li><a href='?page_no=10689'>10689<\/a><\/li>\n\n\n\n<li class='active'><a>10690<\/a><\/li>\n\n\n\n<li><a href='?page_no=10691'>10691<\/a><\/li>\n\n\n\n<li><a href='?page_no=10692'>10692<\/a><\/li>\n\n\n\n<li><a>...<\/a><\/li>\n\n\n\n<li><a href='?page_no=51012'>51012<\/a><\/li>\n\n\n\n<li><a href='?page_no=51013'>51013<\/a><\/li>\n\n    \n\t\n\n<li >\n\t<a href='?page_no=10691'>Next<\/a>\n\t<\/li>\n\n\n    \n\n<li><a href='?page_no=51013'>Last &rsaquo;&rsaquo;<\/a><\/li>\n\n<\/ul>\n\n\n--><br \/>\n<\/body><\/p>\n","protected":false},"excerpt":{"rendered":"<p>BEIJING, 28 mar (Xinhua) &#8212; El pol\u00edtico taiwan\u00e9s Vincent Siew, presidente honorario de la Fundaci\u00f3n del Mercado Com\u00fan entre Ambos Lados del Estrecho, con sede en la isla, asistir\u00e1 a la conferencia anual del Foro Boao para Asia 2018, anunci\u00f3 hoy mi\u00e9rcoles un portavoz de la parte continental de China. La conferencia de Boao se [&hellip;]<\/p>\n","protected":false},"author":3,"featured_media":0,"comment_status":"open","ping_status":"open","sticky":false,"template":"","format":"standard","meta":{"footnotes":""},"categories":[23],"tags":[],"class_list":["post-231038","post","type-post","status-publish","format-standard","hentry","category-internacional"],"_links":{"self":[{"href":"https:\/\/diariodominicano.com\/index.php?rest_route=\/wp\/v2\/posts\/231038","targetHints":{"allow":["GET"]}}],"collection":[{"href":"https:\/\/diariodominicano.com\/index.php?rest_route=\/wp\/v2\/posts"}],"about":[{"href":"https:\/\/diariodominicano.com\/index.php?rest_route=\/wp\/v2\/types\/post"}],"author":[{"embeddable":true,"href":"https:\/\/diariodominicano.com\/index.php?rest_route=\/wp\/v2\/users\/3"}],"replies":[{"embeddable":true,"href":"https:\/\/diariodominicano.com\/index.php?rest_route=%2Fwp%2Fv2%2Fcomments&post=231038"}],"version-history":[{"count":0,"href":"https:\/\/diariodominicano.com\/index.php?rest_route=\/wp\/v2\/posts\/231038\/revisions"}],"wp:attachment":[{"href":"https:\/\/diariodominicano.com\/index.php?rest_route=%2Fwp%2Fv2%2Fmedia&parent=231038"}],"wp:term":[{"taxonomy":"category","embeddable":true,"href":"https:\/\/diariodominicano.com\/index.php?rest_route=%2Fwp%2Fv2%2Fcategories&post=231038"},{"taxonomy":"post_tag","embeddable":true,"href":"https:\/\/diariodominicano.com\/index.php?rest_route=%2Fwp%2Fv2%2Ftags&post=231038"}],"curies":[{"name":"wp","href":"https:\/\/api.w.org\/{rel}","templated":true}]}}