{"id":231032,"date":"2018-04-09T16:52:02","date_gmt":"2018-04-09T16:52:02","guid":{"rendered":"http:\/\/diariodominicano.ddns.net\/?p=231032"},"modified":"2018-04-09T16:52:02","modified_gmt":"2018-04-09T16:52:02","slug":"reunion-ee-uu-rpdc-sera-en-mayo-o-inicios-de-junio-expresa-trump","status":"publish","type":"post","link":"https:\/\/diariodominicano.com\/?p=231032","title":{"rendered":"Reuni\u00f3n EE.UU.-RPDC ser\u00e1 en mayo o inicios de junio, expresa Trump&#13;"},"content":{"rendered":"<p><body><\/p>\n<p><img decoding=\"async\" src=\"img3\/trump-entrevista.jpg\" \/>  <\/p>\n<p><strong> Washington, 9 abr (PL)<\/strong> El presidente estadounidense, Donald Trump, coment\u00f3 hoy que su previsto encuentro con el l\u00edder de la Rep\u00fablica Popular Democr\u00e1tica de Corea (RPDC), Kim Jong-un, ocurrir\u00e1 en mayo o principios de junio pr\u00f3ximo.<\/p>\n<\/p>\n<p>Como probablemente pueden ver, hemos estado en contacto con Corea del Norte, manifest\u00f3 el mandatario a reporteros en una reuni\u00f3n con su Gabinete en la Casa Blanca.<\/p>\n<\/p>\n<p>Nos reuniremos con ellos en alg\u00fan momento de mayo o principios de junio, y creo que habr\u00e1 un gran respeto por ambas partes, agreg\u00f3 el gobernante republicano.<\/p>\n<\/p>\n<p>A su juicio, las perspectivas para las conversaciones entre ambos pa\u00edses son muy emocionantes.<\/p>\n<\/p>\n<p>Por otra parte, y como ha hecho reiteradas veces, Trump critic\u00f3 a administraciones norteamericanas anteriores por no establecer un di\u00e1logo con la RPDC.<\/p>\n<\/p>\n<p>Otros presidentes estadounidenses debieron haber dialogado, pero decidieron no hacerlo; habr\u00eda sido mucho m\u00e1s f\u00e1cil si se hubiera hecho hace cinco, 10 o 20 a\u00f1os antes, sostuvo.<\/p>\n<\/p>\n<p>Desde esta capital, se divulg\u00f3 el pasado 8 de marzo que Trump acept\u00f3 una invitaci\u00f3n de Kim para celebrar un encuentro.<\/p>\n<\/p>\n<p>El director de Seguridad Nacional de Corea del Sur, Chung Eui-yong, expres\u00f3 en una comparecencia ante peridodistas en la Casa Blanca que el presidente estadounidense estuvo de acuerdo en reunirse con Kim para mayo pr\u00f3ximo.<\/p>\n<\/p>\n<p>Chung, quien encabez\u00f3 una delegaci\u00f3n enviada por su pa\u00eds a la RPDC d\u00edas antes del anuncio, asegur\u00f3 que en un di\u00e1logo previo con Trump le dio a conocer los detalles de las conversaciones con el l\u00edder norcoreano.<\/p>\n<\/p>\n<p>De acuerdo con el funcionario, Kim le comunic\u00f3 su compromiso con la desnuclearizaci\u00f3n y sostuvo que la RPDC se abstendr\u00e1 de realizar nuevas pruebas nucleares o de misiles.<\/p>\n<\/p>\n<p>Medios locales de prensa divulgaron ayer que funcionarios norcoreanos comunicaron al gobierno norteamericano que Kim est\u00e1 abierto a abordar este asunto en la reuni\u00f3n con Trump, sobre la cual se desconoce a\u00fan su sede.<\/p>\n<\/p>\n<p>lma\/dsa<\/p>\n<p>Temas Relacionados:<\/p>\n<h6> 2018-04-09 16:52:02 <\/h6>\n<p><!--\n<link rel=\"stylesheet\" href=\"css\/bootstrap.min.css\">\n\n\n<ul class=\"pagination\">\n\t    \n\t\n\n<li >\n\t<a href='?page_no=10684'>Previous<\/a>\n\t<\/li>\n\n\n       \n    \n\n<li><a href='?page_no=1'>1<\/a><\/li>\n\n\n\n<li><a href='?page_no=2'>2<\/a><\/li>\n\n\n\n<li><a>...<\/a><\/li>\n\n\n\n<li><a href='?page_no=10683'>10683<\/a><\/li>\n\n\n\n<li><a href='?page_no=10684'>10684<\/a><\/li>\n\n\n\n<li class='active'><a>10685<\/a><\/li>\n\n\n\n<li><a href='?page_no=10686'>10686<\/a><\/li>\n\n\n\n<li><a href='?page_no=10687'>10687<\/a><\/li>\n\n\n\n<li><a>...<\/a><\/li>\n\n\n\n<li><a href='?page_no=51012'>51012<\/a><\/li>\n\n\n\n<li><a href='?page_no=51013'>51013<\/a><\/li>\n\n    \n\t\n\n<li >\n\t<a href='?page_no=10686'>Next<\/a>\n\t<\/li>\n\n\n    \n\n<li><a href='?page_no=51013'>Last &rsaquo;&rsaquo;<\/a><\/li>\n\n<\/ul>\n\n\n--><br \/>\n<\/body><\/p>\n","protected":false},"excerpt":{"rendered":"<p>Washington, 9 abr (PL) El presidente estadounidense, Donald Trump, coment\u00f3 hoy que su previsto encuentro con el l\u00edder de la Rep\u00fablica Popular Democr\u00e1tica de Corea (RPDC), Kim Jong-un, ocurrir\u00e1 en mayo o principios de junio pr\u00f3ximo. Como probablemente pueden ver, hemos estado en contacto con Corea del Norte, manifest\u00f3 el mandatario a reporteros en una [&hellip;]<\/p>\n","protected":false},"author":3,"featured_media":0,"comment_status":"open","ping_status":"open","sticky":false,"template":"","format":"standard","meta":{"footnotes":""},"categories":[23],"tags":[],"class_list":["post-231032","post","type-post","status-publish","format-standard","hentry","category-internacional"],"_links":{"self":[{"href":"https:\/\/diariodominicano.com\/index.php?rest_route=\/wp\/v2\/posts\/231032","targetHints":{"allow":["GET"]}}],"collection":[{"href":"https:\/\/diariodominicano.com\/index.php?rest_route=\/wp\/v2\/posts"}],"about":[{"href":"https:\/\/diariodominicano.com\/index.php?rest_route=\/wp\/v2\/types\/post"}],"author":[{"embeddable":true,"href":"https:\/\/diariodominicano.com\/index.php?rest_route=\/wp\/v2\/users\/3"}],"replies":[{"embeddable":true,"href":"https:\/\/diariodominicano.com\/index.php?rest_route=%2Fwp%2Fv2%2Fcomments&post=231032"}],"version-history":[{"count":0,"href":"https:\/\/diariodominicano.com\/index.php?rest_route=\/wp\/v2\/posts\/231032\/revisions"}],"wp:attachment":[{"href":"https:\/\/diariodominicano.com\/index.php?rest_route=%2Fwp%2Fv2%2Fmedia&parent=231032"}],"wp:term":[{"taxonomy":"category","embeddable":true,"href":"https:\/\/diariodominicano.com\/index.php?rest_route=%2Fwp%2Fv2%2Fcategories&post=231032"},{"taxonomy":"post_tag","embeddable":true,"href":"https:\/\/diariodominicano.com\/index.php?rest_route=%2Fwp%2Fv2%2Ftags&post=231032"}],"curies":[{"name":"wp","href":"https:\/\/api.w.org\/{rel}","templated":true}]}}