{"id":231030,"date":"2018-04-10T00:23:05","date_gmt":"2018-04-10T00:23:05","guid":{"rendered":"http:\/\/diariodominicano.ddns.net\/?p=231030"},"modified":"2018-04-10T00:23:05","modified_gmt":"2018-04-10T00:23:05","slug":"cumbres-continentales-reflejan-cambios-en-relacion-eeuu-america-latina","status":"publish","type":"post","link":"https:\/\/diariodominicano.com\/?p=231030","title":{"rendered":"Cumbres continentales reflejan cambios en relaci\u00f3n EEUU-Am\u00e9rica Latina"},"content":{"rendered":"<p><body><\/p>\n<p><strong>   LIMA, 9 abr (Xinhua) &#8212;<\/strong> Las relaciones entre Estados Unidos y Am\u00e9rica Latina han mostrado grandes cambios desde 1994, cuando se llev\u00f3 a cabo la primera Cumbre de las Am\u00e9ricas en la ciudad de Miami, Estados Unidos, hasta 2018, cuando se celebrar\u00e1 el octavo encuentro continental en Lima, Per\u00fa.<\/p>\n<\/p>\n<p>   En la primera cumbre, la \u00abestrella\u00bb fue el presidente estadounidense Bill Clinton, quien propuso la creaci\u00f3n del Area de Libre Comercio de las Am\u00e9ricas (ALCA), una iniciativa que contemplaba la conformaci\u00f3n de un mercado de casi 1.000 millones de consumidores.<\/p>\n<\/p>\n<p>   Seg\u00fan analistas, el poder de Washington era patente, hasta el punto de marginar a Cuba de participar en esta reuni\u00f3n.<\/p>\n<\/p>\n<p>   La segunda Cumbre de las Am\u00e9ricas fue organizada en Santiago de Chile, en 1998, donde comenzaron a manifestarse los primeros s\u00edntomas del descontento por los efectos del ALCA, especialmente de parte de los sectores sociales.<\/p>\n<\/p>\n<p>   Uno de los acontecimientos que tambi\u00e9n marc\u00f3 la cumbre en Chile fue el nacimiento de la denominada Cumbre de los Pueblos, que se constituy\u00f3 como una alternativa de parte de las organizaciones sociales, sindicales e ind\u00edgenas en este encuentro continental.<\/p>\n<\/p>\n<p>   La siguiente cumbre, la tercera, tuvo como sede la ciudad de Quebec, Canad\u00e1, en 2001, cuando irrumpi\u00f3 con su discurso bolivariano el entonces presidente venezolano Hugo Ch\u00e1vez, quien anunci\u00f3 planes de revolucionar a su pa\u00eds y lanz\u00f3 un discurso latinoamericanista en desmedro de Estados Unidos.  <\/p>\n<\/p>\n<p>   Otro hecho importante en este encuentro fue la creaci\u00f3n de la Carta Democr\u00e1tica Interamericana que, seg\u00fan analistas, se convirti\u00f3 en un supuesto instrumento de manipulaci\u00f3n para bloquear a los pa\u00edses considerados adversos a Estados Unidos.<\/p>\n<\/p>\n<p>   La IV Cumbre de las Am\u00e9ricas, en Mar del Plata, Argentina, en 2005, se recuerda porque se realiz\u00f3 en un contexto pol\u00edtico de aparici\u00f3n de gobiernos de izquierda en Brasil, Bolivia, Ecuador, Nicaragua y Uruguay, lo cual rompi\u00f3 la hegemon\u00eda de Washington. <\/p>\n<\/p>\n<p>   Durante la V Cumbre de las Am\u00e9ricas en Puerto Espa\u00f1a, Trinidad y Tobago, en 2009, la presencia de pa\u00edses con gobiernos de izquierda demand\u00f3 al entonces presidente estadounidense Barack Obama la necesidad de que Cuba estuviera presente en estos encuentros.<\/p>\n<\/p>\n<p>   En esta reuni\u00f3n, los pa\u00edses latinoamericanos tambi\u00e9n exigieron a Estados Unidos pensar seriamente en levantar el bloqueo econ\u00f3mico que mantiene contra Cuba desde 1962, tras el triunfo de la revoluci\u00f3n cubana.<\/p>\n<\/p>\n<p>   La aparici\u00f3n de dos posiciones en contraste fue notoria durante la VI Cumbre de las Am\u00e9ricas, en Cartagena de Indias, Colombia, en 2012, a la que no asistieron Ecuador, Venezuela y Nicaragua. La propuesta de varios pa\u00edses de insistir en la presencia de Cuba puso de manifiesto que Estados Unidos se estaba aislando.<\/p>\n<\/p>\n<p>   En este encuentro, Brasil, Argentina, Uruguay y Nicaragua plantearon que no asistir\u00edan a otra cumbre continental si se segu\u00eda dejando de lado a Cuba; sin embargo, no se lleg\u00f3 a consenso para una declaraci\u00f3n final. <\/p>\n<\/p>\n<p>   La VII Cumbre de las Am\u00e9ricas, en la Ciudad de Panam\u00e1, en 2015, marc\u00f3 un antes y un despu\u00e9s para Latinoam\u00e9rica, porque gracias a la presi\u00f3n se logr\u00f3 que Washington aceptara la participaci\u00f3n de Cuba en estas reuniones.<\/p>\n<\/p>\n<p>   Es importante destacar que en las \u00faltimas dos reuniones, en Colombia (2012) y en Panam\u00e1 (2015), los pa\u00edses participantes no lograron llegar a consensos y concluyeron los trabajos sin una declaraci\u00f3n final.<\/p>\n<\/p>\n<p>   En la edici\u00f3n VIII de la Cumbre de las Am\u00e9ricas, en Lima, se prev\u00e9 que se mantenga la pol\u00edtica agresiva del presidente estadounidense, Donald Trump, contra algunos pa\u00edses latinoamericanos.<\/p>\n<\/p>\n<p>   Aunque el tema central es la \u00abGobernabilidad democr\u00e1tica frente a la corrupci\u00f3n\u00bb, analistas consideran que los pol\u00e9micos temas de Trump sobre Am\u00e9rica Latina ser\u00e1n sobrepuestos y se tratar\u00e1n adicionalmente durante esta cumbre continental.<\/p>\n<\/p>\n<p>   La pol\u00edtica proteccionista, la idea de construir un muro en la frontera con M\u00e9xico, la revisi\u00f3n del Tratado de Libre Comercio de Am\u00e9rica del Norte (TLCAN), las amenazas de militarizar su frontera sur y el boicot econ\u00f3mico contra Venezuela, son algunos de los temas de Trump que podr\u00edan ser abordados en la cumbre.<\/p>\n<\/p>\n<p>   A esta reuni\u00f3n continental no llegar\u00e1 el presidente de Venezuela, Nicol\u00e1s Maduro, debido a que Per\u00fa, el pa\u00eds anfitri\u00f3n, le cancel\u00f3 la invitaci\u00f3n a participar, lo cual fue condenado por Bolivia y Cuba.<\/p>\n<\/p>\n<p>   Hasta el momento, representantes de 31 pa\u00edses, entre ellos 21 jefes de Estado y de gobierno, han confirmado su presencia en esta octava reuni\u00f3n continental.<\/p>\n<\/p>\n<p>   Esta cumbre en Per\u00fa se celebrar\u00e1 despu\u00e9s que el nuevo presidente Mart\u00edn Vizcarra tom\u00f3 la organizaci\u00f3n el pasado 23 de marzo en medio de una crisis pol\u00edtica local que ocasion\u00f3 la renuncia de su antecesor, Pedro Pablo Kuczynski. Fin<\/p>\n<h6> 2018-04-10 00:23:05 <\/h6>\n<p><!--\n<link rel=\"stylesheet\" href=\"css\/bootstrap.min.css\">\n\n\n<ul class=\"pagination\">\n\t    \n\t\n\n<li >\n\t<a href='?page_no=10682'>Previous<\/a>\n\t<\/li>\n\n\n       \n    \n\n<li><a href='?page_no=1'>1<\/a><\/li>\n\n\n\n<li><a href='?page_no=2'>2<\/a><\/li>\n\n\n\n<li><a>...<\/a><\/li>\n\n\n\n<li><a href='?page_no=10681'>10681<\/a><\/li>\n\n\n\n<li><a href='?page_no=10682'>10682<\/a><\/li>\n\n\n\n<li class='active'><a>10683<\/a><\/li>\n\n\n\n<li><a href='?page_no=10684'>10684<\/a><\/li>\n\n\n\n<li><a href='?page_no=10685'>10685<\/a><\/li>\n\n\n\n<li><a>...<\/a><\/li>\n\n\n\n<li><a href='?page_no=51012'>51012<\/a><\/li>\n\n\n\n<li><a href='?page_no=51013'>51013<\/a><\/li>\n\n    \n\t\n\n<li >\n\t<a href='?page_no=10684'>Next<\/a>\n\t<\/li>\n\n\n    \n\n<li><a href='?page_no=51013'>Last &rsaquo;&rsaquo;<\/a><\/li>\n\n<\/ul>\n\n\n--><br \/>\n<\/body><\/p>\n","protected":false},"excerpt":{"rendered":"<p>LIMA, 9 abr (Xinhua) &#8212; Las relaciones entre Estados Unidos y Am\u00e9rica Latina han mostrado grandes cambios desde 1994, cuando se llev\u00f3 a cabo la primera Cumbre de las Am\u00e9ricas en la ciudad de Miami, Estados Unidos, hasta 2018, cuando se celebrar\u00e1 el octavo encuentro continental en Lima, Per\u00fa. En la primera cumbre, la \u00abestrella\u00bb [&hellip;]<\/p>\n","protected":false},"author":3,"featured_media":0,"comment_status":"open","ping_status":"open","sticky":false,"template":"","format":"standard","meta":{"footnotes":""},"categories":[23],"tags":[],"class_list":["post-231030","post","type-post","status-publish","format-standard","hentry","category-internacional"],"_links":{"self":[{"href":"https:\/\/diariodominicano.com\/index.php?rest_route=\/wp\/v2\/posts\/231030","targetHints":{"allow":["GET"]}}],"collection":[{"href":"https:\/\/diariodominicano.com\/index.php?rest_route=\/wp\/v2\/posts"}],"about":[{"href":"https:\/\/diariodominicano.com\/index.php?rest_route=\/wp\/v2\/types\/post"}],"author":[{"embeddable":true,"href":"https:\/\/diariodominicano.com\/index.php?rest_route=\/wp\/v2\/users\/3"}],"replies":[{"embeddable":true,"href":"https:\/\/diariodominicano.com\/index.php?rest_route=%2Fwp%2Fv2%2Fcomments&post=231030"}],"version-history":[{"count":0,"href":"https:\/\/diariodominicano.com\/index.php?rest_route=\/wp\/v2\/posts\/231030\/revisions"}],"wp:attachment":[{"href":"https:\/\/diariodominicano.com\/index.php?rest_route=%2Fwp%2Fv2%2Fmedia&parent=231030"}],"wp:term":[{"taxonomy":"category","embeddable":true,"href":"https:\/\/diariodominicano.com\/index.php?rest_route=%2Fwp%2Fv2%2Fcategories&post=231030"},{"taxonomy":"post_tag","embeddable":true,"href":"https:\/\/diariodominicano.com\/index.php?rest_route=%2Fwp%2Fv2%2Ftags&post=231030"}],"curies":[{"name":"wp","href":"https:\/\/api.w.org\/{rel}","templated":true}]}}