{"id":231029,"date":"2018-04-10T00:25:18","date_gmt":"2018-04-10T00:25:18","guid":{"rendered":"http:\/\/diariodominicano.ddns.net\/?p=231029"},"modified":"2018-04-10T00:25:18","modified_gmt":"2018-04-10T00:25:18","slug":"cumbre-de-las-americas-debe-servir-para-saber-intenciones-de-eeuu-en-america-latina-asegura-experto-brasileno","status":"publish","type":"post","link":"https:\/\/diariodominicano.com\/?p=231029","title":{"rendered":"Cumbre de las Am\u00e9ricas debe servir para saber intenciones de EEUU en Am\u00e9rica Latina, asegura experto brasile\u00f1o"},"content":{"rendered":"<p><body><\/p>\n<p><strong> <\/strong><\/p>\n<p><strong>   RIO DE JANEIRO, 9 abr (Xinhua) &#8212; <\/strong>La Cumbre de las Am\u00e9ricas, que se llevar\u00e1 a cabo en Per\u00fa los d\u00edas 13 y 14 de abril, debe servir para definir el tono de las relaciones entre Am\u00e9rica Latina y Estados Unidos, afirm\u00f3 el polit\u00f3logo brasile\u00f1o Tanguy Baghdadi.<\/p>\n<\/p>\n<p>   En entrevista con Xinhua, el profesor de Pol\u00edtica Internacional dijo que el encuentro servir\u00e1 \u00abpara conocer mejor las intenciones\u00bb del presidente estadounidense, Donald Trump, para la regi\u00f3n.<\/p>\n<\/p>\n<p>   \u00abLa Cumbre de las Am\u00e9ricas tendr\u00e1 como uno de sus puntos destacados la definici\u00f3n del tono de las relaciones entre los Estados Unidos y Am\u00e9rica Latina\u00bb, expres\u00f3.<\/p>\n<\/p>\n<p>   \u00abLa regi\u00f3n no fue una prioridad para el gobierno de Trump, hasta el momento, y hubo momentos de tensi\u00f3n, en episodios como el discurso alrededor de la construcci\u00f3n del muro en la frontera con M\u00e9xico, la ret\u00f3rica contra Venezuela y la estigmatizaci\u00f3n de la poblaci\u00f3n salvadore\u00f1a\u00bb, agreg\u00f3.<\/p>\n<\/p>\n<p>   Baghdadi asegur\u00f3 que \u00ab\u00e9sta ser\u00e1 la oportunidad para la definici\u00f3n del formato de las relaciones, que se extender\u00e1 hasta el final del mandato del actual presidente\u00bb.<\/p>\n<\/p>\n<p>   El especialista brasile\u00f1o en Pol\u00edtica Internacional cree que el mandatario estadounidense usar\u00e1 la Cumbre para ganar aliados, tocando algunos de los puntos sensibles y problem\u00e1ticos de la regi\u00f3n.<\/p>\n<\/p>\n<p>   \u00abMi expectativa es que Trump intente hacer aliados en Am\u00e9rica Latina, tocando en puntos sensibles, como es el caso venezolano. Una vez que varios gobiernos de la regi\u00f3n son cr\u00edticos con el gobierno de Nicol\u00e1s Maduro, Trump podr\u00e1 posicionarse de forma libre, a placer\u00bb, dijo.<\/p>\n<\/p>\n<p>   \u00abPero imagino que tambi\u00e9n haya momentos m\u00e1s tensos, con la posibilidad de un di\u00e1logo con Enrique Pe\u00f1a Nieto (presidente de M\u00e9xico) y Evo Morales (mandatario de Bolivia)\u00bb, afirm\u00f3.<\/p>\n<\/p>\n<p>   Para Baghdadi, \u00ablas relaciones con Am\u00e9rica Latina nunca fueron una prioridad para el gobierno de Donald Trump. Incluso, su ret\u00f3rica contra Venezuela, Cuba y M\u00e9xico posee m\u00e1s implicaciones dom\u00e9sticas que internacionales. Conoceremos las intenciones de Trump para la regi\u00f3n, de forma m\u00e1s clara, durante la Cumbre\u00bb.<\/p>\n<\/p>\n<p>   Economista formado en la Universidad Federal de R\u00edo de Janeiro (UFRJ) y maestro en Ciencias Econ\u00f3micas por la Universidad del Estado de R\u00edo de Janeiro (UERJ), Baghdadi dijo que Estados Unidos intentar\u00e1 recuperar la influencia que ha perdido en los \u00faltimos a\u00f1os en la regi\u00f3n.<\/p>\n<\/p>\n<p>   El principal tema que ser\u00e1 tratado en la Cumbre de las Am\u00e9ricas es el combate a la corrupci\u00f3n, mal end\u00e9mico de la regi\u00f3n que ha salpicado a varios dirigentes en los \u00faltimos a\u00f1os.<\/p>\n<\/p>\n<p>   \u00abLos casos de corrupci\u00f3n dejaron de ser vistos como casos aislados y pasaron a ser vistos como elementos de desestabilizaci\u00f3n pol\u00edtica\u00bb, dijo el tambi\u00e9n profesor del Curso Clio (el m\u00e1s importante en la formaci\u00f3n de diplom\u00e1ticos en Brasil) desde 2005.<\/p>\n<\/p>\n<p>   \u00abEl momento es de aprensi\u00f3n por parte de todos los pa\u00edses de la regi\u00f3n, una vez que esc\u00e1ndalos de corrupci\u00f3n debilitaron gobiernos\u00bb, explic\u00f3 Baghdadi.<\/p>\n<\/p>\n<p>   El experto brasile\u00f1o afirm\u00f3 que las causas de la corrupci\u00f3n \u00abson profundas y complejas, y creo que la clave para la comprensi\u00f3n del fen\u00f3meno est\u00e1 en la confusi\u00f3n entre lo p\u00fablico y lo privado en toda Am\u00e9rica Latina\u00bb.<\/p>\n<\/p>\n<p>   \u00abHay una influencia ib\u00e9rica fuerte y hay una herencia de un colonialismo en el que la metr\u00f3poli estaba bastante presente, lo que retard\u00f3 la percepci\u00f3n de que la construcci\u00f3n de una esfera p\u00fablica fuerte es la clave para el beneficio colectivo\u00bb, explic\u00f3.<\/p>\n<\/p>\n<p>   \u00abDe esta forma, l\u00edderes pol\u00edticos se valen de sus cargos p\u00fablicos para beneficios personales, y grandes empresas privadas establecen relaciones promiscuas con gobernadores, en favor de ventajas oriundas de la esfera p\u00fablica\u00bb, agreg\u00f3. Fin<\/p>\n<h6> 2018-04-10 00:25:18 <\/h6>\n<p><!--\n<link rel=\"stylesheet\" href=\"css\/bootstrap.min.css\">\n\n\n<ul class=\"pagination\">\n\t    \n\t\n\n<li >\n\t<a href='?page_no=10681'>Previous<\/a>\n\t<\/li>\n\n\n       \n    \n\n<li><a href='?page_no=1'>1<\/a><\/li>\n\n\n\n<li><a href='?page_no=2'>2<\/a><\/li>\n\n\n\n<li><a>...<\/a><\/li>\n\n\n\n<li><a href='?page_no=10680'>10680<\/a><\/li>\n\n\n\n<li><a href='?page_no=10681'>10681<\/a><\/li>\n\n\n\n<li class='active'><a>10682<\/a><\/li>\n\n\n\n<li><a href='?page_no=10683'>10683<\/a><\/li>\n\n\n\n<li><a href='?page_no=10684'>10684<\/a><\/li>\n\n\n\n<li><a>...<\/a><\/li>\n\n\n\n<li><a href='?page_no=51012'>51012<\/a><\/li>\n\n\n\n<li><a href='?page_no=51013'>51013<\/a><\/li>\n\n    \n\t\n\n<li >\n\t<a href='?page_no=10683'>Next<\/a>\n\t<\/li>\n\n\n    \n\n<li><a href='?page_no=51013'>Last &rsaquo;&rsaquo;<\/a><\/li>\n\n<\/ul>\n\n\n--><br \/>\n<\/body><\/p>\n","protected":false},"excerpt":{"rendered":"<p>RIO DE JANEIRO, 9 abr (Xinhua) &#8212; La Cumbre de las Am\u00e9ricas, que se llevar\u00e1 a cabo en Per\u00fa los d\u00edas 13 y 14 de abril, debe servir para definir el tono de las relaciones entre Am\u00e9rica Latina y Estados Unidos, afirm\u00f3 el polit\u00f3logo brasile\u00f1o Tanguy Baghdadi. En entrevista con Xinhua, el profesor de Pol\u00edtica [&hellip;]<\/p>\n","protected":false},"author":3,"featured_media":0,"comment_status":"open","ping_status":"open","sticky":false,"template":"","format":"standard","meta":{"footnotes":""},"categories":[23],"tags":[],"class_list":["post-231029","post","type-post","status-publish","format-standard","hentry","category-internacional"],"_links":{"self":[{"href":"https:\/\/diariodominicano.com\/index.php?rest_route=\/wp\/v2\/posts\/231029","targetHints":{"allow":["GET"]}}],"collection":[{"href":"https:\/\/diariodominicano.com\/index.php?rest_route=\/wp\/v2\/posts"}],"about":[{"href":"https:\/\/diariodominicano.com\/index.php?rest_route=\/wp\/v2\/types\/post"}],"author":[{"embeddable":true,"href":"https:\/\/diariodominicano.com\/index.php?rest_route=\/wp\/v2\/users\/3"}],"replies":[{"embeddable":true,"href":"https:\/\/diariodominicano.com\/index.php?rest_route=%2Fwp%2Fv2%2Fcomments&post=231029"}],"version-history":[{"count":0,"href":"https:\/\/diariodominicano.com\/index.php?rest_route=\/wp\/v2\/posts\/231029\/revisions"}],"wp:attachment":[{"href":"https:\/\/diariodominicano.com\/index.php?rest_route=%2Fwp%2Fv2%2Fmedia&parent=231029"}],"wp:term":[{"taxonomy":"category","embeddable":true,"href":"https:\/\/diariodominicano.com\/index.php?rest_route=%2Fwp%2Fv2%2Fcategories&post=231029"},{"taxonomy":"post_tag","embeddable":true,"href":"https:\/\/diariodominicano.com\/index.php?rest_route=%2Fwp%2Fv2%2Ftags&post=231029"}],"curies":[{"name":"wp","href":"https:\/\/api.w.org\/{rel}","templated":true}]}}