{"id":231027,"date":"2018-04-10T00:30:18","date_gmt":"2018-04-10T00:30:18","guid":{"rendered":"http:\/\/diariodominicano.ddns.net\/?p=231027"},"modified":"2018-04-10T00:30:18","modified_gmt":"2018-04-10T00:30:18","slug":"bolivia-recrea-con-tecnologia-rostros-de-habitantes-precolombinos","status":"publish","type":"post","link":"https:\/\/diariodominicano.com\/?p=231027","title":{"rendered":"Bolivia recrea con tecnolog\u00eda rostros de habitantes precolombinos"},"content":{"rendered":"<p><body><\/p>\n<\/p>\n<\/p>\n<p><strong>   Por Ren\u00e9 Quenallata Paredes<\/strong><\/p>\n<p><strong>   LA PAZ, 9 abr (Xinhua) &#8211;<\/strong>&#8211; Bolivia expondr\u00e1 por primera vez los rostros reconstruidos con tecnolog\u00eda de habitantes de la cultura precolombina de Tiwanaku, la cual se desarroll\u00f3 en la regi\u00f3n andina del a\u00f1o 1580 antes de Cristo al a\u00f1o 1187 despu\u00e9s de Cristo.<\/p>\n<\/p>\n<p>   La ministra boliviana de Culturas y Turismo, Wilma Alanoca Mamani, dijo en entrevista con Xinhua que este emprendimiento cient\u00edfico se desarroll\u00f3 a partir de los cr\u00e1neos deformados que conserva el Museo Nacional de Arqueolog\u00eda.<\/p>\n<\/p>\n<p>   El proyecto de reconstrucci\u00f3n facial se realiza \u00abcon el prop\u00f3sito de conocer los rostros de los tiwanakotas que habitaron la parte andina del pa\u00eds (hace) m\u00e1s de 3.000 a\u00f1os\u00bb, explic\u00f3.<\/p>\n<\/p>\n<p>   El Museo Nacional de Arqueolog\u00eda tiene unos 150 cr\u00e1neos de tiwanakotas con deformaci\u00f3n, muchos de los cuales son sometidos a la reconstrucci\u00f3n facial como parte de un proyecto de mediano plazo.<\/p>\n<\/p>\n<p>   El objetivo es conocer la fisonom\u00eda de una diversidad de personas tiwanakotas que fueron sometidas a dicha deformaci\u00f3n para distinguirse de los dem\u00e1s, y que se prev\u00e9 era por la estructura social y econ\u00f3mica.<\/p>\n<\/p>\n<p>   El programa forma parte de las acciones que realiza el Ministerio de Culturas y Turismo para recuperar, preservar y promocionar la cultura y el patrimonio boliviano.<\/p>\n<\/p>\n<p>   Este trabajo cient\u00edfico es desarrollado por profesionales bolivianos, entre ellos el antrop\u00f3logo forense, Luis Castedo Zapata, quien se especializ\u00f3 en el extranjero con t\u00e9cnicas modernas y avanzadas.<\/p>\n<\/p>\n<p>   Zapata encabeza el trabajo que se desarrolla en el laboratorio del Museo Nacional de Arqueolog\u00eda.<\/p>\n<\/p>\n<p>   \u00abEl resultado de este trabajo permitir\u00e1 tener la oportunidad de conocer c\u00f3mo era la fisionom\u00eda o rostros de los tiwanakotas que habitaron en los alrededores del lago Titicaca\u00bb, agreg\u00f3 Alanoca.<\/p>\n<\/p>\n<p>   La ministra explic\u00f3 que incluso el estudio del cr\u00e1neo deformado intencionalmente en esos tiempos tiene varias interpretaciones, que tambi\u00e9n son motivo de estudio. <\/p>\n<\/p>\n<p>   \u00abSe dice que dentro de las familias de mayor linaje o de quienes exist\u00eda jerarqu\u00eda era un s\u00edmbolo de belleza, por lo que se crearon unos antifaces de ca\u00f1as y lanas, los cuales ataban fuertemente a la cabeza de los ni\u00f1os que era usada por ellos durante a\u00f1os, logrando as\u00ed el hundimiento de sus p\u00f3mulos y adem\u00e1s la deformaci\u00f3n de sus cr\u00e1neos\u00bb, se\u00f1al\u00f3.<\/p>\n<\/p>\n<p>   A\u00f1adi\u00f3 que los cr\u00e1neos pertenecen a un estatus elevado, por la calidad y cantidad de elementos hallados en las ofrendas, a diferencia de individuos con los cr\u00e1neos normales de la misma cultura.<\/p>\n<\/p>\n<p>   \u00abEs parte de nuestra cultura y tenemos que trabajar en estas investigaciones\u00bb, agreg\u00f3.<\/p>\n<\/p>\n<p>   PROCEDIMIENTO Y FASES<\/p>\n<\/p>\n<p>   El arque\u00f3logo forense boliviano declar\u00f3 a Xinhua que los rostros reconstruidos de estos cr\u00e1neos con deformaciones faciales pertenecientes a la cultura tiwanakota ser\u00e1n expuestos en mayo pr\u00f3ximo para que el p\u00fablico pueda apreciarlos.<\/p>\n<\/p>\n<p>   Para el trabajo de reconstrucci\u00f3n facial se utilizan los cr\u00e1neos originales, instrumentos de craneometr\u00eda, materiales de l\u00e1tex, arcilla y un programa inform\u00e1tico avanzado.<\/p>\n<\/p>\n<p>   \u00abCon el trabajo avanzado hasta el momento s\u00f3lo nos falta un 4 por ciento, que corresponde a la reconstrucci\u00f3n de la piel y su color\u00bb, agreg\u00f3.<\/p>\n<\/p>\n<p>   Con esta t\u00e9cnica, empleada por primera vez en Bolivia, la reconstrucci\u00f3n de cada cr\u00e1neo demanda un tiempo de unos dos meses, en vista a que se somete a un trabajo de precisi\u00f3n.<\/p>\n<\/p>\n<p>   El proyecto de arqueolog\u00eda forense, que comenz\u00f3 en 2015, se desarrolla con tecnolog\u00eda 3D impulsado por el Ministerio de Culturas.<\/p>\n<\/p>\n<p>   Hasta la fecha, tres rostros est\u00e1n pr\u00e1cticamente listos: el de un ni\u00f1o de dos a\u00f1os de edad y de dos adultos de entre 25 y 42 a\u00f1os, cuyos cr\u00e1neos, junto a otros 150, fueron otorgados para su investigaci\u00f3n por el Centro de Investigaciones Arqueol\u00f3gicas, Antropol\u00f3gicas y de Administraci\u00f3n de Tiwanaku.<\/p>\n<\/p>\n<p>   De acuerdo con el experto, se realizan al menos tres etapas para la restauraci\u00f3n facial.<\/p>\n<\/p>\n<p>   La primera, de reconstrucci\u00f3n, se inicia con un estudio craneom\u00e9trico para obtener las medidas de cada cr\u00e1neo y los \u00edndices faciales que pueden estar acompa\u00f1ados por una tomograf\u00eda axial de los cr\u00e1neos.<\/p>\n<\/p>\n<p>   La segunda, explic\u00f3 Zapata, consiste en la aplicaci\u00f3n de goma l\u00e1tex en su forma l\u00edquida, sobre los cr\u00e1neos, para replicar los mismos en yeso cer\u00e1mico y realizar la reconstrucci\u00f3n facial aproximada.<\/p>\n<\/p>\n<p>   En la tercera etapa se realiza el modelado, que comienza con la ubicaci\u00f3n de puntos craneom\u00e9tricos. Fin<\/p>\n<h6> 2018-04-10 00:30:18 <\/h6>\n<p><!--\n<link rel=\"stylesheet\" href=\"css\/bootstrap.min.css\">\n\n\n<ul class=\"pagination\">\n\t    \n\t\n\n<li >\n\t<a href='?page_no=10679'>Previous<\/a>\n\t<\/li>\n\n\n       \n    \n\n<li><a href='?page_no=1'>1<\/a><\/li>\n\n\n\n<li><a href='?page_no=2'>2<\/a><\/li>\n\n\n\n<li><a>...<\/a><\/li>\n\n\n\n<li><a href='?page_no=10678'>10678<\/a><\/li>\n\n\n\n<li><a href='?page_no=10679'>10679<\/a><\/li>\n\n\n\n<li class='active'><a>10680<\/a><\/li>\n\n\n\n<li><a href='?page_no=10681'>10681<\/a><\/li>\n\n\n\n<li><a href='?page_no=10682'>10682<\/a><\/li>\n\n\n\n<li><a>...<\/a><\/li>\n\n\n\n<li><a href='?page_no=51012'>51012<\/a><\/li>\n\n\n\n<li><a href='?page_no=51013'>51013<\/a><\/li>\n\n    \n\t\n\n<li >\n\t<a href='?page_no=10681'>Next<\/a>\n\t<\/li>\n\n\n    \n\n<li><a href='?page_no=51013'>Last &rsaquo;&rsaquo;<\/a><\/li>\n\n<\/ul>\n\n\n--><br \/>\n<\/body><\/p>\n","protected":false},"excerpt":{"rendered":"<p>Por Ren\u00e9 Quenallata Paredes LA PAZ, 9 abr (Xinhua) &#8211;&#8211; Bolivia expondr\u00e1 por primera vez los rostros reconstruidos con tecnolog\u00eda de habitantes de la cultura precolombina de Tiwanaku, la cual se desarroll\u00f3 en la regi\u00f3n andina del a\u00f1o 1580 antes de Cristo al a\u00f1o 1187 despu\u00e9s de Cristo. La ministra boliviana de Culturas y Turismo, [&hellip;]<\/p>\n","protected":false},"author":3,"featured_media":0,"comment_status":"open","ping_status":"open","sticky":false,"template":"","format":"standard","meta":{"footnotes":""},"categories":[23],"tags":[],"class_list":["post-231027","post","type-post","status-publish","format-standard","hentry","category-internacional"],"_links":{"self":[{"href":"https:\/\/diariodominicano.com\/index.php?rest_route=\/wp\/v2\/posts\/231027","targetHints":{"allow":["GET"]}}],"collection":[{"href":"https:\/\/diariodominicano.com\/index.php?rest_route=\/wp\/v2\/posts"}],"about":[{"href":"https:\/\/diariodominicano.com\/index.php?rest_route=\/wp\/v2\/types\/post"}],"author":[{"embeddable":true,"href":"https:\/\/diariodominicano.com\/index.php?rest_route=\/wp\/v2\/users\/3"}],"replies":[{"embeddable":true,"href":"https:\/\/diariodominicano.com\/index.php?rest_route=%2Fwp%2Fv2%2Fcomments&post=231027"}],"version-history":[{"count":0,"href":"https:\/\/diariodominicano.com\/index.php?rest_route=\/wp\/v2\/posts\/231027\/revisions"}],"wp:attachment":[{"href":"https:\/\/diariodominicano.com\/index.php?rest_route=%2Fwp%2Fv2%2Fmedia&parent=231027"}],"wp:term":[{"taxonomy":"category","embeddable":true,"href":"https:\/\/diariodominicano.com\/index.php?rest_route=%2Fwp%2Fv2%2Fcategories&post=231027"},{"taxonomy":"post_tag","embeddable":true,"href":"https:\/\/diariodominicano.com\/index.php?rest_route=%2Fwp%2Fv2%2Ftags&post=231027"}],"curies":[{"name":"wp","href":"https:\/\/api.w.org\/{rel}","templated":true}]}}