{"id":231023,"date":"2018-04-10T01:09:09","date_gmt":"2018-04-10T01:09:09","guid":{"rendered":"http:\/\/diariodominicano.ddns.net\/?p=231023"},"modified":"2018-04-10T01:09:09","modified_gmt":"2018-04-10T01:09:09","slug":"lider-de-la-farc-detenido-ante-posibilidad-de-ser-extraditado","status":"publish","type":"post","link":"https:\/\/diariodominicano.com\/?p=231023","title":{"rendered":"L\u00edder de la FARC detenido ante posibilidad de ser extraditado&#13;"},"content":{"rendered":"<p><body><\/p>\n<p><img decoding=\"async\" src=\"img3\/Jesus-Santrich-Colprensa.jpg\" \/>  <\/p>\n<p><strong> Bogot\u00e1, 9 abr (PL)<\/strong> El presidente de Colombia, Juan Manuel Santos, declar\u00f3 hoy que si cumplido el debido proceso \u00bbhay lugar a la extradici\u00f3n\u00bb del dirigente de la FARC Jes\u00fas Santrich \u00bbno le temblar\u00e1 la mano para autorizarla\u00bb.<\/p>\n<\/p>\n<p>Santos manifest\u00f3 que la Fiscal\u00eda General de la Naci\u00f3n tiene &#8216;pruebas contundentes y concluyentes&#8217; contra Santrich, uno de los principales l\u00edderes de la FARC, por supuesto delito de narcotr\u00e1fico despu\u00e9s de la firma de los Acuerdos de Paz.<\/p>\n<\/p>\n<p>El mandatario se\u00f1al\u00f3 que a Santrich se le respetar\u00e1n sus derechos ciudadanos, pero que si la Corte Suprema de Justicia refrenda la acusaci\u00f3n de la Fiscal\u00eda ser\u00e1 extraditado a Estados Unidos.<\/p>\n<\/p>\n<p>El fiscal general, N\u00e9stor Humberto Mart\u00ednez, anunci\u00f3 que la detenci\u00f3n y procedimiento judicial se da en cumplimiento a una solicitud internacional expedida a trav\u00e9s de una circular roja de Interpol.<\/p>\n<\/p>\n<p>El miembro del Consejo Pol\u00edtico Nacional de la FARC Seuxis Hern\u00e1ndez Solarte, alias Jes\u00fas Santrich, fue detenido en la tarde de este lunes y su vivienda fue allanada por orden de la Fiscal\u00eda a solicitud de la embajada de Estados Unidos en Bogot\u00e1.<\/p>\n<\/p>\n<p>La detenci\u00f3n de Santrich, quien fue elegido para asumir un esca\u00f1o en la C\u00e1mara de Representantes en julio pr\u00f3ximo, fue calificada por la direcci\u00f3n del partido Fuerza Alternativa Revolucionaria del Com\u00fan (FARC) como un montaje jur\u00eddico y un sabotaje contra la paz.<\/p>\n<\/p>\n<p>agp\/tpa\/cvl<\/p>\n<h6> 2018-04-10 01:09:09 <\/h6>\n<p><!--\n<link rel=\"stylesheet\" href=\"css\/bootstrap.min.css\">\n\n\n<ul class=\"pagination\">\n\t    \n\t\n\n<li >\n\t<a href='?page_no=10676'>Previous<\/a>\n\t<\/li>\n\n\n       \n    \n\n<li><a href='?page_no=1'>1<\/a><\/li>\n\n\n\n<li><a href='?page_no=2'>2<\/a><\/li>\n\n\n\n<li><a>...<\/a><\/li>\n\n\n\n<li><a href='?page_no=10675'>10675<\/a><\/li>\n\n\n\n<li><a href='?page_no=10676'>10676<\/a><\/li>\n\n\n\n<li class='active'><a>10677<\/a><\/li>\n\n\n\n<li><a href='?page_no=10678'>10678<\/a><\/li>\n\n\n\n<li><a href='?page_no=10679'>10679<\/a><\/li>\n\n\n\n<li><a>...<\/a><\/li>\n\n\n\n<li><a href='?page_no=51012'>51012<\/a><\/li>\n\n\n\n<li><a href='?page_no=51013'>51013<\/a><\/li>\n\n    \n\t\n\n<li >\n\t<a href='?page_no=10678'>Next<\/a>\n\t<\/li>\n\n\n    \n\n<li><a href='?page_no=51013'>Last &rsaquo;&rsaquo;<\/a><\/li>\n\n<\/ul>\n\n\n--><br \/>\n<\/body><\/p>\n","protected":false},"excerpt":{"rendered":"<p>Bogot\u00e1, 9 abr (PL) El presidente de Colombia, Juan Manuel Santos, declar\u00f3 hoy que si cumplido el debido proceso \u00bbhay lugar a la extradici\u00f3n\u00bb del dirigente de la FARC Jes\u00fas Santrich \u00bbno le temblar\u00e1 la mano para autorizarla\u00bb. Santos manifest\u00f3 que la Fiscal\u00eda General de la Naci\u00f3n tiene &#8216;pruebas contundentes y concluyentes&#8217; contra Santrich, uno [&hellip;]<\/p>\n","protected":false},"author":3,"featured_media":0,"comment_status":"open","ping_status":"open","sticky":false,"template":"","format":"standard","meta":{"footnotes":""},"categories":[23],"tags":[],"class_list":["post-231023","post","type-post","status-publish","format-standard","hentry","category-internacional"],"_links":{"self":[{"href":"https:\/\/diariodominicano.com\/index.php?rest_route=\/wp\/v2\/posts\/231023","targetHints":{"allow":["GET"]}}],"collection":[{"href":"https:\/\/diariodominicano.com\/index.php?rest_route=\/wp\/v2\/posts"}],"about":[{"href":"https:\/\/diariodominicano.com\/index.php?rest_route=\/wp\/v2\/types\/post"}],"author":[{"embeddable":true,"href":"https:\/\/diariodominicano.com\/index.php?rest_route=\/wp\/v2\/users\/3"}],"replies":[{"embeddable":true,"href":"https:\/\/diariodominicano.com\/index.php?rest_route=%2Fwp%2Fv2%2Fcomments&post=231023"}],"version-history":[{"count":0,"href":"https:\/\/diariodominicano.com\/index.php?rest_route=\/wp\/v2\/posts\/231023\/revisions"}],"wp:attachment":[{"href":"https:\/\/diariodominicano.com\/index.php?rest_route=%2Fwp%2Fv2%2Fmedia&parent=231023"}],"wp:term":[{"taxonomy":"category","embeddable":true,"href":"https:\/\/diariodominicano.com\/index.php?rest_route=%2Fwp%2Fv2%2Fcategories&post=231023"},{"taxonomy":"post_tag","embeddable":true,"href":"https:\/\/diariodominicano.com\/index.php?rest_route=%2Fwp%2Fv2%2Ftags&post=231023"}],"curies":[{"name":"wp","href":"https:\/\/api.w.org\/{rel}","templated":true}]}}