{"id":231021,"date":"2018-04-10T07:07:53","date_gmt":"2018-04-10T07:07:53","guid":{"rendered":"http:\/\/diariodominicano.ddns.net\/?p=231021"},"modified":"2018-04-10T07:07:53","modified_gmt":"2018-04-10T07:07:53","slug":"consejo-de-seguridad-vuelve-a-analizar-mision-de-onu-en-haiti","status":"publish","type":"post","link":"https:\/\/diariodominicano.com\/?p=231021","title":{"rendered":"Consejo de Seguridad vuelve a analizar misi\u00f3n de ONU en Hait\u00ed&#13;"},"content":{"rendered":"<p><body><\/p>\n<p><span class=\"text1noticias\">Naciones Unidas, 10 abr (PL) El Consejo de Seguridad de la ONU vuelve hoy a analizar la Misi\u00f3n de Apoyo a la Justicia en Hait\u00ed (Minujusth), una de las prioridades establecidas por Per\u00fa, a la cabeza del \u00f3rgano de 15 miembros este mes.<\/span><\/p>\n<p><span class=\"text1noticias\"> <\/span><\/p>\n<p><span class=\"text1noticias\">Hace solo unos d\u00edas, el 4 de abril, ese organismo de Naciones Unidas abord\u00f3 los retos que enfrenta ahora la Minujusth, con vistas a la renovaci\u00f3n de su mandato.<\/span><\/p>\n<p><span class=\"text1noticias\"> <\/span><\/p>\n<p><span class=\"text1noticias\">En esa ocasi\u00f3n, el jefe de las Operaciones de Mantenimiento de Paz de la ONU, Jean-Pierre Lacroix, abog\u00f3 por una mayor cooperaci\u00f3n entre el equipo de Naciones Unidas y el gobierno haitiano.<\/span><\/p>\n<p><span class=\"text1noticias\"> <\/span><\/p>\n<p><span class=\"text1noticias\">La Minujusth solo puede ser efectiva si tiene una relaci\u00f3n s\u00f3lida con las autoridades gubernamentales y los ciudadanos del pa\u00eds, la cual est\u00e9 basada en la solidaridad y la confianza mutua, dijo.<\/span><\/p>\n<p><span class=\"text1noticias\"> <\/span><\/p>\n<p><span class=\"text1noticias\">Si bien indic\u00f3 que tales v\u00ednculos a\u00fan podr\u00edan ser m\u00e1s fluidos, se mostr\u00f3 alentando por recientes indicios de una convergencia estrecha y sustantiva entre las prioridades nacionales y las de la ONU.<\/span><\/p>\n<p><span class=\"text1noticias\"> <\/span><\/p>\n<p><span class=\"text1noticias\">Aunque hay un ambiente de mayor estabilidad, debemos tener en cuenta que los desaf\u00edos y riesgos permanecen, &#8216;especialmente mientras nos preparamos para una transici\u00f3n de las acciones de mantenimiento de paz a otras en funci\u00f3n del desarrollo&#8217;, se\u00f1al\u00f3 Lacroix.<\/span><\/p>\n<p><span class=\"text1noticias\"> <\/span><\/p>\n<p><span class=\"text1noticias\">La Minujusth se activ\u00f3 en octubre del a\u00f1o anterior, una vez concluida la Misi\u00f3n de Estabilizaci\u00f3n en Hait\u00ed (Minustah), que fue creada en de 2004 para lidiar con el escenario de inestabilidad, violencia pol\u00edtica, impunidad y proliferaci\u00f3n de la delincuencia en esa naci\u00f3n caribe\u00f1a.<\/span><\/p>\n<p><span class=\"text1noticias\"> <\/span><\/p>\n<p><span class=\"text1noticias\">En tanto, la Minujusth intenta desarrollar actualmente un enfoque novedoso sobre el terreno, dirigido a fortalecer el estado de derecho en las instituciones.<\/span><\/p>\n<p><span class=\"text1noticias\"> <\/span><\/p>\n<p><span class=\"text1noticias\">Pero ambas han recibido cr\u00edticas de autoridades haitianas. Uno de los temas que ocasion\u00f3 pol\u00e9mica fue la introducci\u00f3n del c\u00f3lera en 2010, por negligencia de algunos miembros de las fuerzas de mantenimiento de paz.<\/span><\/p>\n<p><span class=\"text1noticias\"> <\/span><\/p>\n<p><span class=\"text1noticias\">Adem\u00e1s, en el mandato de la Minustah se registraron varios reportes de abusos sexuales por parte de los cascos azules.<\/span><\/p>\n<p><span class=\"text1noticias\"> <\/span><\/p>\n<p><span class=\"text1noticias\">Durante su per\u00edodo en la presidencia del Consejo de Seguridad, Per\u00fa dar\u00e1 prioridad a importantes temas latinoamericanos como la situaci\u00f3n en Hait\u00ed y en Colombia, seg\u00fan inform\u00f3 el representante permanente de ese pa\u00eds en la ONU, Gustavo Me<\/span>za-Cuadra.<\/p>\n<h6> 2018-04-10 07:07:53 <\/h6>\n<p><!--\n<link rel=\"stylesheet\" href=\"css\/bootstrap.min.css\">\n\n\n<ul class=\"pagination\">\n\t    \n\t\n\n<li >\n\t<a href='?page_no=10674'>Previous<\/a>\n\t<\/li>\n\n\n       \n    \n\n<li><a href='?page_no=1'>1<\/a><\/li>\n\n\n\n<li><a href='?page_no=2'>2<\/a><\/li>\n\n\n\n<li><a>...<\/a><\/li>\n\n\n\n<li><a href='?page_no=10673'>10673<\/a><\/li>\n\n\n\n<li><a href='?page_no=10674'>10674<\/a><\/li>\n\n\n\n<li class='active'><a>10675<\/a><\/li>\n\n\n\n<li><a href='?page_no=10676'>10676<\/a><\/li>\n\n\n\n<li><a href='?page_no=10677'>10677<\/a><\/li>\n\n\n\n<li><a>...<\/a><\/li>\n\n\n\n<li><a href='?page_no=51012'>51012<\/a><\/li>\n\n\n\n<li><a href='?page_no=51013'>51013<\/a><\/li>\n\n    \n\t\n\n<li >\n\t<a href='?page_no=10676'>Next<\/a>\n\t<\/li>\n\n\n    \n\n<li><a href='?page_no=51013'>Last &rsaquo;&rsaquo;<\/a><\/li>\n\n<\/ul>\n\n\n--><br \/>\n<\/body><\/p>\n","protected":false},"excerpt":{"rendered":"<p>Naciones Unidas, 10 abr (PL) El Consejo de Seguridad de la ONU vuelve hoy a analizar la Misi\u00f3n de Apoyo a la Justicia en Hait\u00ed (Minujusth), una de las prioridades establecidas por Per\u00fa, a la cabeza del \u00f3rgano de 15 miembros este mes. Hace solo unos d\u00edas, el 4 de abril, ese organismo de Naciones [&hellip;]<\/p>\n","protected":false},"author":3,"featured_media":0,"comment_status":"open","ping_status":"open","sticky":false,"template":"","format":"standard","meta":{"footnotes":""},"categories":[23],"tags":[],"class_list":["post-231021","post","type-post","status-publish","format-standard","hentry","category-internacional"],"_links":{"self":[{"href":"https:\/\/diariodominicano.com\/index.php?rest_route=\/wp\/v2\/posts\/231021","targetHints":{"allow":["GET"]}}],"collection":[{"href":"https:\/\/diariodominicano.com\/index.php?rest_route=\/wp\/v2\/posts"}],"about":[{"href":"https:\/\/diariodominicano.com\/index.php?rest_route=\/wp\/v2\/types\/post"}],"author":[{"embeddable":true,"href":"https:\/\/diariodominicano.com\/index.php?rest_route=\/wp\/v2\/users\/3"}],"replies":[{"embeddable":true,"href":"https:\/\/diariodominicano.com\/index.php?rest_route=%2Fwp%2Fv2%2Fcomments&post=231021"}],"version-history":[{"count":0,"href":"https:\/\/diariodominicano.com\/index.php?rest_route=\/wp\/v2\/posts\/231021\/revisions"}],"wp:attachment":[{"href":"https:\/\/diariodominicano.com\/index.php?rest_route=%2Fwp%2Fv2%2Fmedia&parent=231021"}],"wp:term":[{"taxonomy":"category","embeddable":true,"href":"https:\/\/diariodominicano.com\/index.php?rest_route=%2Fwp%2Fv2%2Fcategories&post=231021"},{"taxonomy":"post_tag","embeddable":true,"href":"https:\/\/diariodominicano.com\/index.php?rest_route=%2Fwp%2Fv2%2Ftags&post=231021"}],"curies":[{"name":"wp","href":"https:\/\/api.w.org\/{rel}","templated":true}]}}