{"id":231019,"date":"2018-04-10T07:14:14","date_gmt":"2018-04-10T07:14:14","guid":{"rendered":"http:\/\/diariodominicano.ddns.net\/?p=231019"},"modified":"2018-04-10T07:14:14","modified_gmt":"2018-04-10T07:14:14","slug":"secretario-general-de-la-onu-advierte-de-aislacionismo-y-proteccionismo-en-la-globalizacion","status":"publish","type":"post","link":"https:\/\/diariodominicano.com\/?p=231019","title":{"rendered":"Secretario general de la ONU advierte de aislacionismo y proteccionismo en la globalizaci\u00f3n"},"content":{"rendered":"<p><body><\/p>\n<p><img decoding=\"async\" src=\"img3\/Baoonu10.jpg\" \/>  <\/p>\n<p><span class=\"text1noticias\">     BOAO, Hainan, 10 abr (Xinhua) &#8212; El secretario general de la ONU, Ant\u00f3nio Guterres, dijo hoy martes que la globalizaci\u00f3n es universal y el mundo no debe incurrir en conductas como el aislacionismo, el proteccionismo o la exclusi\u00f3n.<\/span><\/p>\n<p><span class=\"text1noticias\"> <\/span><\/p>\n<p><span class=\"text1noticias\">     \u00abEstoy profundamente convencido de que la globalizaci\u00f3n es universal y ha tra\u00eddo muchos beneficios, como la integraci\u00f3n de la econom\u00eda y el comercio\u00bb, dijo Guterres, quien agreg\u00f3 que los problemas globales necesitan de soluciones multilaterales globales.<\/span><\/p>\n<p><span class=\"text1noticias\"> <\/span><\/p>\n<p><span class=\"text1noticias\">     Guterres hizo estos comentarios al pronunciar un discurso en la ceremonia inaugural de la conferencia anual del Foro de Boao para Asia, que se celebra en la provincia insular de Hainan, en el sur de China<\/span>. <\/p>\n<h6> 2018-04-10 07:14:14 <\/h6>\n<p><!--\n<link rel=\"stylesheet\" href=\"css\/bootstrap.min.css\">\n\n\n<ul class=\"pagination\">\n\t    \n\t\n\n<li >\n\t<a href='?page_no=10672'>Previous<\/a>\n\t<\/li>\n\n\n       \n    \n\n<li><a href='?page_no=1'>1<\/a><\/li>\n\n\n\n<li><a href='?page_no=2'>2<\/a><\/li>\n\n\n\n<li><a>...<\/a><\/li>\n\n\n\n<li><a href='?page_no=10671'>10671<\/a><\/li>\n\n\n\n<li><a href='?page_no=10672'>10672<\/a><\/li>\n\n\n\n<li class='active'><a>10673<\/a><\/li>\n\n\n\n<li><a href='?page_no=10674'>10674<\/a><\/li>\n\n\n\n<li><a href='?page_no=10675'>10675<\/a><\/li>\n\n\n\n<li><a>...<\/a><\/li>\n\n\n\n<li><a href='?page_no=51012'>51012<\/a><\/li>\n\n\n\n<li><a href='?page_no=51013'>51013<\/a><\/li>\n\n    \n\t\n\n<li >\n\t<a href='?page_no=10674'>Next<\/a>\n\t<\/li>\n\n\n    \n\n<li><a href='?page_no=51013'>Last &rsaquo;&rsaquo;<\/a><\/li>\n\n<\/ul>\n\n\n--><br \/>\n<\/body><\/p>\n","protected":false},"excerpt":{"rendered":"<p>BOAO, Hainan, 10 abr (Xinhua) &#8212; El secretario general de la ONU, Ant\u00f3nio Guterres, dijo hoy martes que la globalizaci\u00f3n es universal y el mundo no debe incurrir en conductas como el aislacionismo, el proteccionismo o la exclusi\u00f3n. \u00abEstoy profundamente convencido de que la globalizaci\u00f3n es universal y ha tra\u00eddo muchos beneficios, como la integraci\u00f3n [&hellip;]<\/p>\n","protected":false},"author":3,"featured_media":0,"comment_status":"open","ping_status":"open","sticky":false,"template":"","format":"standard","meta":{"footnotes":""},"categories":[23],"tags":[],"class_list":["post-231019","post","type-post","status-publish","format-standard","hentry","category-internacional"],"_links":{"self":[{"href":"https:\/\/diariodominicano.com\/index.php?rest_route=\/wp\/v2\/posts\/231019","targetHints":{"allow":["GET"]}}],"collection":[{"href":"https:\/\/diariodominicano.com\/index.php?rest_route=\/wp\/v2\/posts"}],"about":[{"href":"https:\/\/diariodominicano.com\/index.php?rest_route=\/wp\/v2\/types\/post"}],"author":[{"embeddable":true,"href":"https:\/\/diariodominicano.com\/index.php?rest_route=\/wp\/v2\/users\/3"}],"replies":[{"embeddable":true,"href":"https:\/\/diariodominicano.com\/index.php?rest_route=%2Fwp%2Fv2%2Fcomments&post=231019"}],"version-history":[{"count":0,"href":"https:\/\/diariodominicano.com\/index.php?rest_route=\/wp\/v2\/posts\/231019\/revisions"}],"wp:attachment":[{"href":"https:\/\/diariodominicano.com\/index.php?rest_route=%2Fwp%2Fv2%2Fmedia&parent=231019"}],"wp:term":[{"taxonomy":"category","embeddable":true,"href":"https:\/\/diariodominicano.com\/index.php?rest_route=%2Fwp%2Fv2%2Fcategories&post=231019"},{"taxonomy":"post_tag","embeddable":true,"href":"https:\/\/diariodominicano.com\/index.php?rest_route=%2Fwp%2Fv2%2Ftags&post=231019"}],"curies":[{"name":"wp","href":"https:\/\/api.w.org\/{rel}","templated":true}]}}