{"id":231018,"date":"2018-04-10T08:46:07","date_gmt":"2018-04-10T08:46:07","guid":{"rendered":"http:\/\/diariodominicano.ddns.net\/?p=231018"},"modified":"2018-04-10T08:46:07","modified_gmt":"2018-04-10T08:46:07","slug":"kim-jong-un-confirma-que-se-reunira-con-presidente-surcoreano-el-27-de-abril","status":"publish","type":"post","link":"https:\/\/diariodominicano.com\/?p=231018","title":{"rendered":"Kim Jong Un confirma que se reunir\u00e1 con presidente surcoreano el 27 de abril"},"content":{"rendered":"<p><body><\/p>\n<p><img decoding=\"async\" src=\"img3\/kinyounun.jpg\" \/>  <\/p>\n<p><span class=\"text1noticias\">     PYONGYANG, 10 abr (Xinhua) &#8212; Kim Jong Un, m\u00e1ximo l\u00edder de la Rep\u00fablica Popular Democr\u00e1tica de Corea (RPDC), ha confirmado que se reunir\u00e1 el 27 de abril en la villa fronteriza de Panmunjom con el presidente surcoreano, Moon Jae-in, informaron este martes los medios oficiales locales.<\/span><\/p>\n<p><span class=\"text1noticias\"> <\/span><\/p>\n<p><span class=\"text1noticias\">     Kim presidi\u00f3 el lunes una reuni\u00f3n del Bur\u00f3 Pol\u00edtico del Comit\u00e9 Central del Partido de los Trabajadores de Corea y, en su informe, se refiri\u00f3 al encuentro, informaron la televisi\u00f3n central de la RPDC y la agencia estatal de noticias, KCNA.<\/span><\/p>\n<p><span class=\"text1noticias\"> <\/span><\/p>\n<p><span class=\"text1noticias\">     El m\u00e1ximo l\u00edder de la RPDC asegur\u00f3 que las conversaciones se celebrar\u00edan en la \u00abCasa de la Paz\u00bb, en la parte meridional de Panmunjom el 27 de abril, seg\u00fan KCNA.  Endit<\/span>em<\/p>\n<h6> 2018-04-10 08:46:07 <\/h6>\n<p><!--\n<link rel=\"stylesheet\" href=\"css\/bootstrap.min.css\">\n\n\n<ul class=\"pagination\">\n\t    \n\t\n\n<li >\n\t<a href='?page_no=10671'>Previous<\/a>\n\t<\/li>\n\n\n       \n    \n\n<li><a href='?page_no=1'>1<\/a><\/li>\n\n\n\n<li><a href='?page_no=2'>2<\/a><\/li>\n\n\n\n<li><a>...<\/a><\/li>\n\n\n\n<li><a href='?page_no=10670'>10670<\/a><\/li>\n\n\n\n<li><a href='?page_no=10671'>10671<\/a><\/li>\n\n\n\n<li class='active'><a>10672<\/a><\/li>\n\n\n\n<li><a href='?page_no=10673'>10673<\/a><\/li>\n\n\n\n<li><a href='?page_no=10674'>10674<\/a><\/li>\n\n\n\n<li><a>...<\/a><\/li>\n\n\n\n<li><a href='?page_no=51012'>51012<\/a><\/li>\n\n\n\n<li><a href='?page_no=51013'>51013<\/a><\/li>\n\n    \n\t\n\n<li >\n\t<a href='?page_no=10673'>Next<\/a>\n\t<\/li>\n\n\n    \n\n<li><a href='?page_no=51013'>Last &rsaquo;&rsaquo;<\/a><\/li>\n\n<\/ul>\n\n\n--><br \/>\n<\/body><\/p>\n","protected":false},"excerpt":{"rendered":"<p>PYONGYANG, 10 abr (Xinhua) &#8212; Kim Jong Un, m\u00e1ximo l\u00edder de la Rep\u00fablica Popular Democr\u00e1tica de Corea (RPDC), ha confirmado que se reunir\u00e1 el 27 de abril en la villa fronteriza de Panmunjom con el presidente surcoreano, Moon Jae-in, informaron este martes los medios oficiales locales. Kim presidi\u00f3 el lunes una reuni\u00f3n del Bur\u00f3 Pol\u00edtico [&hellip;]<\/p>\n","protected":false},"author":3,"featured_media":0,"comment_status":"open","ping_status":"open","sticky":false,"template":"","format":"standard","meta":{"footnotes":""},"categories":[23],"tags":[],"class_list":["post-231018","post","type-post","status-publish","format-standard","hentry","category-internacional"],"_links":{"self":[{"href":"https:\/\/diariodominicano.com\/index.php?rest_route=\/wp\/v2\/posts\/231018","targetHints":{"allow":["GET"]}}],"collection":[{"href":"https:\/\/diariodominicano.com\/index.php?rest_route=\/wp\/v2\/posts"}],"about":[{"href":"https:\/\/diariodominicano.com\/index.php?rest_route=\/wp\/v2\/types\/post"}],"author":[{"embeddable":true,"href":"https:\/\/diariodominicano.com\/index.php?rest_route=\/wp\/v2\/users\/3"}],"replies":[{"embeddable":true,"href":"https:\/\/diariodominicano.com\/index.php?rest_route=%2Fwp%2Fv2%2Fcomments&post=231018"}],"version-history":[{"count":0,"href":"https:\/\/diariodominicano.com\/index.php?rest_route=\/wp\/v2\/posts\/231018\/revisions"}],"wp:attachment":[{"href":"https:\/\/diariodominicano.com\/index.php?rest_route=%2Fwp%2Fv2%2Fmedia&parent=231018"}],"wp:term":[{"taxonomy":"category","embeddable":true,"href":"https:\/\/diariodominicano.com\/index.php?rest_route=%2Fwp%2Fv2%2Fcategories&post=231018"},{"taxonomy":"post_tag","embeddable":true,"href":"https:\/\/diariodominicano.com\/index.php?rest_route=%2Fwp%2Fv2%2Ftags&post=231018"}],"curies":[{"name":"wp","href":"https:\/\/api.w.org\/{rel}","templated":true}]}}