{"id":231010,"date":"2018-04-10T15:47:07","date_gmt":"2018-04-10T15:47:07","guid":{"rendered":"http:\/\/diariodominicano.ddns.net\/?p=231010"},"modified":"2018-04-10T15:47:07","modified_gmt":"2018-04-10T15:47:07","slug":"onu-alerta-sobre-impacto-para-la-paz-tras-arresto-de-santrich","status":"publish","type":"post","link":"https:\/\/diariodominicano.com\/?p=231010","title":{"rendered":"ONU alerta sobre impacto para la paz tras arresto de Santrich"},"content":{"rendered":"<p><body><\/p>\n<p><img decoding=\"async\" src=\"img3\/jesus-santrich.jpg\" \/>  <\/p>\n<p><strong> Bogot\u00e1, 10 abr (PL) <\/strong>La Misi\u00f3n de Verificaci\u00f3n de las Naciones Unidas en Colombia alert\u00f3 hoy sobre las consecuencias profundas para el proceso de paz que pueden derivarse de la detenci\u00f3n del dirigente de la FARC Jes\u00fas Santrich.<\/p>\n<\/p>\n<p>A trav\u00e9s de un comunicado, la instancia de la ONU hizo un llamado a las instituciones del Estado colombiano a evaluar el caso con el mayor discernimiento, teniendo en cuenta que las decisiones que se tomen tendr\u00e1n hondas repercusiones en el proceso de paz. <\/p>\n<\/p>\n<p>La Misi\u00f3n de Verificaci\u00f3n llam\u00f3 la atenci\u00f3n sobre el Acto Legislativo que crea el Sistema de Verdad, Justicia, Reparaci\u00f3n y No Repetici\u00f3n, el cual establece que ser\u00e1 el Tribunal de Paz el que debe decidir el procedimiento apropiado respecto a un integrante de la exguerrilla. <\/p>\n<\/p>\n<p>Alude el texto de la ONU a declaraciones de Patricia Linares, presidenta de la Jurisdicci\u00f3n Especial para la Paz, quien confirm\u00f3 la competencia del tribunal que preside de revisar el caso para determinar si se debe remitir a la justicia ordinaria o no. El m\u00e1ximo organismo internacional dio a conocer, adem\u00e1s, que estar\u00e1 atento a las situaciones que puedan generarse en los Espacios Territoriales de Reincorporaci\u00f3n, donde est\u00e1n los excombatientes, como resultado de la detenci\u00f3n de uno de sus principales l\u00edderes.<\/p>\n<\/p>\n<p> Aqu\u00ed trascendi\u00f3 tambi\u00e9n que el legislador brit\u00e1nico Mickey Brady, quien visita Colombia como parte de una delegaci\u00f3n del parlamento de su pa\u00eds interesada en el proceso de paz, hizo presencia en la Fiscal\u00eda para exigir la libertad del dirigente fariano. Ayer la Fiscal\u00eda General de la Naci\u00f3n detuvo a Santrich por solicitud del gobierno de Estados Unidos, tras imputarle al l\u00edder de la Fuerza Alternativa Revolucionaria del Com\u00fan (FARC) supuesta participaci\u00f3n en el delito de narcotr\u00e1fico. <\/p>\n<\/p>\n<p>La direcci\u00f3n del partido de la FARC denunci\u00f3 hoy que lo ocurrido se trata de un plan orquestado entre el gobierno de Estados Unidos y la fiscal\u00eda colombiana, el cual amenaza con extenderse a toda la direcci\u00f3n pol\u00edtica del partido fariano.<\/p>\n<p>mgt\/tpa<\/p>\n<h6> 2018-04-10 15:47:07 <\/h6>\n<p><!--\n<link rel=\"stylesheet\" href=\"css\/bootstrap.min.css\">\n\n\n<ul class=\"pagination\">\n\t    \n\t\n\n<li >\n\t<a href='?page_no=10664'>Previous<\/a>\n\t<\/li>\n\n\n       \n    \n\n<li><a href='?page_no=1'>1<\/a><\/li>\n\n\n\n<li><a href='?page_no=2'>2<\/a><\/li>\n\n\n\n<li><a>...<\/a><\/li>\n\n\n\n<li><a href='?page_no=10663'>10663<\/a><\/li>\n\n\n\n<li><a href='?page_no=10664'>10664<\/a><\/li>\n\n\n\n<li class='active'><a>10665<\/a><\/li>\n\n\n\n<li><a href='?page_no=10666'>10666<\/a><\/li>\n\n\n\n<li><a href='?page_no=10667'>10667<\/a><\/li>\n\n\n\n<li><a>...<\/a><\/li>\n\n\n\n<li><a href='?page_no=51012'>51012<\/a><\/li>\n\n\n\n<li><a href='?page_no=51013'>51013<\/a><\/li>\n\n    \n\t\n\n<li >\n\t<a href='?page_no=10666'>Next<\/a>\n\t<\/li>\n\n\n    \n\n<li><a href='?page_no=51013'>Last &rsaquo;&rsaquo;<\/a><\/li>\n\n<\/ul>\n\n\n--><br \/>\n<\/body><\/p>\n","protected":false},"excerpt":{"rendered":"<p>Bogot\u00e1, 10 abr (PL) La Misi\u00f3n de Verificaci\u00f3n de las Naciones Unidas en Colombia alert\u00f3 hoy sobre las consecuencias profundas para el proceso de paz que pueden derivarse de la detenci\u00f3n del dirigente de la FARC Jes\u00fas Santrich. A trav\u00e9s de un comunicado, la instancia de la ONU hizo un llamado a las instituciones del [&hellip;]<\/p>\n","protected":false},"author":3,"featured_media":0,"comment_status":"open","ping_status":"open","sticky":false,"template":"","format":"standard","meta":{"footnotes":""},"categories":[23],"tags":[],"class_list":["post-231010","post","type-post","status-publish","format-standard","hentry","category-internacional"],"_links":{"self":[{"href":"https:\/\/diariodominicano.com\/index.php?rest_route=\/wp\/v2\/posts\/231010","targetHints":{"allow":["GET"]}}],"collection":[{"href":"https:\/\/diariodominicano.com\/index.php?rest_route=\/wp\/v2\/posts"}],"about":[{"href":"https:\/\/diariodominicano.com\/index.php?rest_route=\/wp\/v2\/types\/post"}],"author":[{"embeddable":true,"href":"https:\/\/diariodominicano.com\/index.php?rest_route=\/wp\/v2\/users\/3"}],"replies":[{"embeddable":true,"href":"https:\/\/diariodominicano.com\/index.php?rest_route=%2Fwp%2Fv2%2Fcomments&post=231010"}],"version-history":[{"count":0,"href":"https:\/\/diariodominicano.com\/index.php?rest_route=\/wp\/v2\/posts\/231010\/revisions"}],"wp:attachment":[{"href":"https:\/\/diariodominicano.com\/index.php?rest_route=%2Fwp%2Fv2%2Fmedia&parent=231010"}],"wp:term":[{"taxonomy":"category","embeddable":true,"href":"https:\/\/diariodominicano.com\/index.php?rest_route=%2Fwp%2Fv2%2Fcategories&post=231010"},{"taxonomy":"post_tag","embeddable":true,"href":"https:\/\/diariodominicano.com\/index.php?rest_route=%2Fwp%2Fv2%2Ftags&post=231010"}],"curies":[{"name":"wp","href":"https:\/\/api.w.org\/{rel}","templated":true}]}}