{"id":231008,"date":"2018-04-10T16:00:48","date_gmt":"2018-04-10T16:00:48","guid":{"rendered":"http:\/\/diariodominicano.ddns.net\/?p=231008"},"modified":"2018-04-10T16:00:48","modified_gmt":"2018-04-10T16:00:48","slug":"presidente-lamenta-ausencia-de-trump-y-analista-nota-desinteres","status":"publish","type":"post","link":"https:\/\/diariodominicano.com\/?p=231008","title":{"rendered":"Presidente lamenta ausencia de Trump y analista nota desinter\u00e9s"},"content":{"rendered":"<p><body><\/p>\n<p><strong>Lima, 10 abr (PL<\/strong>) Mientras el presidente peruano, Mart\u00edn Vizcarra, lament\u00f3 hoy la anunciada ausencia de su hom\u00f3logo estadounidense Donald Trump de la Cumbre de las Am\u00e9ricas, un analista mencion\u00f3 como posible causa el desinter\u00e9s en Am\u00e9rica Latina.<\/p>\n<\/p>\n<p>El mandatario peruano fue preguntado sobre la decisi\u00f3n de Trump de no viajar a Lima para dedicarse a ejecutar sus amenazas de agresi\u00f3n a Siria y dijo que la decisi\u00f3n es lamentable y que hubiera sido importante su participaci\u00f3n en la VIII Cumbre de las Am\u00e9ricas prevista para el viernes y el s\u00e1bado pr\u00f3ximos.<\/p>\n<\/p>\n<p>Vizcarra sostuvo que Trump ser\u00e1 representado por su vicepresidente, Mike Pence, con lo que, dijo, Estados Unidos ratifica la importancia de participar en el evento.<\/p>\n<\/p>\n<p>Por su parte, el analista de temas internacionales Francisco Belaunde, dijo que la ausencia del personaje puede atribuirse a su conocida falta de inter\u00e9s en Am\u00e9rica Latina, o a la gravedad de la situaci\u00f3n planteada en Siria- <\/p>\n<\/p>\n<p>Dijo esperar que la inasistencia de Trump no d\u00e9 paso a cancelaciones de la presencia de presidentes latinoamericanos, como creen posible otros analistas y dijo que si ello ocurre, la cita perder\u00eda brillo y ser\u00eda &#8216;una cumbre fallida&#8217; <\/p>\n<\/p>\n<p>El embajador en retiro Oswaldo de Rivero pronostic\u00f3 horas antes del anuncio de la deserci\u00f3n de Trump, que &#8216; habr\u00e1 divisi\u00f3n en la Cumbre de Lima entre Am\u00e9rica Latina y Estados Unidos&#8217;.<\/p>\n<\/p>\n<p>Tal situaci\u00f3n, a\u00f1adi\u00f3, se debe a que &#8216;el egoc\u00e9ntrico e impredecible presidente&#8217; norteamericano pretende construir un muro pagado por M\u00e9xico, ha deportado unos 96 mil inmigrantes latinoamericanos &#8216; ha escalado su fobia antimigratoria militarizando la frontera con M\u00e9xico&#8217;.<\/p>\n<\/p>\n<p>pgh\/mrs<\/p>\n<h6> 2018-04-10 16:00:48 <\/h6>\n<p><!--\n<link rel=\"stylesheet\" href=\"css\/bootstrap.min.css\">\n\n\n<ul class=\"pagination\">\n\t    \n\t\n\n<li >\n\t<a href='?page_no=10662'>Previous<\/a>\n\t<\/li>\n\n\n       \n    \n\n<li><a href='?page_no=1'>1<\/a><\/li>\n\n\n\n<li><a href='?page_no=2'>2<\/a><\/li>\n\n\n\n<li><a>...<\/a><\/li>\n\n\n\n<li><a href='?page_no=10661'>10661<\/a><\/li>\n\n\n\n<li><a href='?page_no=10662'>10662<\/a><\/li>\n\n\n\n<li class='active'><a>10663<\/a><\/li>\n\n\n\n<li><a href='?page_no=10664'>10664<\/a><\/li>\n\n\n\n<li><a href='?page_no=10665'>10665<\/a><\/li>\n\n\n\n<li><a>...<\/a><\/li>\n\n\n\n<li><a href='?page_no=51012'>51012<\/a><\/li>\n\n\n\n<li><a href='?page_no=51013'>51013<\/a><\/li>\n\n    \n\t\n\n<li >\n\t<a href='?page_no=10664'>Next<\/a>\n\t<\/li>\n\n\n    \n\n<li><a href='?page_no=51013'>Last &rsaquo;&rsaquo;<\/a><\/li>\n\n<\/ul>\n\n\n--><br \/>\n<\/body><\/p>\n","protected":false},"excerpt":{"rendered":"<p>Lima, 10 abr (PL) Mientras el presidente peruano, Mart\u00edn Vizcarra, lament\u00f3 hoy la anunciada ausencia de su hom\u00f3logo estadounidense Donald Trump de la Cumbre de las Am\u00e9ricas, un analista mencion\u00f3 como posible causa el desinter\u00e9s en Am\u00e9rica Latina. El mandatario peruano fue preguntado sobre la decisi\u00f3n de Trump de no viajar a Lima para dedicarse [&hellip;]<\/p>\n","protected":false},"author":3,"featured_media":0,"comment_status":"open","ping_status":"open","sticky":false,"template":"","format":"standard","meta":{"footnotes":""},"categories":[23],"tags":[],"class_list":["post-231008","post","type-post","status-publish","format-standard","hentry","category-internacional"],"_links":{"self":[{"href":"https:\/\/diariodominicano.com\/index.php?rest_route=\/wp\/v2\/posts\/231008","targetHints":{"allow":["GET"]}}],"collection":[{"href":"https:\/\/diariodominicano.com\/index.php?rest_route=\/wp\/v2\/posts"}],"about":[{"href":"https:\/\/diariodominicano.com\/index.php?rest_route=\/wp\/v2\/types\/post"}],"author":[{"embeddable":true,"href":"https:\/\/diariodominicano.com\/index.php?rest_route=\/wp\/v2\/users\/3"}],"replies":[{"embeddable":true,"href":"https:\/\/diariodominicano.com\/index.php?rest_route=%2Fwp%2Fv2%2Fcomments&post=231008"}],"version-history":[{"count":0,"href":"https:\/\/diariodominicano.com\/index.php?rest_route=\/wp\/v2\/posts\/231008\/revisions"}],"wp:attachment":[{"href":"https:\/\/diariodominicano.com\/index.php?rest_route=%2Fwp%2Fv2%2Fmedia&parent=231008"}],"wp:term":[{"taxonomy":"category","embeddable":true,"href":"https:\/\/diariodominicano.com\/index.php?rest_route=%2Fwp%2Fv2%2Fcategories&post=231008"},{"taxonomy":"post_tag","embeddable":true,"href":"https:\/\/diariodominicano.com\/index.php?rest_route=%2Fwp%2Fv2%2Ftags&post=231008"}],"curies":[{"name":"wp","href":"https:\/\/api.w.org\/{rel}","templated":true}]}}