{"id":231003,"date":"2018-04-10T19:40:29","date_gmt":"2018-04-10T19:40:29","guid":{"rendered":"http:\/\/diariodominicano.ddns.net\/?p=231003"},"modified":"2018-04-10T19:40:29","modified_gmt":"2018-04-10T19:40:29","slug":"consejo-de-seguridad-renueva-mandato-de-mision-de-apoyo-de-onu-en-haiti","status":"publish","type":"post","link":"https:\/\/diariodominicano.com\/?p=231003","title":{"rendered":"Consejo de Seguridad renueva mandato de misi\u00f3n de apoyo de ONU en Hait\u00ed"},"content":{"rendered":"<p><body><\/p>\n<p><img decoding=\"async\" src=\"img3\/HONUHaiti10.jpg\" \/>  <\/p>\n<p><span class=\"text1noticias\">     NACIONES UNIDAS, 10 abr (Xinhua) &#8212; El Consejo de Seguridad de la ONU decidi\u00f3 hoy extender un a\u00f1o el mandato de la Misi\u00f3n de Apoyo a la Justicia en Hait\u00ed y reducir la presencia policial en el pa\u00eds.<\/span><\/p>\n<p><span class=\"text1noticias\"> <\/span><\/p>\n<p><span class=\"text1noticias\">     La resoluci\u00f3n 2410 extendi\u00f3 el mandato de la misi\u00f3n hasta el 15 de abril de 2019 para ayudar al gobierno haitiano a reforzar el Estado de derecho, a desarrollar la polic\u00eda nacional y a vigilar los derechos humanos.<\/span><\/p>\n<p><span class=\"text1noticias\"> <\/span><\/p>\n<p><span class=\"text1noticias\">     La resoluci\u00f3n indic\u00f3 que el componente policial de la misi\u00f3n de la ONU mantendr\u00e1 siete unidades de polic\u00eda formadas y 295 oficiales de polic\u00eda hasta el 15 de octubre de 2018.<\/span><\/p>\n<p><span class=\"text1noticias\"> <\/span><\/p>\n<p><span class=\"text1noticias\">     En los pr\u00f3ximos seis meses del mandato renovado, el componente policial ser\u00e1 reducido a cinco unidades de polic\u00eda y a 295 oficiales de polic\u00eda y \u00abcada reducci\u00f3n tomar\u00e1 en cuenta la evoluci\u00f3n de la seguridad en Hait\u00ed y se ajustar\u00e1 de forma correspondiente\u00bb.<\/span><\/p>\n<p><span class=\"text1noticias\"> <\/span><\/p>\n<p><span class=\"text1noticias\">     La resoluci\u00f3n reafirm\u00f3 la intenci\u00f3n del Consejo de Seguridad de considerar la retirada de la misi\u00f3n y la transici\u00f3n para la retirada de los cascos azules en Hait\u00ed despu\u00e9s del 15 de octubre de 2019.<\/span><\/p>\n<p><span class=\"text1noticias\"> <\/span><\/p>\n<p><span class=\"text1noticias\">     La misi\u00f3n ya cuenta con un componente policial menor que el de su predecesora, la Misi\u00f3n de Estabilizaci\u00f3n de Naciones Unidas en Hait\u00ed (Minustah), compuesta por personal militar. La nueva misi\u00f3n reemplaz\u00f3 a Minustah el 16 de octubre de 2017<\/span>. <\/p>\n<h6> 2018-04-10 19:40:29 <\/h6>\n<p><!--\n<link rel=\"stylesheet\" href=\"css\/bootstrap.min.css\">\n\n\n<ul class=\"pagination\">\n\t    \n\t\n\n<li >\n\t<a href='?page_no=10658'>Previous<\/a>\n\t<\/li>\n\n\n       \n    \n\n<li><a href='?page_no=1'>1<\/a><\/li>\n\n\n\n<li><a href='?page_no=2'>2<\/a><\/li>\n\n\n\n<li><a>...<\/a><\/li>\n\n\n\n<li><a href='?page_no=10657'>10657<\/a><\/li>\n\n\n\n<li><a href='?page_no=10658'>10658<\/a><\/li>\n\n\n\n<li class='active'><a>10659<\/a><\/li>\n\n\n\n<li><a href='?page_no=10660'>10660<\/a><\/li>\n\n\n\n<li><a href='?page_no=10661'>10661<\/a><\/li>\n\n\n\n<li><a>...<\/a><\/li>\n\n\n\n<li><a href='?page_no=51012'>51012<\/a><\/li>\n\n\n\n<li><a href='?page_no=51013'>51013<\/a><\/li>\n\n    \n\t\n\n<li >\n\t<a href='?page_no=10660'>Next<\/a>\n\t<\/li>\n\n\n    \n\n<li><a href='?page_no=51013'>Last &rsaquo;&rsaquo;<\/a><\/li>\n\n<\/ul>\n\n\n--><br \/>\n<\/body><\/p>\n","protected":false},"excerpt":{"rendered":"<p>NACIONES UNIDAS, 10 abr (Xinhua) &#8212; El Consejo de Seguridad de la ONU decidi\u00f3 hoy extender un a\u00f1o el mandato de la Misi\u00f3n de Apoyo a la Justicia en Hait\u00ed y reducir la presencia policial en el pa\u00eds. La resoluci\u00f3n 2410 extendi\u00f3 el mandato de la misi\u00f3n hasta el 15 de abril de 2019 para [&hellip;]<\/p>\n","protected":false},"author":3,"featured_media":0,"comment_status":"open","ping_status":"open","sticky":false,"template":"","format":"standard","meta":{"footnotes":""},"categories":[23],"tags":[],"class_list":["post-231003","post","type-post","status-publish","format-standard","hentry","category-internacional"],"_links":{"self":[{"href":"https:\/\/diariodominicano.com\/index.php?rest_route=\/wp\/v2\/posts\/231003","targetHints":{"allow":["GET"]}}],"collection":[{"href":"https:\/\/diariodominicano.com\/index.php?rest_route=\/wp\/v2\/posts"}],"about":[{"href":"https:\/\/diariodominicano.com\/index.php?rest_route=\/wp\/v2\/types\/post"}],"author":[{"embeddable":true,"href":"https:\/\/diariodominicano.com\/index.php?rest_route=\/wp\/v2\/users\/3"}],"replies":[{"embeddable":true,"href":"https:\/\/diariodominicano.com\/index.php?rest_route=%2Fwp%2Fv2%2Fcomments&post=231003"}],"version-history":[{"count":0,"href":"https:\/\/diariodominicano.com\/index.php?rest_route=\/wp\/v2\/posts\/231003\/revisions"}],"wp:attachment":[{"href":"https:\/\/diariodominicano.com\/index.php?rest_route=%2Fwp%2Fv2%2Fmedia&parent=231003"}],"wp:term":[{"taxonomy":"category","embeddable":true,"href":"https:\/\/diariodominicano.com\/index.php?rest_route=%2Fwp%2Fv2%2Fcategories&post=231003"},{"taxonomy":"post_tag","embeddable":true,"href":"https:\/\/diariodominicano.com\/index.php?rest_route=%2Fwp%2Fv2%2Ftags&post=231003"}],"curies":[{"name":"wp","href":"https:\/\/api.w.org\/{rel}","templated":true}]}}