{"id":230997,"date":"2018-04-11T06:55:18","date_gmt":"2018-04-11T06:55:18","guid":{"rendered":"http:\/\/diariodominicano.ddns.net\/?p=230997"},"modified":"2018-04-11T06:55:18","modified_gmt":"2018-04-11T06:55:18","slug":"comandante-de-grupo-taliban-entre-10-abatidos-en-afganistan","status":"publish","type":"post","link":"https:\/\/diariodominicano.com\/?p=230997","title":{"rendered":"Comandante de grupo talib\u00e1n entre 10 abatidos en Afganist\u00e1n"},"content":{"rendered":"<p><body><\/p>\n<p><span class=\"text1noticias\">     LASHKAR GAH, Afganist\u00e1n, 11 abr (Xinhua) &#8212; Hasta 10 milicianos talibanes, incluido un comandante del grupo, fueron abatidos y otros 10 resultaron heridos el martes cuando las fuerzas de seguridad asaltaron posiciones talibanes en el distrito de Nad Ali de la provincia de Helmand, al sur de Afganist\u00e1n, dijo el mi\u00e9rcoles el vocero policial provincial Abdul Salam Afghan.<\/span><\/p>\n<p><span class=\"text1noticias\"> <\/span><\/p>\n<p><span class=\"text1noticias\">     Las operaciones, seg\u00fan el oficial, se iniciaron el martes y los insurgentes, adem\u00e1s de sufrir bajas, tambi\u00e9n fueron expulsados de varios pueblos.<\/span><\/p>\n<p><span class=\"text1noticias\"> <\/span><\/p>\n<p><span class=\"text1noticias\">     No hubo heridos entre los efectivos de seguridad ni la poblaci\u00f3n civil, a\u00f1adi\u00f3.<\/span><\/p>\n<p><span class=\"text1noticias\"> <\/span><\/p>\n<p><span class=\"text1noticias\">     Los talibanes, quienes controlan el cultivo de la amapola y causan disturbios en la provincia, todav\u00eda no han hecho comentarios al respec<\/span>to.<\/p>\n<h6> 2018-04-11 06:55:18 <\/h6>\n<p><!--\n<link rel=\"stylesheet\" href=\"css\/bootstrap.min.css\">\n\n\n<ul class=\"pagination\">\n\t    \n\t\n\n<li >\n\t<a href='?page_no=10652'>Previous<\/a>\n\t<\/li>\n\n\n       \n    \n\n<li><a href='?page_no=1'>1<\/a><\/li>\n\n\n\n<li><a href='?page_no=2'>2<\/a><\/li>\n\n\n\n<li><a>...<\/a><\/li>\n\n\n\n<li><a href='?page_no=10651'>10651<\/a><\/li>\n\n\n\n<li><a href='?page_no=10652'>10652<\/a><\/li>\n\n\n\n<li class='active'><a>10653<\/a><\/li>\n\n\n\n<li><a href='?page_no=10654'>10654<\/a><\/li>\n\n\n\n<li><a href='?page_no=10655'>10655<\/a><\/li>\n\n\n\n<li><a>...<\/a><\/li>\n\n\n\n<li><a href='?page_no=51012'>51012<\/a><\/li>\n\n\n\n<li><a href='?page_no=51013'>51013<\/a><\/li>\n\n    \n\t\n\n<li >\n\t<a href='?page_no=10654'>Next<\/a>\n\t<\/li>\n\n\n    \n\n<li><a href='?page_no=51013'>Last &rsaquo;&rsaquo;<\/a><\/li>\n\n<\/ul>\n\n\n--><br \/>\n<\/body><\/p>\n","protected":false},"excerpt":{"rendered":"<p>LASHKAR GAH, Afganist\u00e1n, 11 abr (Xinhua) &#8212; Hasta 10 milicianos talibanes, incluido un comandante del grupo, fueron abatidos y otros 10 resultaron heridos el martes cuando las fuerzas de seguridad asaltaron posiciones talibanes en el distrito de Nad Ali de la provincia de Helmand, al sur de Afganist\u00e1n, dijo el mi\u00e9rcoles el vocero policial provincial [&hellip;]<\/p>\n","protected":false},"author":3,"featured_media":0,"comment_status":"open","ping_status":"open","sticky":false,"template":"","format":"standard","meta":{"footnotes":""},"categories":[23],"tags":[],"class_list":["post-230997","post","type-post","status-publish","format-standard","hentry","category-internacional"],"_links":{"self":[{"href":"https:\/\/diariodominicano.com\/index.php?rest_route=\/wp\/v2\/posts\/230997","targetHints":{"allow":["GET"]}}],"collection":[{"href":"https:\/\/diariodominicano.com\/index.php?rest_route=\/wp\/v2\/posts"}],"about":[{"href":"https:\/\/diariodominicano.com\/index.php?rest_route=\/wp\/v2\/types\/post"}],"author":[{"embeddable":true,"href":"https:\/\/diariodominicano.com\/index.php?rest_route=\/wp\/v2\/users\/3"}],"replies":[{"embeddable":true,"href":"https:\/\/diariodominicano.com\/index.php?rest_route=%2Fwp%2Fv2%2Fcomments&post=230997"}],"version-history":[{"count":0,"href":"https:\/\/diariodominicano.com\/index.php?rest_route=\/wp\/v2\/posts\/230997\/revisions"}],"wp:attachment":[{"href":"https:\/\/diariodominicano.com\/index.php?rest_route=%2Fwp%2Fv2%2Fmedia&parent=230997"}],"wp:term":[{"taxonomy":"category","embeddable":true,"href":"https:\/\/diariodominicano.com\/index.php?rest_route=%2Fwp%2Fv2%2Fcategories&post=230997"},{"taxonomy":"post_tag","embeddable":true,"href":"https:\/\/diariodominicano.com\/index.php?rest_route=%2Fwp%2Fv2%2Ftags&post=230997"}],"curies":[{"name":"wp","href":"https:\/\/api.w.org\/{rel}","templated":true}]}}