{"id":230996,"date":"2018-04-11T06:57:59","date_gmt":"2018-04-11T06:57:59","guid":{"rendered":"http:\/\/diariodominicano.ddns.net\/?p=230996"},"modified":"2018-04-11T06:57:59","modified_gmt":"2018-04-11T06:57:59","slug":"congreso-europeo-centra-atencion-en-alza-del-cancer-bucofaringeo","status":"publish","type":"post","link":"https:\/\/diariodominicano.com\/?p=230996","title":{"rendered":"Congreso europeo centra atenci\u00f3n en alza del c\u00e1ncer bucofar\u00edngeo"},"content":{"rendered":"<p><body><\/p>\n<p><img decoding=\"async\" src=\"img3\/Congreso europeo centra atencion en alza del cancer bucofaringeo I.jpg\" \/>  <\/p>\n<p>Roma, 11 abr (PL) El VIII Congreso Europeo de Sociedades de Oncolog\u00eda C\u00e9rvico-Facial (ECHNO 2018) se inicia hoy aqu\u00ed con la mira puesta en el aumento del c\u00e1ncer bucofar\u00edngeo en el Viejo Continente.<\/p>\n<\/p>\n<p>En la \u00faltima d\u00e9cada, se registr\u00f3 un incremento de alrededor de 250 por ciento de los carcinomas originados en la mucosa orofar\u00edngea, parte de la garganta que incluye el tercio posterior de la lengua, el paladar blando, las paredes laterales y posteriores de la garganta, y las am\u00edgdalas.<\/p>\n<\/p>\n<p>El profesor Giuseppe Spriano, jefe de otorrinolaringolog\u00eda y cirug\u00eda c\u00e9rvico-facial del Instituto Nacional de Tumores Reina Elena, con sede en esta capital, signific\u00f3 que en el alza de enfermos por esa causa est\u00e1n presentes riesgos tradicionales como el tabaco y el alcohol.<\/p>\n<\/p>\n<p>Pero, acot\u00f3, hay una acci\u00f3n decisiva de las infecciones del virus del papiloma, que hoy &#8216;representa aproximadamente el 50 por ciento de los casos en Italia, pero en los Estados Unidos representa casi el 90 por ciento&#8217;.<\/p>\n<\/p>\n<p>Desde el sitio web del Instituto, Spriano, quien preside ECHNO 2018 el cual sesionar\u00e1 durante cuatro d\u00edas, explic\u00f3 que los llamados tumores de cabeza y cuello representan aproximadamente la quinta parte de los c\u00e1nceres humanos.<\/p>\n<\/p>\n<p>Son muy diferentes, y pueden nacer de todos los tejidos y \u00f3rganos de esa parte del cuerpo: desde el c\u00e1ncer de piel a los de nariz y senos paranasales, o\u00eddo, tiroides, gl\u00e1ndulas salivales, cuello, cavidad bucal, faringe y laringe, lo cual involucra a especialistas de varias ramas en su diagn\u00f3stico y tratamiento.<\/p>\n<\/p>\n<p>En t\u00e9rminos de innovaciones terap\u00e9uticas y en particular en el campo quir\u00fargico, seg\u00fan Spriano, el \u00e9nfasis estar\u00e1 en las nuevas tecnolog\u00edas como la primera cirug\u00eda rob\u00f3tica, que posibilita una acci\u00f3n menos invasiva y mayor respetuoso de la integridad est\u00e9tica y funcional de esa zona del cuerpo.<\/p>\n<\/p>\n<p>Tambi\u00e9n ECHNO 2018 tratar\u00e1 sobre la introducci\u00f3n de la inmunoterapia para reconocer y atacar las c\u00e9lulas maligna; el papel de la biopsia l\u00edquida, la cual permite detectar un tumor y sus caracter\u00edsticas en una etapa inicial de la enfermedad, a partir de un test de sangre y el uso de biomarcadores.<\/p>\n<\/p>\n<p>Spriano destac\u00f3 la participaci\u00f3n en el evento de unos mil especialistas, entre los cuales subray\u00f3 la asistencia de 16 expertos de Ir\u00e1n, junto a m\u00e9dicos de China, India, Pakist\u00e1n, Filipinas, Singapur, Estados Unidos y Australia, naciones con las delegaciones m\u00e1s numerosas.<\/p>\n<h6> 2018-04-11 06:57:59 <\/h6>\n<p><!--\n<link rel=\"stylesheet\" href=\"css\/bootstrap.min.css\">\n\n\n<ul class=\"pagination\">\n\t    \n\t\n\n<li >\n\t<a href='?page_no=10651'>Previous<\/a>\n\t<\/li>\n\n\n       \n    \n\n<li><a href='?page_no=1'>1<\/a><\/li>\n\n\n\n<li><a href='?page_no=2'>2<\/a><\/li>\n\n\n\n<li><a>...<\/a><\/li>\n\n\n\n<li><a href='?page_no=10650'>10650<\/a><\/li>\n\n\n\n<li><a href='?page_no=10651'>10651<\/a><\/li>\n\n\n\n<li class='active'><a>10652<\/a><\/li>\n\n\n\n<li><a href='?page_no=10653'>10653<\/a><\/li>\n\n\n\n<li><a href='?page_no=10654'>10654<\/a><\/li>\n\n\n\n<li><a>...<\/a><\/li>\n\n\n\n<li><a href='?page_no=51012'>51012<\/a><\/li>\n\n\n\n<li><a href='?page_no=51013'>51013<\/a><\/li>\n\n    \n\t\n\n<li >\n\t<a href='?page_no=10653'>Next<\/a>\n\t<\/li>\n\n\n    \n\n<li><a href='?page_no=51013'>Last &rsaquo;&rsaquo;<\/a><\/li>\n\n<\/ul>\n\n\n--><br \/>\n<\/body><\/p>\n","protected":false},"excerpt":{"rendered":"<p>Roma, 11 abr (PL) El VIII Congreso Europeo de Sociedades de Oncolog\u00eda C\u00e9rvico-Facial (ECHNO 2018) se inicia hoy aqu\u00ed con la mira puesta en el aumento del c\u00e1ncer bucofar\u00edngeo en el Viejo Continente. En la \u00faltima d\u00e9cada, se registr\u00f3 un incremento de alrededor de 250 por ciento de los carcinomas originados en la mucosa orofar\u00edngea, [&hellip;]<\/p>\n","protected":false},"author":3,"featured_media":0,"comment_status":"open","ping_status":"open","sticky":false,"template":"","format":"standard","meta":{"footnotes":""},"categories":[23],"tags":[],"class_list":["post-230996","post","type-post","status-publish","format-standard","hentry","category-internacional"],"_links":{"self":[{"href":"https:\/\/diariodominicano.com\/index.php?rest_route=\/wp\/v2\/posts\/230996","targetHints":{"allow":["GET"]}}],"collection":[{"href":"https:\/\/diariodominicano.com\/index.php?rest_route=\/wp\/v2\/posts"}],"about":[{"href":"https:\/\/diariodominicano.com\/index.php?rest_route=\/wp\/v2\/types\/post"}],"author":[{"embeddable":true,"href":"https:\/\/diariodominicano.com\/index.php?rest_route=\/wp\/v2\/users\/3"}],"replies":[{"embeddable":true,"href":"https:\/\/diariodominicano.com\/index.php?rest_route=%2Fwp%2Fv2%2Fcomments&post=230996"}],"version-history":[{"count":0,"href":"https:\/\/diariodominicano.com\/index.php?rest_route=\/wp\/v2\/posts\/230996\/revisions"}],"wp:attachment":[{"href":"https:\/\/diariodominicano.com\/index.php?rest_route=%2Fwp%2Fv2%2Fmedia&parent=230996"}],"wp:term":[{"taxonomy":"category","embeddable":true,"href":"https:\/\/diariodominicano.com\/index.php?rest_route=%2Fwp%2Fv2%2Fcategories&post=230996"},{"taxonomy":"post_tag","embeddable":true,"href":"https:\/\/diariodominicano.com\/index.php?rest_route=%2Fwp%2Fv2%2Ftags&post=230996"}],"curies":[{"name":"wp","href":"https:\/\/api.w.org\/{rel}","templated":true}]}}