{"id":230994,"date":"2018-04-11T07:45:55","date_gmt":"2018-04-11T07:45:55","guid":{"rendered":"http:\/\/diariodominicano.ddns.net\/?p=230994"},"modified":"2018-04-11T07:45:55","modified_gmt":"2018-04-11T07:45:55","slug":"espana-celebrara-dia-internacional-de-la-vida-con-gran-marcha-el-15-de-abril","status":"publish","type":"post","link":"https:\/\/diariodominicano.com\/?p=230994","title":{"rendered":"Espa\u00f1a celebrar\u00e1 D\u00eda Internacional de la Vida con gran marcha el 15 de abril"},"content":{"rendered":"<p><body><\/p>\n<p><img decoding=\"async\" src=\"img3\/SiALaVidaes11.jpg\" \/>  <\/p>\n<p><span class=\"text1noticias\">Redacci\u00f3n ACI Prensa<\/span><\/p>\n<p><span class=\"text1noticias\">Vaticano, 11 de abril, 2018.- El domingo 15 de abril se celebrar\u00e1 en Madrid (Espa\u00f1a) la Marcha por la Vida convocada por la plataforma S\u00ed a la Vida, formada por m\u00e1s de 500 asociaciones y entidades c\u00edvicas.<\/span><\/p>\n<p><span class=\"text1noticias\"> <\/span><\/p>\n<p><span class=\"text1noticias\">Con esta iniciativa se pretende conmemorar en el pa\u00eds el D\u00eda Internacional de la Vida.<\/span><\/p>\n<p><span class=\"text1noticias\"> <\/span><\/p>\n<p><span class=\"text1noticias\">La marcha se iniciar\u00e1 al mediod\u00eda en la calle Serrano, esquina con la calle Diego de Le\u00f3n, y finalizar\u00e1 en la Puerta de Alcal\u00e1, donde se desarrollar\u00e1 un acto central.<\/span><\/p>\n<p><span class=\"text1noticias\"> <\/span><\/p>\n<p><span class=\"text1noticias\">Durante el evento se escuchar\u00e1n los testimonios de personas que cuidaron a sus familiares en el proceso final de sus vidas y de mujeres que superaron las dificultades durante su embarazo.<\/span><\/p>\n<p><span class=\"text1noticias\"> <\/span><\/p>\n<p><span class=\"text1noticias\">Alicia Latorre, presidenta de la Federaci\u00f3n Espa\u00f1ola de Asociaciones Provida, asegur\u00f3 que esta marcha pretende servir para \u00abcelebrar el primero de los derechos humanos, que es el derecho a la vida\u00bb.<\/span><\/p>\n<p><span class=\"text1noticias\"> <\/span><\/p>\n<p><span class=\"text1noticias\">\u00abCada vida es \u00fanica e irrepetible, es valiosa y tiene una dignidad que nunca pierde. Porque creemos y estamos comprometidos en ello, queremos decir un fuerte s\u00ed a la vida y hacer escuchar el grito silencioso de los que no tienen voz, desde antes de nacer y durante toda la existencia\u00bb, insisti\u00f3 Latorre<\/span><\/p>\n<p><span class=\"text1noticias\"> <\/span><\/p>\n<p><span class=\"text1noticias\">Tambi\u00e9n subray\u00f3 que esa defensa de la vida se extiende \u00aba todos sin excepci\u00f3n y en toda circunstancia\u00bb y expres\u00f3 su deseo de \u00abelevar esta voz unida a los pol\u00edticos, a los que tienen en su mano decisiones que afectan a la vida y la dignidad de las personas y a toda la sociedad\u00bb.<\/span><\/p>\n<p><span class=\"text1noticias\"> <\/span><\/p>\n<p><span class=\"text1noticias\">En el acto se soltar\u00e1n seis mil globos con mensajes a favor de la vida, se interpretar\u00e1n numerosas piezas musicales, entre ellas la \u00absinfon\u00eda de la vida\u00bb, compuesta por el violonchelista Pedro Alfaro y el pianista Carlos Criado.<\/span><\/p>\n<p><span class=\"text1noticias\"> <\/span><\/p>\n<p><span class=\"text1noticias\">\u00abNos hemos volcado en ofrecer un acto alegre, con testimonios que ayuden, con todo lo mejor para que esta jornada deje huella en los asistentes y en la sociedad\u00bb, asegur\u00f3 la presidenta de la Federaci\u00f3n Espa\u00f1ola de Asociaciones Provida.<\/span><\/p>\n<p><span class=\"text1noticias\"> <\/span><\/p>\n<p><span class=\"text1noticias\">Se\u00f1al\u00f3 que \u00abdefender la vida en cada circunstancia es un motivo prioritario para salir a la calle, para manifestar nuestro compromiso de seguir construyendo, de afrontar los retos antiguos y nuevos, en la defensa de la vida y de mostrar la fuerza irresistible de la vida\u00bb.<\/span><\/p>\n<p><span class=\"text1noticias\"> <\/span><\/p>\n<p><span class=\"text1noticias\">Amaya Azcona, directora general de la Fundaci\u00f3n REDMADRE, denunci\u00f3 la \u00abnula protecci\u00f3n de la vida naciente en nuestra legislaci\u00f3n y la indiferencia a ella de parte de la sociedad\u00bb.<\/span><\/p>\n<p><span class=\"text1noticias\"> <\/span><\/p>\n<p><span class=\"text1noticias\">Por eso Azcona reivindic\u00f3 la importancia de \u00abmanifestar p\u00fablicamente la dignidad de toda vida humana m\u00e1s all\u00e1 de sus capacidades y situaciones espec\u00edficas y reclamar a todos los actores implicados que trabajen por la defensa de la vida\u00bb.<\/span><\/p>\n<p><span class=\"text1noticias\"> <\/span><\/p>\n<p><span class=\"text1noticias\">Marta P\u00e1ramo, portavoz de la Marcha S\u00ed a la Vida, anim\u00f3 a los j\u00f3venes a marchar el 15 de abril para mostrar su compromiso con la vida.<\/span><\/p>\n<p><span class=\"text1noticias\"> <\/span><\/p>\n<p><span class=\"text1noticias\">P\u00e1ramo subray\u00f3 el papel fundamental de los j\u00f3venes en la sociedad actual y la necesidad de que \u00abtodos aquellos comprometidos con la vida lo manifiesten y den la cara, no s\u00f3lo el d\u00eda de la marcha, sino tambi\u00e9n en su d\u00eda a d\u00eda, en sus conversaciones con sus amigos, sus familias\u00bb.  <\/span><\/p>\n<p><span class=\"text1noticias\"> <\/span><\/p>\n<p><span class=\"text1noticias\">La joven portavoz, madre de una peque\u00f1a, insisti\u00f3 en la defensa de la dignidad de todas las personas, \u00abindependientemente de sus capacidades f\u00edsicas e intelectuales, ya que todas las personas con nuestras capacidades, cada uno las que tengamos, aportamos a las vidas de los dem\u00e1s y con<\/span>tribuimos a mejorar la sociedad y a que \u00e9sta evolucione\u00bb.<\/p>\n<h6> 2018-04-11 07:45:55 <\/h6>\n<p><!--\n<link rel=\"stylesheet\" href=\"css\/bootstrap.min.css\">\n\n\n<ul class=\"pagination\">\n\t    \n\t\n\n<li >\n\t<a href='?page_no=10649'>Previous<\/a>\n\t<\/li>\n\n\n       \n    \n\n<li><a href='?page_no=1'>1<\/a><\/li>\n\n\n\n<li><a href='?page_no=2'>2<\/a><\/li>\n\n\n\n<li><a>...<\/a><\/li>\n\n\n\n<li><a href='?page_no=10648'>10648<\/a><\/li>\n\n\n\n<li><a href='?page_no=10649'>10649<\/a><\/li>\n\n\n\n<li class='active'><a>10650<\/a><\/li>\n\n\n\n<li><a href='?page_no=10651'>10651<\/a><\/li>\n\n\n\n<li><a href='?page_no=10652'>10652<\/a><\/li>\n\n\n\n<li><a>...<\/a><\/li>\n\n\n\n<li><a href='?page_no=51012'>51012<\/a><\/li>\n\n\n\n<li><a href='?page_no=51013'>51013<\/a><\/li>\n\n    \n\t\n\n<li >\n\t<a href='?page_no=10651'>Next<\/a>\n\t<\/li>\n\n\n    \n\n<li><a href='?page_no=51013'>Last &rsaquo;&rsaquo;<\/a><\/li>\n\n<\/ul>\n\n\n--><br \/>\n<\/body><\/p>\n","protected":false},"excerpt":{"rendered":"<p>Redacci\u00f3n ACI Prensa Vaticano, 11 de abril, 2018.- El domingo 15 de abril se celebrar\u00e1 en Madrid (Espa\u00f1a) la Marcha por la Vida convocada por la plataforma S\u00ed a la Vida, formada por m\u00e1s de 500 asociaciones y entidades c\u00edvicas. Con esta iniciativa se pretende conmemorar en el pa\u00eds el D\u00eda Internacional de la Vida. [&hellip;]<\/p>\n","protected":false},"author":3,"featured_media":0,"comment_status":"open","ping_status":"open","sticky":false,"template":"","format":"standard","meta":{"footnotes":""},"categories":[23],"tags":[],"class_list":["post-230994","post","type-post","status-publish","format-standard","hentry","category-internacional"],"_links":{"self":[{"href":"https:\/\/diariodominicano.com\/index.php?rest_route=\/wp\/v2\/posts\/230994","targetHints":{"allow":["GET"]}}],"collection":[{"href":"https:\/\/diariodominicano.com\/index.php?rest_route=\/wp\/v2\/posts"}],"about":[{"href":"https:\/\/diariodominicano.com\/index.php?rest_route=\/wp\/v2\/types\/post"}],"author":[{"embeddable":true,"href":"https:\/\/diariodominicano.com\/index.php?rest_route=\/wp\/v2\/users\/3"}],"replies":[{"embeddable":true,"href":"https:\/\/diariodominicano.com\/index.php?rest_route=%2Fwp%2Fv2%2Fcomments&post=230994"}],"version-history":[{"count":0,"href":"https:\/\/diariodominicano.com\/index.php?rest_route=\/wp\/v2\/posts\/230994\/revisions"}],"wp:attachment":[{"href":"https:\/\/diariodominicano.com\/index.php?rest_route=%2Fwp%2Fv2%2Fmedia&parent=230994"}],"wp:term":[{"taxonomy":"category","embeddable":true,"href":"https:\/\/diariodominicano.com\/index.php?rest_route=%2Fwp%2Fv2%2Fcategories&post=230994"},{"taxonomy":"post_tag","embeddable":true,"href":"https:\/\/diariodominicano.com\/index.php?rest_route=%2Fwp%2Fv2%2Ftags&post=230994"}],"curies":[{"name":"wp","href":"https:\/\/api.w.org\/{rel}","templated":true}]}}