{"id":230988,"date":"2018-04-11T10:50:37","date_gmt":"2018-04-11T10:50:37","guid":{"rendered":"http:\/\/diariodominicano.ddns.net\/?p=230988"},"modified":"2018-04-11T10:50:37","modified_gmt":"2018-04-11T10:50:37","slug":"avion-de-entrenamiento-militar-se-estrella-en-serbia-muere-piloto","status":"publish","type":"post","link":"https:\/\/diariodominicano.com\/?p=230988","title":{"rendered":"Avi\u00f3n de entrenamiento militar se estrella en Serbia, muere piloto"},"content":{"rendered":"<p><body><\/p>\n<p><span class=\"text1noticias\">     BELGRADO, 11 abr (Xinhua) &#8212; Un avi\u00f3n de entrenamiento Super-Galeb G-4 del ej\u00e9rcito de Serbia se estrell\u00f3 esta ma\u00f1ana en un campo cerca de la aldea de Kovacica, lo que caus\u00f3 la muerte a un piloto y heridas de gravedad a su colega, confirm\u00f3 el Ministerio de Defensa serbio en un comunicado de prensa.<\/span><\/p>\n<p><span class=\"text1noticias\"> <\/span><\/p>\n<p><span class=\"text1noticias\">     La ca\u00edda ocurri\u00f3 alrededor de las 10:00 horas, a unos 50 kil\u00f3metros al norte de Belgrado, la capital del pa\u00eds. El ministerio dijo que ocurri\u00f3 un accidente que ocasion\u00f3 que dos pilotos salieran eyectados del avi\u00f3n.<\/span><\/p>\n<p><span class=\"text1noticias\"> <\/span><\/p>\n<p><span class=\"text1noticias\">     Equipos de rescate se dirigen al sitio del percance, dice el comunicado. Durante la eyecci\u00f3n del avi\u00f3n, un piloto muri\u00f3 y el otro sufri\u00f3 heridas que requirieron su hospitalizaci\u00f3n, pero est\u00e1 consciente.<\/span><\/p>\n<p><span class=\"text1noticias\"> <\/span><\/p>\n<p><span class=\"text1noticias\">     La radiodifusora nacional RTS inform\u00f3 que residentes cercanos escucharon una explosi\u00f3n y vieron que el avi\u00f3n y los pilotos ca\u00edan en lados opuestos del campo.<\/span><\/p>\n<p><span class=\"text1noticias\"> <\/span><\/p>\n<p><span class=\"text1noticias\">     Personal del ej\u00e9rcito y de la polic\u00eda se encuentra en el sitio del incidente. El fiscal de la ciudad cercana de Pancevo se encargar\u00e1 de la investigaci\u00f3n de lo ocurr<\/span>ido.<\/p>\n<h6> 2018-04-11 10:50:37 <\/h6>\n<p><!--\n<link rel=\"stylesheet\" href=\"css\/bootstrap.min.css\">\n\n\n<ul class=\"pagination\">\n\t    \n\t\n\n<li >\n\t<a href='?page_no=10644'>Previous<\/a>\n\t<\/li>\n\n\n       \n    \n\n<li><a href='?page_no=1'>1<\/a><\/li>\n\n\n\n<li><a href='?page_no=2'>2<\/a><\/li>\n\n\n\n<li><a>...<\/a><\/li>\n\n\n\n<li><a href='?page_no=10643'>10643<\/a><\/li>\n\n\n\n<li><a href='?page_no=10644'>10644<\/a><\/li>\n\n\n\n<li class='active'><a>10645<\/a><\/li>\n\n\n\n<li><a href='?page_no=10646'>10646<\/a><\/li>\n\n\n\n<li><a href='?page_no=10647'>10647<\/a><\/li>\n\n\n\n<li><a>...<\/a><\/li>\n\n\n\n<li><a href='?page_no=51012'>51012<\/a><\/li>\n\n\n\n<li><a href='?page_no=51013'>51013<\/a><\/li>\n\n    \n\t\n\n<li >\n\t<a href='?page_no=10646'>Next<\/a>\n\t<\/li>\n\n\n    \n\n<li><a href='?page_no=51013'>Last &rsaquo;&rsaquo;<\/a><\/li>\n\n<\/ul>\n\n\n--><br \/>\n<\/body><\/p>\n","protected":false},"excerpt":{"rendered":"<p>BELGRADO, 11 abr (Xinhua) &#8212; Un avi\u00f3n de entrenamiento Super-Galeb G-4 del ej\u00e9rcito de Serbia se estrell\u00f3 esta ma\u00f1ana en un campo cerca de la aldea de Kovacica, lo que caus\u00f3 la muerte a un piloto y heridas de gravedad a su colega, confirm\u00f3 el Ministerio de Defensa serbio en un comunicado de prensa. La [&hellip;]<\/p>\n","protected":false},"author":3,"featured_media":0,"comment_status":"open","ping_status":"open","sticky":false,"template":"","format":"standard","meta":{"footnotes":""},"categories":[23],"tags":[],"class_list":["post-230988","post","type-post","status-publish","format-standard","hentry","category-internacional"],"_links":{"self":[{"href":"https:\/\/diariodominicano.com\/index.php?rest_route=\/wp\/v2\/posts\/230988","targetHints":{"allow":["GET"]}}],"collection":[{"href":"https:\/\/diariodominicano.com\/index.php?rest_route=\/wp\/v2\/posts"}],"about":[{"href":"https:\/\/diariodominicano.com\/index.php?rest_route=\/wp\/v2\/types\/post"}],"author":[{"embeddable":true,"href":"https:\/\/diariodominicano.com\/index.php?rest_route=\/wp\/v2\/users\/3"}],"replies":[{"embeddable":true,"href":"https:\/\/diariodominicano.com\/index.php?rest_route=%2Fwp%2Fv2%2Fcomments&post=230988"}],"version-history":[{"count":0,"href":"https:\/\/diariodominicano.com\/index.php?rest_route=\/wp\/v2\/posts\/230988\/revisions"}],"wp:attachment":[{"href":"https:\/\/diariodominicano.com\/index.php?rest_route=%2Fwp%2Fv2%2Fmedia&parent=230988"}],"wp:term":[{"taxonomy":"category","embeddable":true,"href":"https:\/\/diariodominicano.com\/index.php?rest_route=%2Fwp%2Fv2%2Fcategories&post=230988"},{"taxonomy":"post_tag","embeddable":true,"href":"https:\/\/diariodominicano.com\/index.php?rest_route=%2Fwp%2Fv2%2Ftags&post=230988"}],"curies":[{"name":"wp","href":"https:\/\/api.w.org\/{rel}","templated":true}]}}