{"id":230987,"date":"2018-04-11T11:05:53","date_gmt":"2018-04-11T11:05:53","guid":{"rendered":"http:\/\/diariodominicano.ddns.net\/?p=230987"},"modified":"2018-04-11T11:05:53","modified_gmt":"2018-04-11T11:05:53","slug":"conmemoran-en-todo-el-mundo-el-dia-mundial-del-parkinson","status":"publish","type":"post","link":"https:\/\/diariodominicano.com\/?p=230987","title":{"rendered":"Conmemoran en todo el mundo el D\u00eda Mundial del Parkinson"},"content":{"rendered":"<p><body><\/p>\n<p><strong>Ginebra, 11 abr (PL) <\/strong>Autoridades sanitarias, familias y pacientes con la enfermedad de Parkinson conmemoran hoy el D\u00eda Mundial de ese trastorno neurodegenerativo que afecta a unos siete millones de personas en el planeta.<\/p>\n<\/p>\n<p>La fecha fue declarada en 1997 por la Organizaci\u00f3n Mundial de la Salud (OMS) para recordar el nacimiento del doctor James Parkinson, quien padeci\u00f3 y describi\u00f3 sus s\u00edntomas en 1817.<\/p>\n<\/p>\n<p>Este a\u00f1o el lema de las actividades es &#8216;lo que m\u00e1s duele es como me miras&#8230;&#8217; para crear conciencia y luchar contra el rechazo social hacia los enfermos y sus familias.<\/p>\n<\/p>\n<p>La OMS estim\u00f3 que para 2030 el monto actual de afectados por el p\u00e1rkinson se duplicar\u00e1, lo cual conlleva a un problema de salud p\u00fablico, agravado por el hecho de que el diagn\u00f3stico suele tardar entre uno y tres a\u00f1os como m\u00ednimo.<\/p>\n<\/p>\n<p>La enfermedad, caracterizada por temblores, rigidez y dificultad del movimiento es la segunda condici\u00f3n neurodegenerativa m\u00e1s frecuente del mundo, tras el alzheimer.<\/p>\n<\/p>\n<p>Seg\u00fan la bibliograf\u00eda especializada, suele manifestarse entre los 65 y 80 a\u00f1os de edad, pero uno de cada 10 casos se detecta en menores de 45 a\u00f1os.<\/p>\n<\/p>\n<p>De acuerdo con la Sociedad Americana de Parkinson, en Estados Unidos un mill\u00f3n de personas viven con el trastorno y se diagnostica un nuevo caso cada nueve minutos.<\/p>\n<\/p>\n<p>Por otra parte, en Espa\u00f1a aunque no hay cifras oficiales, la Sociedad de Neurolog\u00eda estim\u00f3 que la incidencia es de 50 casos por cada 100 mil habitantes aproximadamente.<\/p>\n<\/p>\n<p>A\u00fan as\u00ed, la entidad ib\u00e9rica calcul\u00f3 que el n\u00famero de pacientes se duplicar\u00e1 en 20 a\u00f1os y se triplicar\u00e1 para 2050.<\/p>\n<\/p>\n<p>oda\/bhq<\/p>\n<h6> 2018-04-11 11:05:53 <\/h6>\n<p><!--\n<link rel=\"stylesheet\" href=\"css\/bootstrap.min.css\">\n\n\n<ul class=\"pagination\">\n\t    \n\t\n\n<li >\n\t<a href='?page_no=10643'>Previous<\/a>\n\t<\/li>\n\n\n       \n    \n\n<li><a href='?page_no=1'>1<\/a><\/li>\n\n\n\n<li><a href='?page_no=2'>2<\/a><\/li>\n\n\n\n<li><a>...<\/a><\/li>\n\n\n\n<li><a href='?page_no=10642'>10642<\/a><\/li>\n\n\n\n<li><a href='?page_no=10643'>10643<\/a><\/li>\n\n\n\n<li class='active'><a>10644<\/a><\/li>\n\n\n\n<li><a href='?page_no=10645'>10645<\/a><\/li>\n\n\n\n<li><a href='?page_no=10646'>10646<\/a><\/li>\n\n\n\n<li><a>...<\/a><\/li>\n\n\n\n<li><a href='?page_no=51012'>51012<\/a><\/li>\n\n\n\n<li><a href='?page_no=51013'>51013<\/a><\/li>\n\n    \n\t\n\n<li >\n\t<a href='?page_no=10645'>Next<\/a>\n\t<\/li>\n\n\n    \n\n<li><a href='?page_no=51013'>Last &rsaquo;&rsaquo;<\/a><\/li>\n\n<\/ul>\n\n\n--><br \/>\n<\/body><\/p>\n","protected":false},"excerpt":{"rendered":"<p>Ginebra, 11 abr (PL) Autoridades sanitarias, familias y pacientes con la enfermedad de Parkinson conmemoran hoy el D\u00eda Mundial de ese trastorno neurodegenerativo que afecta a unos siete millones de personas en el planeta. La fecha fue declarada en 1997 por la Organizaci\u00f3n Mundial de la Salud (OMS) para recordar el nacimiento del doctor James [&hellip;]<\/p>\n","protected":false},"author":3,"featured_media":0,"comment_status":"open","ping_status":"open","sticky":false,"template":"","format":"standard","meta":{"footnotes":""},"categories":[23],"tags":[],"class_list":["post-230987","post","type-post","status-publish","format-standard","hentry","category-internacional"],"_links":{"self":[{"href":"https:\/\/diariodominicano.com\/index.php?rest_route=\/wp\/v2\/posts\/230987","targetHints":{"allow":["GET"]}}],"collection":[{"href":"https:\/\/diariodominicano.com\/index.php?rest_route=\/wp\/v2\/posts"}],"about":[{"href":"https:\/\/diariodominicano.com\/index.php?rest_route=\/wp\/v2\/types\/post"}],"author":[{"embeddable":true,"href":"https:\/\/diariodominicano.com\/index.php?rest_route=\/wp\/v2\/users\/3"}],"replies":[{"embeddable":true,"href":"https:\/\/diariodominicano.com\/index.php?rest_route=%2Fwp%2Fv2%2Fcomments&post=230987"}],"version-history":[{"count":0,"href":"https:\/\/diariodominicano.com\/index.php?rest_route=\/wp\/v2\/posts\/230987\/revisions"}],"wp:attachment":[{"href":"https:\/\/diariodominicano.com\/index.php?rest_route=%2Fwp%2Fv2%2Fmedia&parent=230987"}],"wp:term":[{"taxonomy":"category","embeddable":true,"href":"https:\/\/diariodominicano.com\/index.php?rest_route=%2Fwp%2Fv2%2Fcategories&post=230987"},{"taxonomy":"post_tag","embeddable":true,"href":"https:\/\/diariodominicano.com\/index.php?rest_route=%2Fwp%2Fv2%2Ftags&post=230987"}],"curies":[{"name":"wp","href":"https:\/\/api.w.org\/{rel}","templated":true}]}}