{"id":230986,"date":"2018-04-11T11:12:45","date_gmt":"2018-04-11T11:12:45","guid":{"rendered":"http:\/\/diariodominicano.ddns.net\/?p=230986"},"modified":"2018-04-11T11:12:45","modified_gmt":"2018-04-11T11:12:45","slug":"mas-de-250-muertos-en-el-accidente-de-un-avion-militar-en-argelia","status":"publish","type":"post","link":"https:\/\/diariodominicano.com\/?p=230986","title":{"rendered":"M\u00e1s de 250 muertos en el accidente de un avi\u00f3n militar en Argelia"},"content":{"rendered":"<p><body><\/p>\n<p><img decoding=\"async\" src=\"img3\/e51ceb3916ad56e1499e15e6849ed3af38e6c87e.jpg\" \/><br \/><img decoding=\"async\" src=\"img3\/791f0c0dfd86257e8041bb4613a2c33fe87c4739.jpg\" \/><br \/><img decoding=\"async\" src=\"img3\/c2c6b49360ec4987287233b223e77063b0e800d4.jpg\" \/>  <\/p>\n<p>AFP \/ Ryad Kramdi<\/p>\n<p>Los equipos de rescate rodean los restos del avi\u00f3n militar argelino siniestrado cerca de la base a\u00e9rea de Bufarik el 11 de abril de 2018<\/p>\n<p>El accidente de un avi\u00f3n militar argelino, que se estrell\u00f3 el mi\u00e9rcoles cerca de Argel, dej\u00f3 257 muertos, en su mayor\u00eda militares y sus familiares.<\/p>\n<\/p>\n<p>El aparato, un 76, se estrell\u00f3 poco despu\u00e9s de despegar de la base a\u00e9rea de Bufarik, a unos 25 kil\u00f3metros al suroeste de la capital, indic\u00f3 el ministerio argelino de Defensa en un comunicado.<\/p>\n<\/p>\n<p>Los restos calcinados del aparato se ve\u00edan en una zona deshabitada, a unos cien metros del muro que rodea la base a\u00e9rea, indic\u00f3 un fot\u00f3grafo de la AFP.<\/p>\n<\/p>\n<p>La mayor\u00eda de las 257 v\u00edctimas son militares y sus familiares, anunci\u00f3 el ministerio.<\/p>\n<\/p>\n<p>Se trata de diez miembros de la tripulaci\u00f3n y 247 pasajeros, \u00abde los cuales la mayor\u00eda son integrantes del Ej\u00e9rcito Nacional Popular y miembros de sus familias\u00bb, indic\u00f3 el comunicado del ministerio, que no da cuenta de supervivientes.<\/p>\n<\/p>\n<p>El viceministro de Defensa y jefe de Estado Mayor del ej\u00e9rcito, el general Ahmed Gaid Salah, se traslad\u00f3 al lugar del accidente. Previamente orden\u00f3 la creaci\u00f3n inmediata \u00abde una comisi\u00f3n investigadora para determinar las circunstancias del accidente\u00bb.<\/p>\n<\/p>\n<p>En un primer momento, una fuente militar hab\u00eda dicho que a bordo del avi\u00f3n, un quadrireactor de uso civil o militar de fabricaci\u00f3n rusa, viajaban un centenar de personas.<\/p>\n<\/p>\n<p>Seg\u00fan la web del fabricante, el Ilyushin Il-76 puede transportar, seg\u00fan la configuraci\u00f3n, entre 126 y 225 pasajeros.<\/p>\n<\/p>\n<p>\u00abUn avi\u00f3n de transporte militar de la l\u00ednea Bufarik-Tinduf-Bechar se estrell\u00f3 en la ma\u00f1ana del 11 de abril de 2018 en el per\u00edmetro de la base a\u00e9rea de Bufarik en un campo agr\u00edcola inhabitado\u00bb, indic\u00f3 el primer comunicado del ministerio argelino de Defensa.<\/p>\n<\/p>\n<p>Tinduf, a 1.800 km de Argel, cerca de las fronteras con Marruecos y el S\u00e1hara Occidental, acoge numerosos campos de refugiados saharauis y la sede administrativa de la Rep\u00fablica \u00c1rabe Saharaui Democr\u00e1tica (RASD), proclamada en 1976 por los independentistas del Frente Polisario.<\/p>\n<\/p>\n<p>AFP \/ Simon MALFATTO<\/p>\n<p>Accidente de un avi\u00f3n militar argelino<\/p>\n<p>El Frente Polisario, apoyado por Argelia, exige la independencia del S\u00e1hara Occidental, cuya soberan\u00eda reivindica Marruecos, que ocupa la mayor parte de este territorio desde 1975.<\/p>\n<\/p>\n<p>Bechar, a unos 1.000 km del suroeste de Argelia, acoge una importante base militar, cerca de la frontera cerrada entre Argelia y Marruecos, pa\u00edses rivales del Magreb.<\/p>\n<\/p>\n<p>&#8211; Una serie de accidentes &#8211;<\/p>\n<\/p>\n<p>Por el momento no se formul\u00f3 ninguna hip\u00f3tesis sobre las causas del accidente.<\/p>\n<\/p>\n<p>Varios aparatos de las Fuerzas Armadas argelinas se estrellaron en los \u00faltimos a\u00f1os, causando decenas de v\u00edctimas.<\/p>\n<\/p>\n<p>El m\u00e1s grave de los \u00faltimos a\u00f1os ocurri\u00f3 en febrero de 2014, cuando 77 personas, en su mayor\u00eda militares, murieron en el accidente de un H\u00e9rcules C-130 que sobrevolaba el monte Fortas, cerca de Um El Buaghi, 500 km al este de Argel. Una persona sobrevivi\u00f3.<\/p>\n<\/p>\n<p>ENNAHAR TV\/AFP \/ Marina PASSOS<\/p>\n<p>Captura de pantalla de las im\u00e1genes de la televisi\u00f3n argelina Ennahar, mostrando el avi\u00f3n que se estrell\u00f3 el 11 de abril de 2018 en la base a\u00e9rea de Bufarik, Argelia<\/p>\n<p>En 2016, 12 militares murieron en el accidente del helic\u00f3ptero en que viajaban en el sur del pa\u00eds, provocado por un problema t\u00e9cnico.<\/p>\n<\/p>\n<p>En noviembre de 2014, un caza MiG-25 de la Fuerza A\u00e9rea argelina se estrell\u00f3 durante un entrenamiento a 200 km al sur de Argel. El piloto pudo eyectarse del aparato a tiempo.<\/p>\n<\/p>\n<p>En cambio, un mes antes, en la misma zona, el accidente de un Sukhoi-24 caus\u00f3 la muerte de sus dos tripulantes.<\/p>\n<h6> 2018-04-11 11:12:45 <\/h6>\n<p><!--\n<link rel=\"stylesheet\" href=\"css\/bootstrap.min.css\">\n\n\n<ul class=\"pagination\">\n\t    \n\t\n\n<li >\n\t<a href='?page_no=10642'>Previous<\/a>\n\t<\/li>\n\n\n       \n    \n\n<li><a href='?page_no=1'>1<\/a><\/li>\n\n\n\n<li><a href='?page_no=2'>2<\/a><\/li>\n\n\n\n<li><a>...<\/a><\/li>\n\n\n\n<li><a href='?page_no=10641'>10641<\/a><\/li>\n\n\n\n<li><a href='?page_no=10642'>10642<\/a><\/li>\n\n\n\n<li class='active'><a>10643<\/a><\/li>\n\n\n\n<li><a href='?page_no=10644'>10644<\/a><\/li>\n\n\n\n<li><a href='?page_no=10645'>10645<\/a><\/li>\n\n\n\n<li><a>...<\/a><\/li>\n\n\n\n<li><a href='?page_no=51012'>51012<\/a><\/li>\n\n\n\n<li><a href='?page_no=51013'>51013<\/a><\/li>\n\n    \n\t\n\n<li >\n\t<a href='?page_no=10644'>Next<\/a>\n\t<\/li>\n\n\n    \n\n<li><a href='?page_no=51013'>Last &rsaquo;&rsaquo;<\/a><\/li>\n\n<\/ul>\n\n\n--><br \/>\n<\/body><\/p>\n","protected":false},"excerpt":{"rendered":"<p>AFP \/ Ryad Kramdi Los equipos de rescate rodean los restos del avi\u00f3n militar argelino siniestrado cerca de la base a\u00e9rea de Bufarik el 11 de abril de 2018 El accidente de un avi\u00f3n militar argelino, que se estrell\u00f3 el mi\u00e9rcoles cerca de Argel, dej\u00f3 257 muertos, en su mayor\u00eda militares y sus familiares. El [&hellip;]<\/p>\n","protected":false},"author":3,"featured_media":0,"comment_status":"open","ping_status":"open","sticky":false,"template":"","format":"standard","meta":{"footnotes":""},"categories":[23],"tags":[],"class_list":["post-230986","post","type-post","status-publish","format-standard","hentry","category-internacional"],"_links":{"self":[{"href":"https:\/\/diariodominicano.com\/index.php?rest_route=\/wp\/v2\/posts\/230986","targetHints":{"allow":["GET"]}}],"collection":[{"href":"https:\/\/diariodominicano.com\/index.php?rest_route=\/wp\/v2\/posts"}],"about":[{"href":"https:\/\/diariodominicano.com\/index.php?rest_route=\/wp\/v2\/types\/post"}],"author":[{"embeddable":true,"href":"https:\/\/diariodominicano.com\/index.php?rest_route=\/wp\/v2\/users\/3"}],"replies":[{"embeddable":true,"href":"https:\/\/diariodominicano.com\/index.php?rest_route=%2Fwp%2Fv2%2Fcomments&post=230986"}],"version-history":[{"count":0,"href":"https:\/\/diariodominicano.com\/index.php?rest_route=\/wp\/v2\/posts\/230986\/revisions"}],"wp:attachment":[{"href":"https:\/\/diariodominicano.com\/index.php?rest_route=%2Fwp%2Fv2%2Fmedia&parent=230986"}],"wp:term":[{"taxonomy":"category","embeddable":true,"href":"https:\/\/diariodominicano.com\/index.php?rest_route=%2Fwp%2Fv2%2Fcategories&post=230986"},{"taxonomy":"post_tag","embeddable":true,"href":"https:\/\/diariodominicano.com\/index.php?rest_route=%2Fwp%2Fv2%2Ftags&post=230986"}],"curies":[{"name":"wp","href":"https:\/\/api.w.org\/{rel}","templated":true}]}}