{"id":230985,"date":"2018-04-11T11:18:13","date_gmt":"2018-04-11T11:18:13","guid":{"rendered":"http:\/\/diariodominicano.ddns.net\/?p=230985"},"modified":"2018-04-11T11:18:13","modified_gmt":"2018-04-11T11:18:13","slug":"rectores-espanoles-sospechan-de-graves-irregularidades-en-master-de-politica-conservadora","status":"publish","type":"post","link":"https:\/\/diariodominicano.com\/?p=230985","title":{"rendered":"Rectores espa\u00f1oles sospechan de \u00abgraves irregularidades\u00bb en m\u00e1ster de pol\u00edtica conservadora"},"content":{"rendered":"<p><body><\/p>\n<p><img decoding=\"async\" src=\"img3\/fcac808346cfd99190ac676e1adaa23ff3d6085e.jpg\" \/>  <\/p>\n<\/p>\n<p>AFP\/Archivos \/ CRISTINA QUICLER<\/p>\n<p>Cristina Cifuentes, presidenta de la comunidad aut\u00f3noma de Madrid, en una convenci\u00f3n de su partido el 8 de abril en Sevilla (Espa\u00f1a)<\/p>\n<p>El \u00f3rgano representativo m\u00e1s importante de las universidades p\u00fablicas espa\u00f1olas confirm\u00f3 este mi\u00e9rcoles que sospechaba de \u00abgraves irregularidades\u00bb en la atribuci\u00f3n de un m\u00e1ster a la conservadora Cristina Cifuentes.<\/p>\n<\/p>\n<p>La Conferencia de los Rectores de las Universidades Espa\u00f1olas (CRUE) divulg\u00f3 un informe sobre \u00ablas graves irregularidades\u00bb detectadas en el caso de Cifuentes.<\/p>\n<\/p>\n<p>Por su parte, el presidente de la CRUE, Roberto Fern\u00e1ndez, dijo en una rueda de prensa que si los pol\u00edticos \u00abdicen tener un m\u00e1ster, tienen que poder estar en condiciones de garantizar que lo tienen\u00bb.<\/p>\n<\/p>\n<p>\u00abY si dicen que lo tienen y no lo tienen, [&#8230;] es motivo de dimisi\u00f3n de su cargo pol\u00edtico\u00bb, a\u00f1adi\u00f3 sin citar nombres.<\/p>\n<\/p>\n<p>Cifuentes, del Partido Popular (PP, derecha) del presidente del gobierno espa\u00f1ol Mariano Rajoy, se encuentra desde hace semanas en el medio de una tormenta pol\u00edtica, acusada de obtener fraudulentamente un m\u00e1ster de derecho auton\u00f3mico en la universidad p\u00fablica Rey Juan Carlos de Madrid.<\/p>\n<\/p>\n<p>Presentada como figura renovadora del PP madrile\u00f1o manchado por graves esc\u00e1ndalos de corrupci\u00f3n, Cifuentes se ha negado a dimitir y ha defendido que culmin\u00f3 el m\u00e1ster, aun cuando la propia universidad ha admitido \u00abindicios de delito\u00bb en su otorgamiento.<\/p>\n<\/p>\n<p>El informe de la CRUE ratific\u00f3 que en el expediente presentado por la universidad \u00abno obran [&#8230;] parte de los documentos\u00bb que probar\u00edan la culminaci\u00f3n del m\u00e1ster, aunque la asociaci\u00f3n dej\u00f3 el caso en manos de la justicia, que ya investiga si hubo un delito de falsedad en documento oficial.<\/p>\n<\/p>\n<p>Aunque en d\u00edas pasados brind\u00f3 su apoyo a Cifuentes, Rajoy se limit\u00f3 el martes, desde Buenos Aires donde se encuentra de visita, a pedir que el asunto se resuelva \u00aba la mayor celeridad posible y con el mayor sentido com\u00fan posible\u00bb.<\/p>\n<\/p>\n<p>Ciudadanos, el partido de centroderecha socio de legislatura del PP en la regi\u00f3n de Madrid, pidi\u00f3 la dimisi\u00f3n de Cifuentes y su sustituci\u00f3n por un candidato alternativo, mientras que la izquierda impulsa una moci\u00f3n de censura para tratar de hacerla caer.<\/p>\n<\/p>\n<p>Es necesario \u00abrecuperar la normalidad institucional democr\u00e1tica en la Comunidad de Madrid, no dar una salida al PP\u00bb, afirm\u00f3 el l\u00edder del Partido Socialista Pedro S\u00e1nchez.<\/p>\n<\/p>\n<p>Este nuevo esc\u00e1ndalo para el PP, que gobierna en minor\u00eda en Espa\u00f1a, se produce a poco m\u00e1s de un a\u00f1o para las elecciones municipales y regionales de mayo de 2019.<\/p>\n<h6> 2018-04-11 11:18:13 <\/h6>\n<p><!--\n<link rel=\"stylesheet\" href=\"css\/bootstrap.min.css\">\n\n\n<ul class=\"pagination\">\n\t    \n\t\n\n<li >\n\t<a href='?page_no=10641'>Previous<\/a>\n\t<\/li>\n\n\n       \n    \n\n<li><a href='?page_no=1'>1<\/a><\/li>\n\n\n\n<li><a href='?page_no=2'>2<\/a><\/li>\n\n\n\n<li><a>...<\/a><\/li>\n\n\n\n<li><a href='?page_no=10640'>10640<\/a><\/li>\n\n\n\n<li><a href='?page_no=10641'>10641<\/a><\/li>\n\n\n\n<li class='active'><a>10642<\/a><\/li>\n\n\n\n<li><a href='?page_no=10643'>10643<\/a><\/li>\n\n\n\n<li><a href='?page_no=10644'>10644<\/a><\/li>\n\n\n\n<li><a>...<\/a><\/li>\n\n\n\n<li><a href='?page_no=51012'>51012<\/a><\/li>\n\n\n\n<li><a href='?page_no=51013'>51013<\/a><\/li>\n\n    \n\t\n\n<li >\n\t<a href='?page_no=10643'>Next<\/a>\n\t<\/li>\n\n\n    \n\n<li><a href='?page_no=51013'>Last &rsaquo;&rsaquo;<\/a><\/li>\n\n<\/ul>\n\n\n--><br \/>\n<\/body><\/p>\n","protected":false},"excerpt":{"rendered":"<p>AFP\/Archivos \/ CRISTINA QUICLER Cristina Cifuentes, presidenta de la comunidad aut\u00f3noma de Madrid, en una convenci\u00f3n de su partido el 8 de abril en Sevilla (Espa\u00f1a) El \u00f3rgano representativo m\u00e1s importante de las universidades p\u00fablicas espa\u00f1olas confirm\u00f3 este mi\u00e9rcoles que sospechaba de \u00abgraves irregularidades\u00bb en la atribuci\u00f3n de un m\u00e1ster a la conservadora Cristina Cifuentes. [&hellip;]<\/p>\n","protected":false},"author":3,"featured_media":0,"comment_status":"open","ping_status":"open","sticky":false,"template":"","format":"standard","meta":{"footnotes":""},"categories":[23],"tags":[],"class_list":["post-230985","post","type-post","status-publish","format-standard","hentry","category-internacional"],"_links":{"self":[{"href":"https:\/\/diariodominicano.com\/index.php?rest_route=\/wp\/v2\/posts\/230985","targetHints":{"allow":["GET"]}}],"collection":[{"href":"https:\/\/diariodominicano.com\/index.php?rest_route=\/wp\/v2\/posts"}],"about":[{"href":"https:\/\/diariodominicano.com\/index.php?rest_route=\/wp\/v2\/types\/post"}],"author":[{"embeddable":true,"href":"https:\/\/diariodominicano.com\/index.php?rest_route=\/wp\/v2\/users\/3"}],"replies":[{"embeddable":true,"href":"https:\/\/diariodominicano.com\/index.php?rest_route=%2Fwp%2Fv2%2Fcomments&post=230985"}],"version-history":[{"count":0,"href":"https:\/\/diariodominicano.com\/index.php?rest_route=\/wp\/v2\/posts\/230985\/revisions"}],"wp:attachment":[{"href":"https:\/\/diariodominicano.com\/index.php?rest_route=%2Fwp%2Fv2%2Fmedia&parent=230985"}],"wp:term":[{"taxonomy":"category","embeddable":true,"href":"https:\/\/diariodominicano.com\/index.php?rest_route=%2Fwp%2Fv2%2Fcategories&post=230985"},{"taxonomy":"post_tag","embeddable":true,"href":"https:\/\/diariodominicano.com\/index.php?rest_route=%2Fwp%2Fv2%2Ftags&post=230985"}],"curies":[{"name":"wp","href":"https:\/\/api.w.org\/{rel}","templated":true}]}}