{"id":230975,"date":"2018-04-12T14:44:58","date_gmt":"2018-04-12T14:44:58","guid":{"rendered":"http:\/\/diariodominicano.ddns.net\/?p=230975"},"modified":"2018-04-12T14:44:58","modified_gmt":"2018-04-12T14:44:58","slug":"alemania-enfrenta-caos-de-transporte-aereo-por-huelga-de-sector-publico","status":"publish","type":"post","link":"https:\/\/diariodominicano.com\/?p=230975","title":{"rendered":"Alemania enfrenta caos de transporte a\u00e9reo por huelga de sector p\u00fablico"},"content":{"rendered":"<p><body><\/p>\n<p><img decoding=\"async\" src=\"img3\/137101147_15235346140091n.jpg\" \/>  <\/p>\n<p><strong> <\/strong><\/p>\n<p><strong>Un pasajero se registra en un mostrador de Lufthansa, en el Aeropuerto Internacional de Tegel, en Berl\u00edn, capital de Alemania, el 10 de abril <\/strong>de 2018. M\u00e1s de 800 conexiones internacionales, incluyendo 58 vuelos de largas distancias, operados por la aerol\u00ednea alemana Lufthansa, fueron cancelados el martes debido a una huelga, anunci\u00f3 el lunes el sindicato ver.di. La acci\u00f3n afect\u00f3 a 90.000 pasajeros. La aerol\u00ednea ofreci\u00f3 reprogramar gratis los vuelos de sus clientes o el uso de servicios de autob\u00fas o tren. La aerol\u00ednea planea regresar a su programa regular de vuelos para el mi\u00e9rcoles. (Xinhua\/Shan Yuqi)<\/p>\n<p><strong> <\/strong><\/p>\n<p><strong>FRANKFURT, Alemania, 10 abr (Xinhua) &#8211;<\/strong>&#8211; Huelgas de advertencia en el sector p\u00fablico comenzaron en las primeras horas de hoy en toda Alemania y afectaron a unos 90.000 pasajeros.<\/p>\n<\/p>\n<p>Los trabajadores del sector p\u00fablico a nivel nacional est\u00e1n demandando un incremento salarial de 6 por ciento.<\/p>\n<\/p>\n<p>El lunes, el sindicato de servidores p\u00fablicos Ver.di anunci\u00f3 que al siguiente d\u00eda se realizar\u00edan huelgas de advertencia a nivel nacional. Miles de empleados de aeropuertos y compa\u00f1\u00edas de transporte locales suspendieron actividades hoy.<\/p>\n<\/p>\n<p>Unos 90.000 pasajeros a\u00e9reos resultaron afectados por las cancelaciones de vuelos en todo el pa\u00eds. La aerol\u00ednea alemana Lufthansa cancel\u00f3 m\u00e1s de 800 de sus 1.600 vuelos programados para hoy.<\/p>\n<\/p>\n<p>El aeropuerto de Frankfurt, el m\u00e1s grande de Alemania, ya report\u00f3 \u00abretrasos considerables\u00bb y cancelaciones. Los administradores del aeropuerto y la brigada de bomberos dejaron de trabajar esta ma\u00f1ana. Un portavoz del operador del aeropuerto, Fraport, dijo que el control de seguridad de vuelos fue afectado.<\/p>\n<\/p>\n<p>El principal sindicato alem\u00e1n, Ver.di, que encabeza la huelga y representa a 2,3 millones de funcionarios p\u00fablicos en el pa\u00eds, pide un aumento salarial de 6 por ciento a los gobiernos estatal y locales, con un incremento m\u00ednimo de 200 euros al mes.<\/p>\n<h6> 2018-04-12 14:44:58 <\/h6>\n<p><!--\n<link rel=\"stylesheet\" href=\"css\/bootstrap.min.css\">\n\n\n<ul class=\"pagination\">\n\t    \n\t\n\n<li >\n\t<a href='?page_no=10632'>Previous<\/a>\n\t<\/li>\n\n\n       \n    \n\n<li><a href='?page_no=1'>1<\/a><\/li>\n\n\n\n<li><a href='?page_no=2'>2<\/a><\/li>\n\n\n\n<li><a>...<\/a><\/li>\n\n\n\n<li><a href='?page_no=10631'>10631<\/a><\/li>\n\n\n\n<li><a href='?page_no=10632'>10632<\/a><\/li>\n\n\n\n<li class='active'><a>10633<\/a><\/li>\n\n\n\n<li><a href='?page_no=10634'>10634<\/a><\/li>\n\n\n\n<li><a href='?page_no=10635'>10635<\/a><\/li>\n\n\n\n<li><a>...<\/a><\/li>\n\n\n\n<li><a href='?page_no=51012'>51012<\/a><\/li>\n\n\n\n<li><a href='?page_no=51013'>51013<\/a><\/li>\n\n    \n\t\n\n<li >\n\t<a href='?page_no=10634'>Next<\/a>\n\t<\/li>\n\n\n    \n\n<li><a href='?page_no=51013'>Last &rsaquo;&rsaquo;<\/a><\/li>\n\n<\/ul>\n\n\n--><br \/>\n<\/body><\/p>\n","protected":false},"excerpt":{"rendered":"<p>Un pasajero se registra en un mostrador de Lufthansa, en el Aeropuerto Internacional de Tegel, en Berl\u00edn, capital de Alemania, el 10 de abril de 2018. M\u00e1s de 800 conexiones internacionales, incluyendo 58 vuelos de largas distancias, operados por la aerol\u00ednea alemana Lufthansa, fueron cancelados el martes debido a una huelga, anunci\u00f3 el lunes el [&hellip;]<\/p>\n","protected":false},"author":3,"featured_media":0,"comment_status":"open","ping_status":"open","sticky":false,"template":"","format":"standard","meta":{"footnotes":""},"categories":[23],"tags":[],"class_list":["post-230975","post","type-post","status-publish","format-standard","hentry","category-internacional"],"_links":{"self":[{"href":"https:\/\/diariodominicano.com\/index.php?rest_route=\/wp\/v2\/posts\/230975","targetHints":{"allow":["GET"]}}],"collection":[{"href":"https:\/\/diariodominicano.com\/index.php?rest_route=\/wp\/v2\/posts"}],"about":[{"href":"https:\/\/diariodominicano.com\/index.php?rest_route=\/wp\/v2\/types\/post"}],"author":[{"embeddable":true,"href":"https:\/\/diariodominicano.com\/index.php?rest_route=\/wp\/v2\/users\/3"}],"replies":[{"embeddable":true,"href":"https:\/\/diariodominicano.com\/index.php?rest_route=%2Fwp%2Fv2%2Fcomments&post=230975"}],"version-history":[{"count":0,"href":"https:\/\/diariodominicano.com\/index.php?rest_route=\/wp\/v2\/posts\/230975\/revisions"}],"wp:attachment":[{"href":"https:\/\/diariodominicano.com\/index.php?rest_route=%2Fwp%2Fv2%2Fmedia&parent=230975"}],"wp:term":[{"taxonomy":"category","embeddable":true,"href":"https:\/\/diariodominicano.com\/index.php?rest_route=%2Fwp%2Fv2%2Fcategories&post=230975"},{"taxonomy":"post_tag","embeddable":true,"href":"https:\/\/diariodominicano.com\/index.php?rest_route=%2Fwp%2Fv2%2Ftags&post=230975"}],"curies":[{"name":"wp","href":"https:\/\/api.w.org\/{rel}","templated":true}]}}