{"id":230972,"date":"2018-04-12T22:58:01","date_gmt":"2018-04-12T22:58:01","guid":{"rendered":"http:\/\/diariodominicano.ddns.net\/?p=230972"},"modified":"2018-04-12T22:58:01","modified_gmt":"2018-04-12T22:58:01","slug":"experto-preve-acuerdo-regional-anticorrupcion-en-reunion-continental","status":"publish","type":"post","link":"https:\/\/diariodominicano.com\/?p=230972","title":{"rendered":"Experto prev\u00e9 acuerdo regional anticorrupci\u00f3n en reuni\u00f3n continental"},"content":{"rendered":"<p><body><\/p>\n<\/p>\n<\/p>\n<p>   Por Carina L\u00f3pez<\/p>\n<p><strong>   MEXICO, 12 abr (Xinhua) &#8212; <\/strong>Gobernantes de Am\u00e9rica Latina pueden alcanzar un acuerdo regional en materia de prevenci\u00f3n y combate a la corrupci\u00f3n durante la VIII Cumbre de las Am\u00e9ricas, que se efectuar\u00e1 el 13 y el 14 de abril en Lima, Per\u00fa, afirm\u00f3 hoy el internacionalista mexicano, Ulises Granados.<\/p>\n<\/p>\n<p>   \u00abSe espera que se hagan varias declaraciones por parte de jefes de Estado y de gobierno sobre la lucha contra la corrupci\u00f3n, lo cual toma especial relevancia tras el reciente encarcelamiento (por corrupci\u00f3n) del ex mandatario de Brasil, Luiz In\u00e1cio Lula da Silva\u00bb, dijo el catedr\u00e1tico del Instituto Tecnol\u00f3gico Aut\u00f3nomo de M\u00e9xico (ITAM, privado), en entrevista a Xinhua.<\/p>\n<\/p>\n<p>   De acuerdo con el Indice de Percepci\u00f3n de la Corrupci\u00f3n 2017, publicado en febrero de 2018, s\u00f3lo 11 pa\u00edses registran m\u00e1s de 50 puntos dentro de un puntaje de 0 a 100, seg\u00fan el cual 0 es muy corrupto y 100 muy transparente.<\/p>\n<\/p>\n<p>   \u00abEs posible que se logren acuerdos en esta materia, a trav\u00e9s de una comunicaci\u00f3n m\u00e1s directa entre agencias de aplicaci\u00f3n de la ley, as\u00ed como una comunicaci\u00f3n muy estrecha entre distintas Fiscal\u00edas de AL y, a su vez, exigirles que aumenten la transparencia de sus actividades\u00bb, se\u00f1al\u00f3 Granados.<\/p>\n<\/p>\n<p>   La corrupci\u00f3n ser\u00e1 el principal asunto que se tratar\u00e1 en la VIII Cumbre de las Am\u00e9ricas.<\/p>\n<\/p>\n<p>   En el tema comercial, el acad\u00e9mico urgi\u00f3 a los pa\u00edses integrantes del Acuerdo de Asociaci\u00f3n Transpac\u00edfico-11 (TPP, por sus siglas en ingl\u00e9s), que excluyan a Estados Unidos, a ratificar el convenio en sus poderes legislativos para poder lograr un avance real y sustancial a nivel regional.<\/p>\n<\/p>\n<p>   \u00abAm\u00e9rica Latina tiene todo un mundo por explorar, y si no rompemos el vicio de la dependencia econ\u00f3mica con Estados Unidos, no vamos a poder nunca quitarnos la sombra de las reacciones del pa\u00eds vecino frente al hemisferio\u00bb, sostuvo.<\/p>\n<\/p>\n<p>   En adici\u00f3n, Granados coment\u00f3 que \u00abnos encontramos ante un momento de oportunidades para que otros pa\u00edses extrarregionales consoliden sus relaciones con pa\u00edses de AL, como es el caso de las naciones europeas y asi\u00e1ticas\u00bb.<\/p>\n<\/p>\n<p>   \u00abLa clave para el desarrollo de AL es diversificar a sus socios comerciales, as\u00ed como una mayor inversi\u00f3n en educaci\u00f3n, ciencia y tecnolog\u00eda\u00bb, agreg\u00f3 el profesor del ITAM. <\/p>\n<\/p>\n<p>   El internacionalista declar\u00f3 que la reciente cancelaci\u00f3n de la asistencia del presidente de Estados Unidos, Donald Trump, a la Cumbre de las Am\u00e9ricas demuestra su falta de inter\u00e9s por Am\u00e9rica Latina para avanzar en proyectos de integraci\u00f3n del continente.<\/p>\n<\/p>\n<p>   \u00abTrump est\u00e1 preocupado por el crimen y por el trasiego de drogas por territorio centro y sudamericano, pero no existe para Am\u00e9rica Latina una visi\u00f3n clara de c\u00f3mo puede ayudar al continente\u00bb, explic\u00f3.<\/p>\n<\/p>\n<p>   El mandatario estadounidense decidi\u00f3 el pasado martes cancelar su primer viaje oficial a Am\u00e9rica Latina y envi\u00f3 en su lugar al vicepresidente Mike Pence, quien asistir\u00e1 a esta reuni\u00f3n de alto nivel en Per\u00fa.<\/p>\n<\/p>\n<p>   Desde el inicio de su mandato, Trump tuvo una relaci\u00f3n complicada con el continente debido a su ret\u00f3rica antiinmigrante, su promesa de construir un muro con M\u00e9xico y su proteccionismo comercial.<\/p>\n<\/p>\n<p>   \u00abLa visita de Trump a la Cumbre generaba una gran expectaci\u00f3n, debido a que se cre\u00eda que el presidente comenzar\u00eda a limar asperezas con distintos pa\u00edses de la regi\u00f3n, entre ellos, M\u00e9xico; sin embargo, esto no sucedi\u00f3\u00bb, expres\u00f3 Granados.<\/p>\n<\/p>\n<p>   El especialista en Relaciones Internacionales afirm\u00f3 que la Cumbre representa una oportunidad para dirimir diferencias pol\u00edticas entre los pa\u00edses de este hemisferio, para integrar la regi\u00f3n y fortalecerla.<\/p>\n<\/p>\n<p>   \u00abEn el encuentro se podr\u00e1n identificar los problemas comunes que tendr\u00e1 que enfrentar la regi\u00f3n en los pr\u00f3ximos a\u00f1os y analizar distintas v\u00edas de soluci\u00f3n a los conflictos m\u00e1s importantes\u00bb, agreg\u00f3.<\/p>\n<\/p>\n<p>   Por m\u00e1s de una d\u00e9cada, los jefes de Estado y de gobierno se han reunido peri\u00f3dicamente en la Cumbre de las Am\u00e9ricas para abordar temas de inter\u00e9s com\u00fan, buscar soluciones y desarrollar una visi\u00f3n compartida para el desarrollo futuro de la regi\u00f3n, ya sea de car\u00e1cter social, econ\u00f3mico o pol\u00edtico.<\/p>\n<\/p>\n<p>   Este proceso es vital para establecer y alcanzar metas en Am\u00e9rica, y es de esa forma como la Organizaci\u00f3n de los Estados Americanos (OEA) recibe la mayor\u00eda de sus mandatos.<\/p>\n<\/p>\n<p>   La OEA act\u00faa como secretar\u00eda t\u00e9cnica del proceso de estas cumbres. Fin<\/p>\n<h6> 2018-04-12 22:58:01 <\/h6>\n<p><!--\n<link rel=\"stylesheet\" href=\"css\/bootstrap.min.css\">\n\n\n<ul class=\"pagination\">\n\t    \n\t\n\n<li >\n\t<a href='?page_no=10629'>Previous<\/a>\n\t<\/li>\n\n\n       \n    \n\n<li><a href='?page_no=1'>1<\/a><\/li>\n\n\n\n<li><a href='?page_no=2'>2<\/a><\/li>\n\n\n\n<li><a>...<\/a><\/li>\n\n\n\n<li><a href='?page_no=10628'>10628<\/a><\/li>\n\n\n\n<li><a href='?page_no=10629'>10629<\/a><\/li>\n\n\n\n<li class='active'><a>10630<\/a><\/li>\n\n\n\n<li><a href='?page_no=10631'>10631<\/a><\/li>\n\n\n\n<li><a href='?page_no=10632'>10632<\/a><\/li>\n\n\n\n<li><a>...<\/a><\/li>\n\n\n\n<li><a href='?page_no=51012'>51012<\/a><\/li>\n\n\n\n<li><a href='?page_no=51013'>51013<\/a><\/li>\n\n    \n\t\n\n<li >\n\t<a href='?page_no=10631'>Next<\/a>\n\t<\/li>\n\n\n    \n\n<li><a href='?page_no=51013'>Last &rsaquo;&rsaquo;<\/a><\/li>\n\n<\/ul>\n\n\n--><br \/>\n<\/body><\/p>\n","protected":false},"excerpt":{"rendered":"<p>Por Carina L\u00f3pez MEXICO, 12 abr (Xinhua) &#8212; Gobernantes de Am\u00e9rica Latina pueden alcanzar un acuerdo regional en materia de prevenci\u00f3n y combate a la corrupci\u00f3n durante la VIII Cumbre de las Am\u00e9ricas, que se efectuar\u00e1 el 13 y el 14 de abril en Lima, Per\u00fa, afirm\u00f3 hoy el internacionalista mexicano, Ulises Granados. \u00abSe espera [&hellip;]<\/p>\n","protected":false},"author":3,"featured_media":0,"comment_status":"open","ping_status":"open","sticky":false,"template":"","format":"standard","meta":{"footnotes":""},"categories":[23],"tags":[],"class_list":["post-230972","post","type-post","status-publish","format-standard","hentry","category-internacional"],"_links":{"self":[{"href":"https:\/\/diariodominicano.com\/index.php?rest_route=\/wp\/v2\/posts\/230972","targetHints":{"allow":["GET"]}}],"collection":[{"href":"https:\/\/diariodominicano.com\/index.php?rest_route=\/wp\/v2\/posts"}],"about":[{"href":"https:\/\/diariodominicano.com\/index.php?rest_route=\/wp\/v2\/types\/post"}],"author":[{"embeddable":true,"href":"https:\/\/diariodominicano.com\/index.php?rest_route=\/wp\/v2\/users\/3"}],"replies":[{"embeddable":true,"href":"https:\/\/diariodominicano.com\/index.php?rest_route=%2Fwp%2Fv2%2Fcomments&post=230972"}],"version-history":[{"count":0,"href":"https:\/\/diariodominicano.com\/index.php?rest_route=\/wp\/v2\/posts\/230972\/revisions"}],"wp:attachment":[{"href":"https:\/\/diariodominicano.com\/index.php?rest_route=%2Fwp%2Fv2%2Fmedia&parent=230972"}],"wp:term":[{"taxonomy":"category","embeddable":true,"href":"https:\/\/diariodominicano.com\/index.php?rest_route=%2Fwp%2Fv2%2Fcategories&post=230972"},{"taxonomy":"post_tag","embeddable":true,"href":"https:\/\/diariodominicano.com\/index.php?rest_route=%2Fwp%2Fv2%2Ftags&post=230972"}],"curies":[{"name":"wp","href":"https:\/\/api.w.org\/{rel}","templated":true}]}}