{"id":230970,"date":"2018-04-12T23:03:33","date_gmt":"2018-04-12T23:03:33","guid":{"rendered":"http:\/\/diariodominicano.ddns.net\/?p=230970"},"modified":"2018-04-12T23:03:33","modified_gmt":"2018-04-12T23:03:33","slug":"con-o-sin-trump-eeuu-presentara-en-cumbre-estrategia-para-las-americas-afirma-analista-cubano","status":"publish","type":"post","link":"https:\/\/diariodominicano.com\/?p=230970","title":{"rendered":"Con o sin Trump, EEUU presentar\u00e1 en Cumbre estrategia para las Am\u00e9ricas, afirma analista cubano&#13;"},"content":{"rendered":"<p><body><\/p>\n<\/p>\n<p>   Por Noem\u00ed Galb\u00e1n<\/p>\n<\/p>\n<p>   LA HABANA, 12 abr (Xinhua) &#8212; El reciente anuncio de la Casa Blanca sobre la cancelaci\u00f3n del viaje a Per\u00fa del presidente de Estados Unidos, Donald Trump, y su ausencia en la VIII Cumbre de las Am\u00e9ricas, ha sido cuestionado por la comunidad internacional e interpretado como una nueva afrenta a la regi\u00f3n.<\/p>\n<\/p>\n<p>   Tal decisi\u00f3n no responde a un solo motivo, coinciden muchos analistas, pues el verdadero trasfondo conjuga m\u00faltiples factores y miradas coyunturales.<\/p>\n<\/p>\n<p>   Dentro de ellos un posible ataque a Siria y la investigaci\u00f3n del fiscal Robert Mueller debido a las acusaciones de que el equipo de campa\u00f1a de Trump incurri\u00f3 en alg\u00fan tipo de acuerdo con Rusia para afectar los resultados de los comicios presidenciales de noviembre de 2016.<\/p>\n<\/p>\n<p>   Unido al recelo acerca de la reacci\u00f3n que la presencia del mandatario pudiera causar en la Cumbre de las Am\u00e9ricas, donde llegar\u00eda con baj\u00edsimos niveles de popularidad consecuencia de las confrontaciones y ofensas proferidas en los \u00faltimos meses a naciones y pueblos del \u00e1rea, lo que le pronosticaban episodios embarazosos.<\/p>\n<\/p>\n<p>   Para el analista cubano, Luis Su\u00e1rez, lo que m\u00e1s importa a la regi\u00f3n no es la presencia de Trump, sino la propuesta que va a presentar su vocero, Mike Pence, en su constante pugna por rescatar la hegemon\u00eda de Estados Unidos sobre Am\u00e9rica Latina y el Caribe.<\/p>\n<\/p>\n<p>   El vicepresidente ser\u00e1 el encargado de presentar y recabar opiniones sobre una nueva estrategia denominada \u00abAlianza para el crecimiento mutuo, la transparencia y el rol de la Ley\u00bb o \u00abCrecer Juntos\u00bb, como han adelantado algunos funcionarios del Departamento del Tesoro.<\/p>\n<\/p>\n<p>   \u00abEso es lo que est\u00e1n preparando para desembarcar en la Cumbre, el G20 de Buenos Aires y el G7 de Canad\u00e1 porque est\u00e1n visualizando estos tres eventos que se realizan en las Am\u00e9ricas como la gran oportunidad que tiene Estados Unidos de influir en la agenda global y en la hemisf\u00e9rica\u00bb, apunt\u00f3 el experto en entrevista con Xinhua.<\/p>\n<\/p>\n<p>   De acuerdo con el profesor del Instituto Superior de Relaciones Internacionales de Cuba y de la Universidad de La Habana, para Washington la idea del crecimiento est\u00e1 centrada en el aspecto econ\u00f3mico y en la m\u00e1xima de la administraci\u00f3n Trump de \u00abEstados Unidos Primero\u00bb (America First).<\/p>\n<\/p>\n<p>   Pues \u00abcrecer juntos\u00bb, indic\u00f3, busca el m\u00e1ximo beneficio para Estados Unidos, desde la defensa del d\u00f3lar como moneda de reserva internacional y referente cambiario, hasta la creaci\u00f3n de un sistema bancario financiero integrado que permita vigilar todas las operaciones que se realicen en el continente.<\/p>\n<\/p>\n<p>   Su\u00e1rez destac\u00f3 que el proyecto no es de libre comercio sino para la \u00ablibertad del movimiento de capitales\u00bb y consta de un mecanismo sancionador para los que incumplan con lo establecido en dicha pol\u00edtica.<\/p>\n<\/p>\n<p>   \u00abTodo esto se articula con un proyecto m\u00e1s estrat\u00e9gico para Estados Unidos que es en el 2040 convertir a las Am\u00e9ricas en el centro energ\u00e9tico del mundo, utilizando todos los recursos naturales del continente\u00bb, se\u00f1al\u00f3.<\/p>\n<\/p>\n<p>   En esa pretensi\u00f3n, advirti\u00f3 el analista internacional, se enmarca adem\u00e1s otra maniobra fijada a concretar en el 2030 y relacionada con las multimillonarias inversiones que lo anterior conlleva.<\/p>\n<\/p>\n<p>   \u00abEst\u00e1n apostando a que sean las empresas trasnacionales estadounidenses las proveedoras de tecnolog\u00eda y las inversionistas principales en los proyectos de infraestructura, energ\u00eda e interconexi\u00f3n energ\u00e9tica del continente\u00bb, se\u00f1al\u00f3.<\/p>\n<\/p>\n<p>   El investigador cubano record\u00f3 igualmente que las recientes giras del vicepresidente Pence y del ex secretario de Estado, Rex Tillerson, por naciones latinoamericanas responden a esos objetivos.<\/p>\n<\/p>\n<p>   De ah\u00ed el \u00abdi\u00e1logo privilegiado\u00bb de Estados Unidos con pa\u00edses donde dirige la derecha y la selecci\u00f3n de sus interlocutores, los presidentes de Per\u00fa, Brasil, Argentina, Colombia, Panam\u00e1, Chile y Jamaica, para recibir a los altos funcionarios de la Casa Blanca y compartir puntos de vista al respecto.<\/p>\n<\/p>\n<p>   Sin embargo, para Su\u00e1rez, en la regi\u00f3n existen \u00absuficientes fuerzas\u00bb para confrontar esta nueva estrategia, no s\u00f3lo los gobiernos de izquierda como Cuba, Bolivia, Nicaragua, El Salvador, naciones miembros de la Comunidad del Caribe (Caricom) y Venezuela, aunque no est\u00e9 representada por su presidente Nicol\u00e1s Maduro.<\/p>\n<\/p>\n<p>   \u00abColoco tambi\u00e9n en este c\u00edrculo a administraciones de derecha que por sus propios intereses tienen \u00e1reas de confrontaci\u00f3n con la pol\u00edtica norteamericana, ya sea con la migratoria o la comercial. Si se coordinan bien las fuerzas se puede dar una gran pelea\u00bb, dijo.<\/p>\n<\/p>\n<p>   Para el catedr\u00e1tico, los foros paralelos de la sociedad civil y la Cumbre de los Pueblos son tambi\u00e9n \u00abcampo de batalla\u00bb y revelan la diversidad de criterios y posiciones encontradas existentes en Am\u00e9rica Latina y el Caribe con relaci\u00f3n a temas neur\u00e1lgicos como la situaci\u00f3n en Venezuela.<\/p>\n<\/p>\n<p>   El polit\u00f3logo cubano aclar\u00f3 que m\u00e1s all\u00e1 de los resultados de esta VIII Cumbre de las Am\u00e9ricas, la cual pronostic\u00f3 carecer\u00e1 de declaraci\u00f3n final, Washington no va a cambiar su proyecto.<\/p>\n<\/p>\n<p>   En dependencia de la reacci\u00f3n que suscite su propuesta, algunos aspectos podr\u00e1n ser modificados, pero la esencia se mantendr\u00e1 intacta y la cita multilateral, para la Casa Blanca y la administraci\u00f3n Trump, s\u00f3lo desempe\u00f1ar\u00e1 un papel complementario a las pol\u00edticas que ya fueron unilateralmente elaboradas.<\/p>\n<\/p>\n<p>   \u00abEstados Unidos dise\u00f1a sus propias pol\u00edticas y despu\u00e9s utiliza estos espacios para buscar la mayor cantidad de apoyo y consenso de los gobiernos del hemisferio respecto a lo que ellos ya definieron. Si esos foros contribuyen al prop\u00f3sito elaborado por Estados Unidos bien y si no, tambi\u00e9n\u00bb, afirm\u00f3 Su\u00e1rez. Fin<\/p>\n<\/p>\n<h6> 2018-04-12 23:03:33 <\/h6>\n<p><!--\n<link rel=\"stylesheet\" href=\"css\/bootstrap.min.css\">\n\n\n<ul class=\"pagination\">\n\t    \n\t\n\n<li >\n\t<a href='?page_no=10628'>Previous<\/a>\n\t<\/li>\n\n\n       \n    \n\n<li><a href='?page_no=1'>1<\/a><\/li>\n\n\n\n<li><a href='?page_no=2'>2<\/a><\/li>\n\n\n\n<li><a>...<\/a><\/li>\n\n\n\n<li><a href='?page_no=10627'>10627<\/a><\/li>\n\n\n\n<li><a href='?page_no=10628'>10628<\/a><\/li>\n\n\n\n<li class='active'><a>10629<\/a><\/li>\n\n\n\n<li><a href='?page_no=10630'>10630<\/a><\/li>\n\n\n\n<li><a href='?page_no=10631'>10631<\/a><\/li>\n\n\n\n<li><a>...<\/a><\/li>\n\n\n\n<li><a href='?page_no=51012'>51012<\/a><\/li>\n\n\n\n<li><a href='?page_no=51013'>51013<\/a><\/li>\n\n    \n\t\n\n<li >\n\t<a href='?page_no=10630'>Next<\/a>\n\t<\/li>\n\n\n    \n\n<li><a href='?page_no=51013'>Last &rsaquo;&rsaquo;<\/a><\/li>\n\n<\/ul>\n\n\n--><br \/>\n<\/body><\/p>\n","protected":false},"excerpt":{"rendered":"<p>Por Noem\u00ed Galb\u00e1n LA HABANA, 12 abr (Xinhua) &#8212; El reciente anuncio de la Casa Blanca sobre la cancelaci\u00f3n del viaje a Per\u00fa del presidente de Estados Unidos, Donald Trump, y su ausencia en la VIII Cumbre de las Am\u00e9ricas, ha sido cuestionado por la comunidad internacional e interpretado como una nueva afrenta a la [&hellip;]<\/p>\n","protected":false},"author":3,"featured_media":0,"comment_status":"open","ping_status":"open","sticky":false,"template":"","format":"standard","meta":{"footnotes":""},"categories":[23],"tags":[],"class_list":["post-230970","post","type-post","status-publish","format-standard","hentry","category-internacional"],"_links":{"self":[{"href":"https:\/\/diariodominicano.com\/index.php?rest_route=\/wp\/v2\/posts\/230970","targetHints":{"allow":["GET"]}}],"collection":[{"href":"https:\/\/diariodominicano.com\/index.php?rest_route=\/wp\/v2\/posts"}],"about":[{"href":"https:\/\/diariodominicano.com\/index.php?rest_route=\/wp\/v2\/types\/post"}],"author":[{"embeddable":true,"href":"https:\/\/diariodominicano.com\/index.php?rest_route=\/wp\/v2\/users\/3"}],"replies":[{"embeddable":true,"href":"https:\/\/diariodominicano.com\/index.php?rest_route=%2Fwp%2Fv2%2Fcomments&post=230970"}],"version-history":[{"count":0,"href":"https:\/\/diariodominicano.com\/index.php?rest_route=\/wp\/v2\/posts\/230970\/revisions"}],"wp:attachment":[{"href":"https:\/\/diariodominicano.com\/index.php?rest_route=%2Fwp%2Fv2%2Fmedia&parent=230970"}],"wp:term":[{"taxonomy":"category","embeddable":true,"href":"https:\/\/diariodominicano.com\/index.php?rest_route=%2Fwp%2Fv2%2Fcategories&post=230970"},{"taxonomy":"post_tag","embeddable":true,"href":"https:\/\/diariodominicano.com\/index.php?rest_route=%2Fwp%2Fv2%2Ftags&post=230970"}],"curies":[{"name":"wp","href":"https:\/\/api.w.org\/{rel}","templated":true}]}}