{"id":230968,"date":"2018-04-12T23:12:11","date_gmt":"2018-04-12T23:12:11","guid":{"rendered":"http:\/\/diariodominicano.ddns.net\/?p=230968"},"modified":"2018-04-12T23:12:11","modified_gmt":"2018-04-12T23:12:11","slug":"presidente-de-peru-llama-a-empresarios-a-luchar-contra-corrupcion","status":"publish","type":"post","link":"https:\/\/diariodominicano.com\/?p=230968","title":{"rendered":"Presidente de Per\u00fa llama a empresarios a luchar contra corrupci\u00f3n"},"content":{"rendered":"<p><body><\/p>\n<p><img decoding=\"async\" src=\"img3\/137107036_1523588650342_title0h.jpg\" \/>  <\/p>\n<\/p>\n<p><strong> <\/strong><\/p>\n<p><strong>   LIMA, 12 abr (Xinhua) &#8212; <\/strong>El presidente de Per\u00fa, Mart\u00edn Vizcarra, afirm\u00f3 hoy jueves que es necesario \u00abencarar de manera decisiva el problema de la corrupci\u00f3n, promoviendo una cultura de integridad en nuestra regi\u00f3n\u00bb, al participar en la inauguraci\u00f3n de la III Cumbre Empresarial de las Am\u00e9ricas.<\/p>\n<\/p>\n<p>   La III Cumbre Empresarial se realiza en v\u00edsperas de la VIII Cumbre de las Am\u00e9ricas que se efectuar\u00e1 en la capital peruana el viernes y s\u00e1bado.<\/p>\n<\/p>\n<p>   Vizcarra expres\u00f3 que la desconfianza de la poblaci\u00f3n en sus autoridades, por los casos de corrupci\u00f3n que se denuncian, ha generado da\u00f1os a la gobernabilidad y a la econom\u00eda.<\/p>\n<\/p>\n<p>   Dijo que por esa raz\u00f3n, \u00abnuestros ciudadanos nos demandan acciones para enfrentar esas circunstancias\u00bb.<\/p>\n<\/p>\n<p>   Coment\u00f3 que se tiene que asumir un rol activo para enfrentar y erradicar pr\u00e1cticas como el soborno, que s\u00f3lo traen sobrecostos sociales, insatisfacci\u00f3n generalizada y debilitamiento institucional.<\/p>\n<\/p>\n<p>   Asever\u00f3 que los gobernantes deben primar el inter\u00e9s de sus naciones, priorizando necesidades y demandas.<\/p>\n<\/p>\n<p>   El mandatario peruano coment\u00f3 que el sector privado es motor del desarrollo y que los empresarios se suman al Estado para luchar contra la corrupci\u00f3n, sin cuyo apoyo, los esfuerzos econ\u00f3micos se ver\u00e1n limitados.<\/p>\n<\/p>\n<p>   Expuso que el compromiso de lucha contra la corrupci\u00f3n est\u00e1 desde la I Cumbre de las Am\u00e9ricas en la ciudad estadounidense de Miami en 1994.<\/p>\n<\/p>\n<p>   El anfitri\u00f3n peruano mencion\u00f3 que la III Cumbre Empresarial habr\u00e1 de marcar un di\u00e1logo productivo entre el sector p\u00fablico y privado, al analizar desaf\u00edos y oportunidades en la regi\u00f3n.<\/p>\n<\/p>\n<p>   Alcanzar un desarrollo sostenible, crecimiento inclusivo y de calidad, alentado a las peque\u00f1as y medianas empresas (Pymes) y mostrando una cultura de integridad regional, consider\u00f3.<\/p>\n<\/p>\n<p>   En el encuentro empresarial en el distrito lime\u00f1o de San Isidro, el cual concluir\u00e1 ma\u00f1ana viernes, participan m\u00e1s de 1.200 empresarios del hemisferio.<\/p>\n<\/p>\n<p>   Los participantes alcanzar\u00e1n recomendaciones para los jefes de Estado y de gobierno asistentes a la VIII Cumbre de las Am\u00e9ricas, con el tema central \u00abGobernabilidad democr\u00e1tica frente a la corrupci\u00f3n\u00bb. Fin<\/p>\n<h6> 2018-04-12 23:12:11 <\/h6>\n<p><!--\n<link rel=\"stylesheet\" href=\"css\/bootstrap.min.css\">\n\n\n<ul class=\"pagination\">\n\t    \n\t\n\n<li >\n\t<a href='?page_no=10626'>Previous<\/a>\n\t<\/li>\n\n\n       \n    \n\n<li><a href='?page_no=1'>1<\/a><\/li>\n\n\n\n<li><a href='?page_no=2'>2<\/a><\/li>\n\n\n\n<li><a>...<\/a><\/li>\n\n\n\n<li><a href='?page_no=10625'>10625<\/a><\/li>\n\n\n\n<li><a href='?page_no=10626'>10626<\/a><\/li>\n\n\n\n<li class='active'><a>10627<\/a><\/li>\n\n\n\n<li><a href='?page_no=10628'>10628<\/a><\/li>\n\n\n\n<li><a href='?page_no=10629'>10629<\/a><\/li>\n\n\n\n<li><a>...<\/a><\/li>\n\n\n\n<li><a href='?page_no=51012'>51012<\/a><\/li>\n\n\n\n<li><a href='?page_no=51013'>51013<\/a><\/li>\n\n    \n\t\n\n<li >\n\t<a href='?page_no=10628'>Next<\/a>\n\t<\/li>\n\n\n    \n\n<li><a href='?page_no=51013'>Last &rsaquo;&rsaquo;<\/a><\/li>\n\n<\/ul>\n\n\n--><br \/>\n<\/body><\/p>\n","protected":false},"excerpt":{"rendered":"<p>LIMA, 12 abr (Xinhua) &#8212; El presidente de Per\u00fa, Mart\u00edn Vizcarra, afirm\u00f3 hoy jueves que es necesario \u00abencarar de manera decisiva el problema de la corrupci\u00f3n, promoviendo una cultura de integridad en nuestra regi\u00f3n\u00bb, al participar en la inauguraci\u00f3n de la III Cumbre Empresarial de las Am\u00e9ricas. La III Cumbre Empresarial se realiza en v\u00edsperas [&hellip;]<\/p>\n","protected":false},"author":3,"featured_media":0,"comment_status":"open","ping_status":"open","sticky":false,"template":"","format":"standard","meta":{"footnotes":""},"categories":[23],"tags":[],"class_list":["post-230968","post","type-post","status-publish","format-standard","hentry","category-internacional"],"_links":{"self":[{"href":"https:\/\/diariodominicano.com\/index.php?rest_route=\/wp\/v2\/posts\/230968","targetHints":{"allow":["GET"]}}],"collection":[{"href":"https:\/\/diariodominicano.com\/index.php?rest_route=\/wp\/v2\/posts"}],"about":[{"href":"https:\/\/diariodominicano.com\/index.php?rest_route=\/wp\/v2\/types\/post"}],"author":[{"embeddable":true,"href":"https:\/\/diariodominicano.com\/index.php?rest_route=\/wp\/v2\/users\/3"}],"replies":[{"embeddable":true,"href":"https:\/\/diariodominicano.com\/index.php?rest_route=%2Fwp%2Fv2%2Fcomments&post=230968"}],"version-history":[{"count":0,"href":"https:\/\/diariodominicano.com\/index.php?rest_route=\/wp\/v2\/posts\/230968\/revisions"}],"wp:attachment":[{"href":"https:\/\/diariodominicano.com\/index.php?rest_route=%2Fwp%2Fv2%2Fmedia&parent=230968"}],"wp:term":[{"taxonomy":"category","embeddable":true,"href":"https:\/\/diariodominicano.com\/index.php?rest_route=%2Fwp%2Fv2%2Fcategories&post=230968"},{"taxonomy":"post_tag","embeddable":true,"href":"https:\/\/diariodominicano.com\/index.php?rest_route=%2Fwp%2Fv2%2Ftags&post=230968"}],"curies":[{"name":"wp","href":"https:\/\/api.w.org\/{rel}","templated":true}]}}