{"id":230963,"date":"2018-04-13T08:28:37","date_gmt":"2018-04-13T08:28:37","guid":{"rendered":"http:\/\/diariodominicano.ddns.net\/?p=230963"},"modified":"2018-04-13T08:28:37","modified_gmt":"2018-04-13T08:28:37","slug":"ex-primer-ministro-paquistani-nawaz-sharif-inhabilitado-de-por-vida-para-ocupar-cargos-publicos","status":"publish","type":"post","link":"https:\/\/diariodominicano.com\/?p=230963","title":{"rendered":"Ex primer ministro paquistan\u00ed Nawaz Sharif inhabilitado de por vida para ocupar cargos p\u00fablicos"},"content":{"rendered":"<p><body><\/p>\n<p><img decoding=\"async\" src=\"img3\/NwatZarit13.jpg\" \/>  <\/p>\n<p><span class=\"text1noticias\">     ISLAMABAD, 13 abr (Xinhua) &#8212; El Tribunal Supremo de Pakist\u00e1n inhabilit\u00f3 este viernes de por vida al primer ministro Nawaz Sharif para ocupar cargos p\u00fablicos.<\/span><\/p>\n<p><span class=\"text1noticias\"> <\/span><\/p>\n<p><span class=\"text1noticias\">     El fallo fue aprobado por los cinco magistrados encargados de decidir sobre la duraci\u00f3n de la inhabilitaci\u00f3n de un miembro del Parlamento. La corte hab\u00eda inhabilitado a Sharif como primer ministro por los cargos de corrupci\u00f3n en su contra el a\u00f1o pasado, pero no mencion\u00f3 en su veredicto, que fue promulgado el 28 de julio de 2017, por cu\u00e1nto tiempo.<\/span><\/p>\n<p><span class=\"text1noticias\"> <\/span><\/p>\n<p><span class=\"text1noticias\">     Los cinco magistrados dictaminaron de forma un\u00e1nime que aquellos que no sean \u00abhonrados\u00bb y \u00abveraces\u00bb tendr\u00e1n prohibido seg\u00fan la Constituci\u00f3n del pa\u00eds pertenecer al Parlamento \u00abde por vida\u00bb.<\/span><\/p>\n<p><span class=\"text1noticias\"> <\/span><\/p>\n<p><span class=\"text1noticias\">     La gobernante Liga Musulmana de Pakist\u00e1n-Nawaz (PML-N) de Sharif rechaz\u00f3 el veredicto y asegur\u00f3 que el ex primer ministro \u00abestaba siendo castigado por eliminar el terrorismo y poner en marcha proyectos de desarrollo\u00bb.<\/span><\/p>\n<p><span class=\"text1noticias\"> <\/span><\/p>\n<p><span class=\"text1noticias\">     \u00abEl veredicto es una broma y decisiones as\u00ed se han anunciado tambi\u00e9n sobre 17 primeros ministros\u00bb, dijo la ministra de Informaci\u00f3n y Difusi\u00f3n del pa\u00eds, Maryam Aurangzeb.<\/span><\/p>\n<p><span class=\"text1noticias\"> <\/span><\/p>\n<p><span class=\"text1noticias\">     En declaraciones a la prensa en Islamabad, afirm\u00f3 que la sentencia no afectar\u00e1 el desempe\u00f1o del PML-N y que el partido saldr\u00e1 victorioso en las pr\u00f3ximas elecciones parlamentarias, que se celebrar\u00e1n en julio.<\/span><\/p>\n<p><span class=\"text1noticias\"> <\/span><\/p>\n<p><span class=\"text1noticias\">     Un influyente l\u00edder de la oposici\u00f3n, Jehangir Tarin, que pertenece a la formaci\u00f3n Tehrik-e-Insaf (Momiviento Justicia), qued\u00f3 tambi\u00e9n inhabilitado en virtud de la sente<\/span>ncia. <\/p>\n<h6> 2018-04-13 08:28:37 <\/h6>\n<p><!--\n<link rel=\"stylesheet\" href=\"css\/bootstrap.min.css\">\n\n\n<ul class=\"pagination\">\n\t    \n\t\n\n<li >\n\t<a href='?page_no=10621'>Previous<\/a>\n\t<\/li>\n\n\n       \n    \n\n<li><a href='?page_no=1'>1<\/a><\/li>\n\n\n\n<li><a href='?page_no=2'>2<\/a><\/li>\n\n\n\n<li><a>...<\/a><\/li>\n\n\n\n<li><a href='?page_no=10620'>10620<\/a><\/li>\n\n\n\n<li><a href='?page_no=10621'>10621<\/a><\/li>\n\n\n\n<li class='active'><a>10622<\/a><\/li>\n\n\n\n<li><a href='?page_no=10623'>10623<\/a><\/li>\n\n\n\n<li><a href='?page_no=10624'>10624<\/a><\/li>\n\n\n\n<li><a>...<\/a><\/li>\n\n\n\n<li><a href='?page_no=51012'>51012<\/a><\/li>\n\n\n\n<li><a href='?page_no=51013'>51013<\/a><\/li>\n\n    \n\t\n\n<li >\n\t<a href='?page_no=10623'>Next<\/a>\n\t<\/li>\n\n\n    \n\n<li><a href='?page_no=51013'>Last &rsaquo;&rsaquo;<\/a><\/li>\n\n<\/ul>\n\n\n--><br \/>\n<\/body><\/p>\n","protected":false},"excerpt":{"rendered":"<p>ISLAMABAD, 13 abr (Xinhua) &#8212; El Tribunal Supremo de Pakist\u00e1n inhabilit\u00f3 este viernes de por vida al primer ministro Nawaz Sharif para ocupar cargos p\u00fablicos. El fallo fue aprobado por los cinco magistrados encargados de decidir sobre la duraci\u00f3n de la inhabilitaci\u00f3n de un miembro del Parlamento. La corte hab\u00eda inhabilitado a Sharif como primer [&hellip;]<\/p>\n","protected":false},"author":3,"featured_media":0,"comment_status":"open","ping_status":"open","sticky":false,"template":"","format":"standard","meta":{"footnotes":""},"categories":[23],"tags":[],"class_list":["post-230963","post","type-post","status-publish","format-standard","hentry","category-internacional"],"_links":{"self":[{"href":"https:\/\/diariodominicano.com\/index.php?rest_route=\/wp\/v2\/posts\/230963","targetHints":{"allow":["GET"]}}],"collection":[{"href":"https:\/\/diariodominicano.com\/index.php?rest_route=\/wp\/v2\/posts"}],"about":[{"href":"https:\/\/diariodominicano.com\/index.php?rest_route=\/wp\/v2\/types\/post"}],"author":[{"embeddable":true,"href":"https:\/\/diariodominicano.com\/index.php?rest_route=\/wp\/v2\/users\/3"}],"replies":[{"embeddable":true,"href":"https:\/\/diariodominicano.com\/index.php?rest_route=%2Fwp%2Fv2%2Fcomments&post=230963"}],"version-history":[{"count":0,"href":"https:\/\/diariodominicano.com\/index.php?rest_route=\/wp\/v2\/posts\/230963\/revisions"}],"wp:attachment":[{"href":"https:\/\/diariodominicano.com\/index.php?rest_route=%2Fwp%2Fv2%2Fmedia&parent=230963"}],"wp:term":[{"taxonomy":"category","embeddable":true,"href":"https:\/\/diariodominicano.com\/index.php?rest_route=%2Fwp%2Fv2%2Fcategories&post=230963"},{"taxonomy":"post_tag","embeddable":true,"href":"https:\/\/diariodominicano.com\/index.php?rest_route=%2Fwp%2Fv2%2Ftags&post=230963"}],"curies":[{"name":"wp","href":"https:\/\/api.w.org\/{rel}","templated":true}]}}