{"id":230957,"date":"2018-04-13T12:36:53","date_gmt":"2018-04-13T12:36:53","guid":{"rendered":"http:\/\/diariodominicano.ddns.net\/?p=230957"},"modified":"2018-04-13T12:36:53","modified_gmt":"2018-04-13T12:36:53","slug":"tropas-israelies-usan-tacticas-de-dispersion-de-disturbios-contra-manifestantes-en-gaza","status":"publish","type":"post","link":"https:\/\/diariodominicano.com\/?p=230957","title":{"rendered":"Tropas israel\u00edes usan t\u00e1cticas de dispersi\u00f3n de disturbios contra manifestantes en Gaza"},"content":{"rendered":"<p><body><\/p>\n<p><span class=\"text1noticias\">     JERUSALEN, 13 abr (Xinhua) &#8212; Las tropas israel\u00edes respondieron hoy con t\u00e1cticas de dispersi\u00f3n de disturbios ante los manifestantes en el este de Gaza.<\/span><\/p>\n<p><span class=\"text1noticias\"> <\/span><\/p>\n<p><span class=\"text1noticias\">     El ej\u00e9rcito israel\u00ed dijo que miles de palestinos provocaron disturbios hoy en cinco sitios a lo largo de la frontera entre Gaza e Israel.<\/span><\/p>\n<p><span class=\"text1noticias\"> <\/span><\/p>\n<p><span class=\"text1noticias\">     Los palestinos arrojaron un artefacto explosivo y bombas incendiarias con el objetivo de sabotear la infraestructura de seguridad a lo largo de la frontera, se\u00f1ala un comunicado emitido por las Fuerzas de Defensa de Israel (FDI).<\/span><\/p>\n<p><span class=\"text1noticias\"> <\/span><\/p>\n<p><span class=\"text1noticias\">     Tropas de las FDI respondieron con t\u00e1cticas de dispersi\u00f3n de disturbios de acuerdo con las reglas de combate, a\u00f1ade el comunicado.<\/span><\/p>\n<p><span class=\"text1noticias\"> <\/span><\/p>\n<p><span class=\"text1noticias\">     Israel no permitir\u00e1 ning\u00fan da\u00f1o a la infraestructura de seguridad que protege a los civiles israel\u00edes, y actuar\u00e1 en contra de los alborotadores violentos que amenacen con da\u00f1arla, afirmaron las FDI.<\/span><\/p>\n<p><span class=\"text1noticias\"> <\/span><\/p>\n<p><span class=\"text1noticias\">     Miles de palestinos se reunieron hoy en el \u00e1rea oriental de la Franja de Gaza para llevar a cabo protestas contra Israel por tercer viernes consecutivo.<\/span><\/p>\n<p><span class=\"text1noticias\"> <\/span><\/p>\n<p><span class=\"text1noticias\">     La protesta contra Israel de seis semanas, conocida como la \u00abGran Marcha del Retorno\u00bb, empez\u00f3 el 30 de marzo y se espera que concluya el 15 de<\/span> mayo.<\/p>\n<h6> 2018-04-13 12:36:53 <\/h6>\n<p><!--\n<link rel=\"stylesheet\" href=\"css\/bootstrap.min.css\">\n\n\n<ul class=\"pagination\">\n\t    \n\t\n\n<li >\n\t<a href='?page_no=10616'>Previous<\/a>\n\t<\/li>\n\n\n       \n    \n\n<li><a href='?page_no=1'>1<\/a><\/li>\n\n\n\n<li><a href='?page_no=2'>2<\/a><\/li>\n\n\n\n<li><a>...<\/a><\/li>\n\n\n\n<li><a href='?page_no=10615'>10615<\/a><\/li>\n\n\n\n<li><a href='?page_no=10616'>10616<\/a><\/li>\n\n\n\n<li class='active'><a>10617<\/a><\/li>\n\n\n\n<li><a href='?page_no=10618'>10618<\/a><\/li>\n\n\n\n<li><a href='?page_no=10619'>10619<\/a><\/li>\n\n\n\n<li><a>...<\/a><\/li>\n\n\n\n<li><a href='?page_no=51012'>51012<\/a><\/li>\n\n\n\n<li><a href='?page_no=51013'>51013<\/a><\/li>\n\n    \n\t\n\n<li >\n\t<a href='?page_no=10618'>Next<\/a>\n\t<\/li>\n\n\n    \n\n<li><a href='?page_no=51013'>Last &rsaquo;&rsaquo;<\/a><\/li>\n\n<\/ul>\n\n\n--><br \/>\n<\/body><\/p>\n","protected":false},"excerpt":{"rendered":"<p>JERUSALEN, 13 abr (Xinhua) &#8212; Las tropas israel\u00edes respondieron hoy con t\u00e1cticas de dispersi\u00f3n de disturbios ante los manifestantes en el este de Gaza. El ej\u00e9rcito israel\u00ed dijo que miles de palestinos provocaron disturbios hoy en cinco sitios a lo largo de la frontera entre Gaza e Israel. Los palestinos arrojaron un artefacto explosivo y [&hellip;]<\/p>\n","protected":false},"author":3,"featured_media":0,"comment_status":"open","ping_status":"open","sticky":false,"template":"","format":"standard","meta":{"footnotes":""},"categories":[23],"tags":[],"class_list":["post-230957","post","type-post","status-publish","format-standard","hentry","category-internacional"],"_links":{"self":[{"href":"https:\/\/diariodominicano.com\/index.php?rest_route=\/wp\/v2\/posts\/230957","targetHints":{"allow":["GET"]}}],"collection":[{"href":"https:\/\/diariodominicano.com\/index.php?rest_route=\/wp\/v2\/posts"}],"about":[{"href":"https:\/\/diariodominicano.com\/index.php?rest_route=\/wp\/v2\/types\/post"}],"author":[{"embeddable":true,"href":"https:\/\/diariodominicano.com\/index.php?rest_route=\/wp\/v2\/users\/3"}],"replies":[{"embeddable":true,"href":"https:\/\/diariodominicano.com\/index.php?rest_route=%2Fwp%2Fv2%2Fcomments&post=230957"}],"version-history":[{"count":0,"href":"https:\/\/diariodominicano.com\/index.php?rest_route=\/wp\/v2\/posts\/230957\/revisions"}],"wp:attachment":[{"href":"https:\/\/diariodominicano.com\/index.php?rest_route=%2Fwp%2Fv2%2Fmedia&parent=230957"}],"wp:term":[{"taxonomy":"category","embeddable":true,"href":"https:\/\/diariodominicano.com\/index.php?rest_route=%2Fwp%2Fv2%2Fcategories&post=230957"},{"taxonomy":"post_tag","embeddable":true,"href":"https:\/\/diariodominicano.com\/index.php?rest_route=%2Fwp%2Fv2%2Ftags&post=230957"}],"curies":[{"name":"wp","href":"https:\/\/api.w.org\/{rel}","templated":true}]}}