{"id":230948,"date":"2018-04-14T12:58:41","date_gmt":"2018-04-14T12:58:41","guid":{"rendered":"http:\/\/diariodominicano.ddns.net\/?p=230948"},"modified":"2018-04-14T12:58:41","modified_gmt":"2018-04-14T12:58:41","slug":"la-cumbre-de-las-americas-aprueba-en-lima-compromiso-contra-la-corrupcion","status":"publish","type":"post","link":"https:\/\/diariodominicano.com\/?p=230948","title":{"rendered":"La Cumbre de las Am\u00e9ricas aprueba en Lima \u00abcompromiso\u00bb contra la corrupci\u00f3n"},"content":{"rendered":"<p><body><\/p>\n<p><img decoding=\"async\" src=\"img3\/2a3e03b803de19c74792ff36d0e6fc5dc29d6d64.jpg\" \/>  <\/p>\n<p>AFP \/ CRIS BOURONCLE<\/p>\n<p>Gobernantes del hemisferio posan para la foto de la Octava Cumbre de las Am\u00e9ricas en Lima el 14 de abril de 2018.<\/p>\n<p>Los gobernantes que asistieron a la Cumbre de las Am\u00e9ricas en Lima aprobaron este s\u00e1bado por aclamaci\u00f3n un \u00abcompromiso\u00bb contra la corrupci\u00f3n, tema principal de este c\u00f3nclave.<\/p>\n<\/p>\n<p>\u00abAdoptemos al inicio de esta reuni\u00f3n el Compromiso de Lima ?Gobernabilidad Democr\u00e1tica contra la Corrupci\u00f3n'\u00bb para \u00abexpresar la firme voluntad\u00bb de acabar con este flagelo, dijo al abrir la primera sesi\u00f3n plenaria de la Cumbre el mandatario peruano Mart\u00edn Vizcarra.<\/p>\n<\/p>\n<p>Inmediatamente los mandatarios aprobaron por aclamaci\u00f3n este documento, algo que tradicionalmente se hac\u00eda al finalizar una cumbre y no en su primera sesi\u00f3n de trabajo.<\/p>\n<\/p>\n<p>El documento de 57 puntos, que no tiene poder vinculante sino que que fija una meta a alcanzar por todos, hab\u00eda sido consensuado el viernes en una reuni\u00f3n de cancilleres, luego de ser negociado por los pa\u00edses americanos durante siete meses.<\/p>\n<\/p>\n<p>El compromiso contempla \u00abavanzar en la lucha contra la corrupci\u00f3n, en particular la prevenci\u00f3n y el combate del soborno de funcionarios p\u00fablicos nacionales y extranjeros\u00bb y \u00abadoptar un marco legal para responsabilizar a las personas jur\u00eddicas (entidades, empresas) por actos de corrupci\u00f3n\u00bb.<\/p>\n<\/p>\n<p>Adem\u00e1s \u00abpromover la inclusi\u00f3n de cl\u00e1usulas anticorrupci\u00f3n en todos los contratos del Estado (&#8230;) y establecer registros de personas naturales y jur\u00eddicas vinculadas con actos de corrupci\u00f3n y lavado de activos para evitar su contrataci\u00f3n\u00bb.<\/p>\n<\/p>\n<p>Tambi\u00e9n propone \u00abmedidas que promuevan la transparencia\u00bb en los gastos de los partidos pol\u00edticos, \u00abprincipalmente de sus campa\u00f1as electorales, garantizando el origen l\u00edcito de las aportaciones, as\u00ed como la sanci\u00f3n por la recepci\u00f3n de contribuciones il\u00edcitas\u00bb.<\/p>\n<\/p>\n<p>Adem\u00e1s, \u00abpromover la inclusi\u00f3n de cl\u00e1usulas anticorrupci\u00f3n en todos los contratos del Estado (&#8230;) y establecer registros de personas naturales y jur\u00eddicas vinculadas con actos de corrupci\u00f3n y lavado de activos para evitar su contrataci\u00f3n\u00bb.<\/p>\n<\/p>\n<p>\u00abReitero la convocatoria para conformar una alianza regional contra la corrupci\u00f3n. Y una pol\u00edtica de tolerancia cero frente a los corruptos\u00bb, dijo Vizcarra.<\/p>\n<\/p>\n<p>\u00abEl Per\u00fa ha asumido el reto de luchar frontalmente contra la corrupci\u00f3n. \u00c9sta es la prioridad de mi gobierno\u00bb, a\u00f1adi\u00f3, en alusi\u00f3n a que lleg\u00f3 al poder hace tres semanas luego de la renuncia del presidente Pedro Pablo Kuczynski, envuelto en denuncias de corrupci\u00f3n.<\/p>\n<\/p>\n<p>El viernes, el presidente estadounidense, Donald Trump, ausente de Lima para preparar una respuesta al supuesto uso de armas qu\u00edmicas por el r\u00e9gimen de Bashar al Asad, orden\u00f3 atacar varios objetivos sensibles en Siria en coordinaci\u00f3n con Francia y Gran Breta\u00f1a contando con el apoyo de la OTAN.<\/p>\n<\/p>\n<p>En Lima, el vicepresidente estadounidense, Mike Pence, tuvo que ausentarse durante un tiempo de la ceremonia de apertura la noche del viernes para informar a los l\u00edderes del Congreso sobre los ataques.<\/p>\n<\/p>\n<p>Despu\u00e9s de que fue aprobado el compromiso contra la corrupci\u00f3n, comenzaron los discursos de los mandatarios visitantes.<\/p>\n<\/p>\n<p>La Cumbre finaliza este s\u00e1bado y adem\u00e1s de la<\/p>\n<\/p>\n<p>Adem\u00e1s de dirigirse al plenario de la cumbre, el s\u00e1bado por la tarde Pence se dispon\u00eda a cumplir una cargada agenda de reuniones bilaterales al margen del evento, con los mandatarios de Per\u00fa, Canad\u00e1, M\u00e9xico, Colombia, Argentina, Chile, y una reuni\u00f3n multilateral con los l\u00edderes del Caribe.<\/p>\n<\/p>\n<p>lucha contra la corrupci\u00f3n, los mandatarios podr\u00edan discutir sobre la situaci\u00f3n en Venezuela y un pedido estadouni<\/p>\n<h6> 2018-04-14 12:58:41 <\/h6>\n<p><!--\n<link rel=\"stylesheet\" href=\"css\/bootstrap.min.css\">\n\n\n<ul class=\"pagination\">\n\t    \n\t\n\n<li >\n\t<a href='?page_no=10608'>Previous<\/a>\n\t<\/li>\n\n\n       \n    \n\n<li><a href='?page_no=1'>1<\/a><\/li>\n\n\n\n<li><a href='?page_no=2'>2<\/a><\/li>\n\n\n\n<li><a>...<\/a><\/li>\n\n\n\n<li><a href='?page_no=10607'>10607<\/a><\/li>\n\n\n\n<li><a href='?page_no=10608'>10608<\/a><\/li>\n\n\n\n<li class='active'><a>10609<\/a><\/li>\n\n\n\n<li><a href='?page_no=10610'>10610<\/a><\/li>\n\n\n\n<li><a href='?page_no=10611'>10611<\/a><\/li>\n\n\n\n<li><a>...<\/a><\/li>\n\n\n\n<li><a href='?page_no=51012'>51012<\/a><\/li>\n\n\n\n<li><a href='?page_no=51013'>51013<\/a><\/li>\n\n    \n\t\n\n<li >\n\t<a href='?page_no=10610'>Next<\/a>\n\t<\/li>\n\n\n    \n\n<li><a href='?page_no=51013'>Last &rsaquo;&rsaquo;<\/a><\/li>\n\n<\/ul>\n\n\n--><br \/>\n<\/body><\/p>\n","protected":false},"excerpt":{"rendered":"<p>AFP \/ CRIS BOURONCLE Gobernantes del hemisferio posan para la foto de la Octava Cumbre de las Am\u00e9ricas en Lima el 14 de abril de 2018. Los gobernantes que asistieron a la Cumbre de las Am\u00e9ricas en Lima aprobaron este s\u00e1bado por aclamaci\u00f3n un \u00abcompromiso\u00bb contra la corrupci\u00f3n, tema principal de este c\u00f3nclave. \u00abAdoptemos al [&hellip;]<\/p>\n","protected":false},"author":3,"featured_media":0,"comment_status":"open","ping_status":"open","sticky":false,"template":"","format":"standard","meta":{"footnotes":""},"categories":[23],"tags":[],"class_list":["post-230948","post","type-post","status-publish","format-standard","hentry","category-internacional"],"_links":{"self":[{"href":"https:\/\/diariodominicano.com\/index.php?rest_route=\/wp\/v2\/posts\/230948","targetHints":{"allow":["GET"]}}],"collection":[{"href":"https:\/\/diariodominicano.com\/index.php?rest_route=\/wp\/v2\/posts"}],"about":[{"href":"https:\/\/diariodominicano.com\/index.php?rest_route=\/wp\/v2\/types\/post"}],"author":[{"embeddable":true,"href":"https:\/\/diariodominicano.com\/index.php?rest_route=\/wp\/v2\/users\/3"}],"replies":[{"embeddable":true,"href":"https:\/\/diariodominicano.com\/index.php?rest_route=%2Fwp%2Fv2%2Fcomments&post=230948"}],"version-history":[{"count":0,"href":"https:\/\/diariodominicano.com\/index.php?rest_route=\/wp\/v2\/posts\/230948\/revisions"}],"wp:attachment":[{"href":"https:\/\/diariodominicano.com\/index.php?rest_route=%2Fwp%2Fv2%2Fmedia&parent=230948"}],"wp:term":[{"taxonomy":"category","embeddable":true,"href":"https:\/\/diariodominicano.com\/index.php?rest_route=%2Fwp%2Fv2%2Fcategories&post=230948"},{"taxonomy":"post_tag","embeddable":true,"href":"https:\/\/diariodominicano.com\/index.php?rest_route=%2Fwp%2Fv2%2Ftags&post=230948"}],"curies":[{"name":"wp","href":"https:\/\/api.w.org\/{rel}","templated":true}]}}