{"id":230947,"date":"2018-04-14T13:04:29","date_gmt":"2018-04-14T13:04:29","guid":{"rendered":"http:\/\/diariodominicano.ddns.net\/?p=230947"},"modified":"2018-04-14T13:04:29","modified_gmt":"2018-04-14T13:04:29","slug":"ecuador-de-luto-busca-recobrar-cadaveres-de-los-periodistas-asesinados","status":"publish","type":"post","link":"https:\/\/diariodominicano.com\/?p=230947","title":{"rendered":"Ecuador, de luto, busca recobrar cad\u00e1veres de los periodistas asesinados"},"content":{"rendered":"<p><body><\/p>\n<p><img decoding=\"async\" src=\"img3\/7ecdf44ad6c8bf220f7155d6fb302dcb3a390672.jpg\" \/>  <\/p>\n<p>AFP \/ RODRIGO BUENDIA<\/p>\n<p>Velas y carteles durante un tributo en Quito, el 13 de abril de 2018, a los miembros del equipo period\u00edstico asesinado<\/p>\n<p>Consternado por el asesinato de dos periodistas y un chofer del diario El Comercio a manos de disidentes de la exguerrilla colombiana de las FARC implicados en el narcotr\u00e1fico, Ecuador busca recobrar los cad\u00e1veres mientras descarga su furia contra los asesinos.<\/p>\n<\/p>\n<p>En su editorial del s\u00e1bado, el diario pide a los gobiernos de Ecuador y Colombia \u00abtodas las explicaciones\u00bb de lo ocurrido desde que los tres ecuatorianos fueron secuestrados el pasado 26 de marzo en la poblaci\u00f3n costera de Mataje, en la convulsa frontera colombiana, donde realizaban un reportaje sobre violencia.<\/p>\n<\/p>\n<p>\u00abCon verdad y detalle, por el derecho que tiene la opini\u00f3n p\u00fablica, las familias de nuestros compa\u00f1eros y la sociedad\u00bb, se\u00f1ala el rotativo, uno de los m\u00e1s influyentes del pa\u00eds.<\/p>\n<\/p>\n<p>Ni Quito ni Bogot\u00e1 pudieron determinar d\u00f3nde murieron ni d\u00f3nde est\u00e1n sus c\u00e1daveres, y ambos gobiernos tienen adem\u00e1s versiones opuestas sobre el lugar donde ocurrieron los hechos.<\/p>\n<\/p>\n<p>El Comit\u00e9 Internacional de la Cruz Roja (CICR) confirm\u00f3 que Ecuador, Colombia y las familias de las v\u00edctimas pidieron su colaboraci\u00f3n para recuperar los cad\u00e1veres del periodista Javier Ortega (32 a\u00f1os), del fot\u00f3grafo Pa\u00fal Rivas (45) y del conductor Efra\u00edn Segarra (60).<\/p>\n<\/p>\n<p>El organismo agreg\u00f3 que tambi\u00e9n el \u00abgrupo liderado por Guacho\u00bb, responsable del crimen, le solicit\u00f3 colaborar con la entrega.<\/p>\n<\/p>\n<p>Esos operativos humanitarios suelen hacerse con mucha reserva y trascienden pocos detalles. El jefe del CICR en Colombia, Christoph Harnisch, se anticip\u00f3 a pedir comprensi\u00f3n sobre la \u00abnaturaleza confidencial de gran parte de la informaci\u00f3n\u00bb.<\/p>\n<\/p>\n<p>Visiblemente dolido e indignado, el presidente ecuatoriano Len\u00edn Moreno confirm\u00f3 la muerte de los periodistas el viernes, tras la aparici\u00f3n de unas fotos que prueban su ejecuci\u00f3n.<\/p>\n<\/p>\n<p>La \u00faltima vez que se les vio con vida fue en un video difundido el 3 de abril, en el que aparec\u00edan con cadenas al cuello, clamando por un trato con los captores.<\/p>\n<\/p>\n<p>Su caso, condenado por la comunidad internacional, sume en el dolor a un pa\u00eds que jam\u00e1s hab\u00eda sufrido con tanta crueldad los problemas derivados del narcotr\u00e1fico en Colombia.<\/p>\n<\/p>\n<p>La informaci\u00f3n, que ha llegado en cuentagotas, los rumores y los datos falsos le han dado m\u00e1s dramatismo.<\/p>\n<\/p>\n<p>Hasta la medianoche del viernes un centenar de personas, mucha de ellas con velas en las manos, se concentraron en silencio frente a la casa de gobierno, en el centro de Quito, en una vigilia en homenaje a los muertos.<\/p>\n<\/p>\n<p>&#8211; A por Guacho &#8211;<\/p>\n<\/p>\n<p>Tras la divulgaci\u00f3n de las fotos, Moreno hab\u00eda dado el jueves un plazo de doce horas para que los captores entregaran una prueba de vida.<\/p>\n<\/p>\n<p>Vencido el ultim\u00e1tum cerca del mediod\u00eda del viernes, Colombia y Ecuador iniciaron una cacer\u00eda de los responsables en la porosa y selv\u00e1tica frontera, uno de los puntos estrat\u00e9gicos en la ruta del Pac\u00edfico para transportar coca\u00edna a Estados Unidos a trav\u00e9s de Centroam\u00e9rica.<\/p>\n<\/p>\n<p>El gobierno decret\u00f3 cuatro d\u00edas de luto oficial.<\/p>\n<\/p>\n<p>Las Fuerzas Armadas ecuatorianas indicaron por la noche que en la zona de Mataje arrestaron a nueve \u00absospechosos\u00bb e incautaron armas y municiones.<\/p>\n<\/p>\n<p>El ministro de Defensa de Colombia, Luis Carlos Villegas, que lleg\u00f3 a Quito con las m\u00e1ximas autoridades militares y policiales de su pa\u00eds, inform\u00f3 que del lado colombiano se lanzaron operaciones \u00abdesde Tumaco y Cali\u00bb, en el suroeste.<\/p>\n<\/p>\n<p>\u00abMantendremos ese despliegue coordinadamente con Ecuador a trav\u00e9s de helic\u00f3pteros, de aviones, de personal de Ej\u00e9rcito\u00bb, agreg\u00f3.<\/p>\n<\/p>\n<p>En la ma\u00f1ana de este s\u00e1bado no se conoc\u00edan m\u00e1s detalles de las operaciones.<\/p>\n<\/p>\n<p>Desde un comienzo las autoridades colombianas acusaron del secuestro al Frente Oliver Sinisterra, que se apart\u00f3 del proceso de paz firmado con las FARC, la otrora guerrilla m\u00e1s poderosa de Am\u00e9rica, y se dedica al narcotr\u00e1fico.<\/p>\n<\/p>\n<p>Con entre 70 y 80 hombres, esa organizaci\u00f3n est\u00e1 bajo las \u00f3rdenes de Guacho, por quien los dos pa\u00edses anunciaron una recompensa de 230.000 d\u00f3lares.<\/p>\n<\/p>\n<p>El catedr\u00e1tico de la Facultad Latinoamericana de Ciencias Sociales (Flacso) Fernando Carri\u00f3n advierte de que un enfoque exclusivamente militar contra las drogas puede desatar una gran p\u00e9rdida de vidas humanas, secuestros y extrema violencia como sucedi\u00f3 en M\u00e9xico en el gobierno de Felipe Calder\u00f3n (2006-2012).<\/p>\n<\/p>\n<p>\u00abEn zonas deprimidas como esta frontera se requiere una pol\u00edtica econ\u00f3mica para que haya sustituci\u00f3n de cultivos, para que los ingresos de sus habitantes no vengan a partir de los narc\u00f3ticos, sino a partir de las econom\u00edas legales. Hay que hacer una pol\u00edtica multilateral, donde haya cuestiones de econom\u00eda, de pol\u00edtica y obviamente de cuestiones militares\u00bb, explic\u00f3 a la AFP este experto en seguridad.<\/p>\n<\/p>\n<p>La inusitada violencia que vive Ecuador, que ha dejado por ahora siete muertos y cuatro decenas de heridos, es una secuela del acuerdo de paz que condujo al desarme de las FARC, organizaci\u00f3n que controlaba territorios que ahora est\u00e1n en disputa entre desertores rebeldes y bandas de origen paramilitar.<\/p>\n<h6> 2018-04-14 13:04:29 <\/h6>\n<p><!--\n<link rel=\"stylesheet\" href=\"css\/bootstrap.min.css\">\n\n\n<ul class=\"pagination\">\n\t    \n\t\n\n<li >\n\t<a href='?page_no=10607'>Previous<\/a>\n\t<\/li>\n\n\n       \n    \n\n<li><a href='?page_no=1'>1<\/a><\/li>\n\n\n\n<li><a href='?page_no=2'>2<\/a><\/li>\n\n\n\n<li><a>...<\/a><\/li>\n\n\n\n<li><a href='?page_no=10606'>10606<\/a><\/li>\n\n\n\n<li><a href='?page_no=10607'>10607<\/a><\/li>\n\n\n\n<li class='active'><a>10608<\/a><\/li>\n\n\n\n<li><a href='?page_no=10609'>10609<\/a><\/li>\n\n\n\n<li><a href='?page_no=10610'>10610<\/a><\/li>\n\n\n\n<li><a>...<\/a><\/li>\n\n\n\n<li><a href='?page_no=51012'>51012<\/a><\/li>\n\n\n\n<li><a href='?page_no=51013'>51013<\/a><\/li>\n\n    \n\t\n\n<li >\n\t<a href='?page_no=10609'>Next<\/a>\n\t<\/li>\n\n\n    \n\n<li><a href='?page_no=51013'>Last &rsaquo;&rsaquo;<\/a><\/li>\n\n<\/ul>\n\n\n--><br \/>\n<\/body><\/p>\n","protected":false},"excerpt":{"rendered":"<p>AFP \/ RODRIGO BUENDIA Velas y carteles durante un tributo en Quito, el 13 de abril de 2018, a los miembros del equipo period\u00edstico asesinado Consternado por el asesinato de dos periodistas y un chofer del diario El Comercio a manos de disidentes de la exguerrilla colombiana de las FARC implicados en el narcotr\u00e1fico, Ecuador [&hellip;]<\/p>\n","protected":false},"author":3,"featured_media":0,"comment_status":"open","ping_status":"open","sticky":false,"template":"","format":"standard","meta":{"footnotes":""},"categories":[23],"tags":[],"class_list":["post-230947","post","type-post","status-publish","format-standard","hentry","category-internacional"],"_links":{"self":[{"href":"https:\/\/diariodominicano.com\/index.php?rest_route=\/wp\/v2\/posts\/230947","targetHints":{"allow":["GET"]}}],"collection":[{"href":"https:\/\/diariodominicano.com\/index.php?rest_route=\/wp\/v2\/posts"}],"about":[{"href":"https:\/\/diariodominicano.com\/index.php?rest_route=\/wp\/v2\/types\/post"}],"author":[{"embeddable":true,"href":"https:\/\/diariodominicano.com\/index.php?rest_route=\/wp\/v2\/users\/3"}],"replies":[{"embeddable":true,"href":"https:\/\/diariodominicano.com\/index.php?rest_route=%2Fwp%2Fv2%2Fcomments&post=230947"}],"version-history":[{"count":0,"href":"https:\/\/diariodominicano.com\/index.php?rest_route=\/wp\/v2\/posts\/230947\/revisions"}],"wp:attachment":[{"href":"https:\/\/diariodominicano.com\/index.php?rest_route=%2Fwp%2Fv2%2Fmedia&parent=230947"}],"wp:term":[{"taxonomy":"category","embeddable":true,"href":"https:\/\/diariodominicano.com\/index.php?rest_route=%2Fwp%2Fv2%2Fcategories&post=230947"},{"taxonomy":"post_tag","embeddable":true,"href":"https:\/\/diariodominicano.com\/index.php?rest_route=%2Fwp%2Fv2%2Ftags&post=230947"}],"curies":[{"name":"wp","href":"https:\/\/api.w.org\/{rel}","templated":true}]}}