{"id":230942,"date":"2018-04-14T14:13:15","date_gmt":"2018-04-14T14:13:15","guid":{"rendered":"http:\/\/diariodominicano.ddns.net\/?p=230942"},"modified":"2018-04-14T14:13:15","modified_gmt":"2018-04-14T14:13:15","slug":"cuba-condena-el-ataque-y-atropello-de-estados-unidos-a-siria","status":"publish","type":"post","link":"https:\/\/diariodominicano.com\/?p=230942","title":{"rendered":"Cuba condena el ataque y \u00abatropello\u00bb de Estados Unidos a Siria"},"content":{"rendered":"<p><body><\/p>\n<p><img decoding=\"async\" src=\"img3\/6f87a340-479c-49f8-8471-adc1d4aa8a9d.jpg\" \/>  <\/p>\n<p>s\u00e1bado, 14 de abril de 2018 &#8211; 10:47 AM<\/p>\n<\/p>\n<p>Actualizado en: s\u00e1bado, 14 de abril de 2018 &#8211; 12:04 PM<\/p>\n<\/p>\n<p>Por Agencia EFE<\/p>\n<\/p>\n<p>As\u00ed lucia el cielo en Damasco, Siria, durante los ataques que se produjeron en la madrugada del s\u00e1bado (horizontal-x3)<\/p>\n<p>As\u00ed lucia el cielo en Damasco, Siria, durante los ataques que se produjeron en la madrugada del s\u00e1bado. (EFE)<\/p>\n<p>Cuba conden\u00f3 hoy el bombardeo \u00abunilateral\u00bb de Estados Unidos y sus aliados a Siria, considerado por la isla como una \u00abflagrante violaci\u00f3n\u00bb y un \u00abatropello contra un Estado soberano\u00bb que solo intensifica los enfrentamientos en ese pa\u00eds.<\/p>\n<\/p>\n<p>RELACIONADOS:<\/p>\n<p>Donald Trump celebra \u00abmisi\u00f3n cumplida\u00bb en Siria<\/p>\n<p>En una declaraci\u00f3n publicada este s\u00e1bado en las portadas de los medios oficiales cubanos, la naci\u00f3n caribe\u00f1a manifest\u00f3 su solidaridad con el \u00abpueblo y gobierno sirios por las p\u00e9rdidas de vidas y da\u00f1os materiales, como consecuencia de este ataque atroz\u00bb.<\/p>\n<\/p>\n<p>\u00abEl gobierno revolucionario de Cuba expresa su m\u00e1s en\u00e9rgica condena por el nuevo ataque perpetrado por EE.UU. y algunos de sus aliados, el 13 de abril contra instalaciones militares y civiles en Siria, utilizando como pretexto el supuesto empleo por el gobierno sirio de armas qu\u00edmicas contra civiles\u00bb, indica el texto.<\/p>\n<\/p>\n<p>PUBLICIDAD<\/p>\n<\/p>\n<p>Estados Unidos, Reino Unido y Francia lanzaron esta madrugada m\u00e1s de cien misiles contra varias instalaciones gubernamentales sirias, algunas de ellas presuntamente relacionadas con el sistema de producci\u00f3n y almacenaje de armas qu\u00edmicas, seg\u00fan inform\u00f3 el Pent\u00e1gono.<\/p>\n<\/p>\n<p>Para La Habana, EE.UU. ha atacado Siria \u00absin que se haya demostrado la utilizaci\u00f3n de armas qu\u00edmicas por parte del gobierno de ese pa\u00eds\u00bb y a pesar de la promesa de la Secretar\u00eda T\u00e9cnica de la Organizaci\u00f3n para la Prohibici\u00f3n de las Armas Qu\u00edmicas (OPAQ) de inspeccionar la localidad siria de Duma.<\/p>\n<\/p>\n<p>\u00abEsta acci\u00f3n unilateral, al margen del Consejo de Seguridad de las Naciones Unidas, constituye una flagrante violaci\u00f3n de los principios del Derecho Internacional de la Carta de esa organizaci\u00f3n y constituye un atropello contra un Estado soberano, que agudiza el conflicto en el pa\u00eds y en la regi\u00f3n\u00bb, se\u00f1ala el comunicado.<\/p>\n<\/p>\n<p>Cuba \u00abrechaza firmemente el empleo de esas armas y de otras de exterminio en masa, por cualquier actor y en cualquier circunstancia\u00bb, insiste la declaraci\u00f3n.<\/p>\n<\/p>\n<p>La isla caribe\u00f1a y Siria mantienen buenas relaciones bilaterales y respecto del conflicto que vive el pa\u00eds \u00e1rabe, el gobierno cubano se ha pronunciado en varias ocasiones contra la injerencia externa en esa crisis y ha pedido respeto a la soberan\u00eda e integridad territorial siria.<\/p>\n<\/p>\n<p>Evo Morales condena bombardeo<\/p>\n<\/p>\n<p>Por su parte, el presidente boliviano Evo Morales y su canciller Fernando Huanacuni condenaron el bombardeo.<\/p>\n<\/p>\n<p>\u00abDesde la Cumbre de las Am\u00e9ricas, junto a pueblos hermanos de Am\u00e9rica Latina, demandamos al imperio estadounidense detener la masacre de inocentes en Siria\u00bb, tuite\u00f3 Morales desde su cuenta @evoespueblo.<\/p>\n<\/p>\n<p>Desde Lima, donde Morales y su canciller asisten a la Cumbre de las Am\u00e9ricas, el mandatario boliviano tambi\u00e9n demand\u00f3 \u00ablevantar el bloqueo criminal contra Cuba, parar el golpismo en Venezuela y suspender su muro racista contra M\u00e9xico\u00bb.<\/p>\n<\/p>\n<p>Morales dijo que en 2003, el gobierno del entonces presidente estadounidense George W. Bush \u00abinvent\u00f3 inexistentes armas de destrucci\u00f3n masiva para justificar invasi\u00f3n de EEUU a Irak\u00bb.<\/p>\n<\/p>\n<p>\u00abLo que buscaba era adue\u00f1arse del petr\u00f3leo. Ahora Trump repite vil agresi\u00f3n imperialista contra el hermano pueblo de Siria, tambi\u00e9n para adue\u00f1arse de RRNN de otro pa\u00eds\u00bb, agreg\u00f3 Morales en referencia a los recursos naturales.<\/p>\n<\/p>\n<p>\u00abRechazamos en\u00e9rgicamente los ataques contra el pueblo de Siria. El uso del poder militar y las armas b\u00e9licas contra inocentes es genocidio. Somos de la cultura de la vida y de la Paz\u00bb, tuite\u00f3 por su parte el canciller Huanacuni.<\/p>\n<\/p>\n<h6> 2018-04-14 14:13:15 <\/h6>\n<p><!--\n<link rel=\"stylesheet\" href=\"css\/bootstrap.min.css\">\n\n\n<ul class=\"pagination\">\n\t    \n\t\n\n<li >\n\t<a href='?page_no=10602'>Previous<\/a>\n\t<\/li>\n\n\n       \n    \n\n<li><a href='?page_no=1'>1<\/a><\/li>\n\n\n\n<li><a href='?page_no=2'>2<\/a><\/li>\n\n\n\n<li><a>...<\/a><\/li>\n\n\n\n<li><a href='?page_no=10601'>10601<\/a><\/li>\n\n\n\n<li><a href='?page_no=10602'>10602<\/a><\/li>\n\n\n\n<li class='active'><a>10603<\/a><\/li>\n\n\n\n<li><a href='?page_no=10604'>10604<\/a><\/li>\n\n\n\n<li><a href='?page_no=10605'>10605<\/a><\/li>\n\n\n\n<li><a>...<\/a><\/li>\n\n\n\n<li><a href='?page_no=51012'>51012<\/a><\/li>\n\n\n\n<li><a href='?page_no=51013'>51013<\/a><\/li>\n\n    \n\t\n\n<li >\n\t<a href='?page_no=10604'>Next<\/a>\n\t<\/li>\n\n\n    \n\n<li><a href='?page_no=51013'>Last &rsaquo;&rsaquo;<\/a><\/li>\n\n<\/ul>\n\n\n--><br \/>\n<\/body><\/p>\n","protected":false},"excerpt":{"rendered":"<p>s\u00e1bado, 14 de abril de 2018 &#8211; 10:47 AM Actualizado en: s\u00e1bado, 14 de abril de 2018 &#8211; 12:04 PM Por Agencia EFE As\u00ed lucia el cielo en Damasco, Siria, durante los ataques que se produjeron en la madrugada del s\u00e1bado (horizontal-x3) As\u00ed lucia el cielo en Damasco, Siria, durante los ataques que se produjeron [&hellip;]<\/p>\n","protected":false},"author":3,"featured_media":0,"comment_status":"open","ping_status":"open","sticky":false,"template":"","format":"standard","meta":{"footnotes":""},"categories":[23],"tags":[],"class_list":["post-230942","post","type-post","status-publish","format-standard","hentry","category-internacional"],"_links":{"self":[{"href":"https:\/\/diariodominicano.com\/index.php?rest_route=\/wp\/v2\/posts\/230942","targetHints":{"allow":["GET"]}}],"collection":[{"href":"https:\/\/diariodominicano.com\/index.php?rest_route=\/wp\/v2\/posts"}],"about":[{"href":"https:\/\/diariodominicano.com\/index.php?rest_route=\/wp\/v2\/types\/post"}],"author":[{"embeddable":true,"href":"https:\/\/diariodominicano.com\/index.php?rest_route=\/wp\/v2\/users\/3"}],"replies":[{"embeddable":true,"href":"https:\/\/diariodominicano.com\/index.php?rest_route=%2Fwp%2Fv2%2Fcomments&post=230942"}],"version-history":[{"count":0,"href":"https:\/\/diariodominicano.com\/index.php?rest_route=\/wp\/v2\/posts\/230942\/revisions"}],"wp:attachment":[{"href":"https:\/\/diariodominicano.com\/index.php?rest_route=%2Fwp%2Fv2%2Fmedia&parent=230942"}],"wp:term":[{"taxonomy":"category","embeddable":true,"href":"https:\/\/diariodominicano.com\/index.php?rest_route=%2Fwp%2Fv2%2Fcategories&post=230942"},{"taxonomy":"post_tag","embeddable":true,"href":"https:\/\/diariodominicano.com\/index.php?rest_route=%2Fwp%2Fv2%2Ftags&post=230942"}],"curies":[{"name":"wp","href":"https:\/\/api.w.org\/{rel}","templated":true}]}}