{"id":230935,"date":"2018-04-14T21:38:24","date_gmt":"2018-04-14T21:38:24","guid":{"rendered":"http:\/\/diariodominicano.ddns.net\/?p=230935"},"modified":"2018-04-14T21:38:24","modified_gmt":"2018-04-14T21:38:24","slug":"alerta-evo-morales-sobre-pretextos-para-criminalizar-gobiernos","status":"publish","type":"post","link":"https:\/\/diariodominicano.com\/?p=230935","title":{"rendered":"Alerta Evo Morales sobre pretextos para criminalizar gobiernos"},"content":{"rendered":"<p><body><\/p>\n<p><img decoding=\"async\" src=\"img3\/1Evo-Lima.jpg\" \/>  <\/p>\n<p><strong> Lima, 14 abr (PL)<\/strong> El presidente boliviano, Evo Morales, alert\u00f3 hoy sobre pretextos que pretenden utilizar para derrocar gobiernos leg\u00edtimos y democr\u00e1ticos, y criminalizar gobiernos de cambio, como mismo antes utilizaron la lucha contra el comunismo, el narcotr\u00e1fico y el terrorismo.<\/p>\n<\/p>\n<p>En su discurso en la sesi\u00f3n final de la Cumbre de Las Am\u00e9ricas en esta capital, Morales reiter\u00f3 su respeto &#8216;al hermano Lula Da Silva&#8217;, y proclam\u00f3 al mundo que ninguna medida como en encarcelamiento del l\u00edder brasile\u00f1o puede encarcelar a la conciencia de un pueblo.<\/p>\n<\/p>\n<p>Record\u00f3 que el fiscal que presidi\u00f3 el proceso contra Lula dijo textualmente: &#8216;no existen pruebas contra Lula, pero s\u00ed convicciones&#8217;, lo cual demuestra la injusticia de su prisi\u00f3n.<\/p>\n<\/p>\n<p>Consider\u00f3 Morales su deber insoslayable hablar de las amenazas que enfrenta nuestro hemisferio y el mundo entero, y acus\u00f3 &#8216;con toda claridad que la principal amenaza contra la democracia, la paz, la libertad, la Madre Tierra y contra el multilateralismo es el Gobierno de Estados Unidos&#8217;.<\/p>\n<\/p>\n<p>&#8216;No tengo miedo de decirlo de frente y p\u00fablicamente&#8217;, y subray\u00f3 que el mundo atraviesa una serie de guerras, una terrible crisis humanitaria ocasionada por el intervencionismo de Estados Unidos, producto de la pobreza, la desigualdad y el cambio clim\u00e1tico.<\/p>\n<\/p>\n<p>&#8216;Desde M\u00e9xico hasta Argentina nuestra regi\u00f3n est\u00e1 libre de armas nucleares y es una zona de paz, pero m\u00e1s al norte Estados Unidos nos lleva a la posibilidad de un terrible enfrentamiento nuclear y gasta cientos de miles de millones de d\u00f3lares en seguir construyendo armas de destrucci\u00f3n masiva&#8217;, denunci\u00f3.<\/p>\n<\/p>\n<p>&#8216;El mundo est\u00e1 cada vez m\u00e1s afectado por el calentamiento global y Estados Unidos, que es el mayor contaminador de la historia, le da la espalda al Acuerdo de Par\u00eds, lo cual es inadmisible&#8217;, subray\u00f3.<\/p>\n<\/p>\n<p>El mandatario boliviano record\u00f3 que el mundo atraviesa una crisis migratoria &#8216;y Estados Unidos construye muros para separarnos y env\u00eda tropas para invadirnos&#8217;, al tiempo que expres\u00f3 su solidaridad con el pueblo mexicano, llam\u00f3 a sus autoridades a mirar al sur latinoamericano.<\/p>\n<\/p>\n<p>&#8216;Desde que en Bolivia cerramos la base militar estadounidense, impulsamos la ley, recuperamos nuestra soberan\u00eda pol\u00edtica y econ\u00f3mica y nos liberamos de las imposiciones del Fondo Monetario Internacional, hemos comenzado a superar todos nuestros desaf\u00edos en base a nuestra identidad&#8217;, recalc\u00f3.<\/p>\n<\/p>\n<p>El contundente discurso del primer presidente ind\u00edgena boliviano son\u00f3 fuerte en la sala de la Cumbre como una digna respuesta a las intenciones del gobierno de Estados Unidos y sus aliados en la regi\u00f3n.<\/p>\n<\/p>\n<p>ocs\/prl<\/p>\n<h6> 2018-04-14 21:38:24 <\/h6>\n<p><!--\n<link rel=\"stylesheet\" href=\"css\/bootstrap.min.css\">\n\n\n<ul class=\"pagination\">\n\t    \n\t\n\n<li >\n\t<a href='?page_no=10597'>Previous<\/a>\n\t<\/li>\n\n\n       \n    \n\n<li><a href='?page_no=1'>1<\/a><\/li>\n\n\n\n<li><a href='?page_no=2'>2<\/a><\/li>\n\n\n\n<li><a>...<\/a><\/li>\n\n\n\n<li><a href='?page_no=10596'>10596<\/a><\/li>\n\n\n\n<li><a href='?page_no=10597'>10597<\/a><\/li>\n\n\n\n<li class='active'><a>10598<\/a><\/li>\n\n\n\n<li><a href='?page_no=10599'>10599<\/a><\/li>\n\n\n\n<li><a href='?page_no=10600'>10600<\/a><\/li>\n\n\n\n<li><a>...<\/a><\/li>\n\n\n\n<li><a href='?page_no=51012'>51012<\/a><\/li>\n\n\n\n<li><a href='?page_no=51013'>51013<\/a><\/li>\n\n    \n\t\n\n<li >\n\t<a href='?page_no=10599'>Next<\/a>\n\t<\/li>\n\n\n    \n\n<li><a href='?page_no=51013'>Last &rsaquo;&rsaquo;<\/a><\/li>\n\n<\/ul>\n\n\n--><br \/>\n<\/body><\/p>\n","protected":false},"excerpt":{"rendered":"<p>Lima, 14 abr (PL) El presidente boliviano, Evo Morales, alert\u00f3 hoy sobre pretextos que pretenden utilizar para derrocar gobiernos leg\u00edtimos y democr\u00e1ticos, y criminalizar gobiernos de cambio, como mismo antes utilizaron la lucha contra el comunismo, el narcotr\u00e1fico y el terrorismo. En su discurso en la sesi\u00f3n final de la Cumbre de Las Am\u00e9ricas en [&hellip;]<\/p>\n","protected":false},"author":3,"featured_media":0,"comment_status":"open","ping_status":"open","sticky":false,"template":"","format":"standard","meta":{"footnotes":""},"categories":[23],"tags":[],"class_list":["post-230935","post","type-post","status-publish","format-standard","hentry","category-internacional"],"_links":{"self":[{"href":"https:\/\/diariodominicano.com\/index.php?rest_route=\/wp\/v2\/posts\/230935","targetHints":{"allow":["GET"]}}],"collection":[{"href":"https:\/\/diariodominicano.com\/index.php?rest_route=\/wp\/v2\/posts"}],"about":[{"href":"https:\/\/diariodominicano.com\/index.php?rest_route=\/wp\/v2\/types\/post"}],"author":[{"embeddable":true,"href":"https:\/\/diariodominicano.com\/index.php?rest_route=\/wp\/v2\/users\/3"}],"replies":[{"embeddable":true,"href":"https:\/\/diariodominicano.com\/index.php?rest_route=%2Fwp%2Fv2%2Fcomments&post=230935"}],"version-history":[{"count":0,"href":"https:\/\/diariodominicano.com\/index.php?rest_route=\/wp\/v2\/posts\/230935\/revisions"}],"wp:attachment":[{"href":"https:\/\/diariodominicano.com\/index.php?rest_route=%2Fwp%2Fv2%2Fmedia&parent=230935"}],"wp:term":[{"taxonomy":"category","embeddable":true,"href":"https:\/\/diariodominicano.com\/index.php?rest_route=%2Fwp%2Fv2%2Fcategories&post=230935"},{"taxonomy":"post_tag","embeddable":true,"href":"https:\/\/diariodominicano.com\/index.php?rest_route=%2Fwp%2Fv2%2Ftags&post=230935"}],"curies":[{"name":"wp","href":"https:\/\/api.w.org\/{rel}","templated":true}]}}