{"id":230929,"date":"2018-04-15T02:17:00","date_gmt":"2018-04-15T02:17:00","guid":{"rendered":"http:\/\/diariodominicano.ddns.net\/?p=230929"},"modified":"2018-04-15T02:17:00","modified_gmt":"2018-04-15T02:17:00","slug":"vacio-moral-de-ee-uu-no-es-referencia-para-latinoamerica-dice-cuba","status":"publish","type":"post","link":"https:\/\/diariodominicano.com\/?p=230929","title":{"rendered":"Vac\u00edo moral de EE.UU. no es referencia para Latinoam\u00e9rica, dice Cuba"},"content":{"rendered":"<p><body><\/p>\n<p><img decoding=\"async\" src=\"img3\/0000Bruno1.jpg\" \/>  <\/p>\n<p><strong> Lima, 14 abr (PL) E<\/strong>l canciller cubano, Bruno Rodr\u00edguez, record\u00f3 hoy aqu\u00ed la responsabilidad de Estados Unidos en los abusos m\u00e1s brutales ocurridos en este continente y afirm\u00f3 que su vac\u00edo moral no puede ser referencia para Am\u00e9rica Latina y el Caribe.<\/p>\n<\/p>\n<p>Al responder al vicepresidente estadounidense, Michael Pence, en el plenario de la VIII cumbre de las Am\u00e9ricas, Rodr\u00edguez lo acus\u00f3 de ocultar la verdad y de referirse de manera insultante hacia Cuba y Venezuela, incluso en ausencia del presidente Nicol\u00e1s Maduro, vetado de participar en la reuni\u00f3n.<\/p>\n<\/p>\n<p>&#8216;Es nada democr\u00e1tico atacar a Venezuela y mencionar al presidente Nicol\u00e1s Maduro cuando ha sido excluido y no est\u00e1 aqu\u00ed para responderle&#8217;, le reproch\u00f3 el titular al acusar a Washington de recurrir a la Doctrina Monroe (1823) en su relaci\u00f3n de sojuzgamiento con los gobiernos latinoamericanos.<\/p>\n<\/p>\n<p>Asimismo, dijo que asumi\u00f3 una actitud humillante hacia Am\u00e9rica Latina y el Caribe, pues carece de moral ya que en los \u00faltimos 100 a\u00f1os los gobernantes estadounidenses &#8216;cargan con la responsabilidad por los abusos m\u00e1s brutales&#8217; perpetrados en el hemisferio en materia de derechos humanos.<\/p>\n<\/p>\n<p>Todos los gobiernos desp\u00f3ticos de la regi\u00f3n, sin excepci\u00f3n, han sido impuestos o recibido apoyo de Estados Unidos, incluidas las m\u00e1s crueles dictaduras militares, sentenci\u00f3 al aludir a la Operaci\u00f3n C\u00f3ndor o el que defini\u00f3 como cruento golpe de Estado en Chile.<\/p>\n<\/p>\n<p>Esas &#8216;est\u00e1n sobre la conciencia de gobiernos norteamericanos&#8217;, prosigui\u00f3 al afirmar que el pa\u00eds de Pence ha sido el \u00fanico en usar el arma nuclear contra civiles inocentes, responsable de guerras criminales y de la muerte de miles de civiles a los que llama da\u00f1os colaterales.<\/p>\n<\/p>\n<p>Adem\u00e1s, es responsable de actos de torturas, desapariciones forzadas, ejecuciones extrajudiciales y secuestros, y el gobierno norteamericano es el autor de violaciones masivas, flagrantes y sistem\u00e1ticas de sus ciudadanos afroamericanos, hispanos, migrantes y minor\u00edas, agreg\u00f3.<\/p>\n<\/p>\n<p>El ministro cubano calific\u00f3 de una verg\u00fcenza para la humanidad que en el pa\u00eds de extrema riqueza haya decenas de millones de pobres, y que tengan un patr\u00f3n racial diferenciado en sus c\u00e1rceles y en la aplicaci\u00f3n de la pena de muerte, adem\u00e1s de registrar el mayor n\u00famero de errores judiciales en ese sentido.<\/p>\n<\/p>\n<p>Igualmente, es donde mueren m\u00e1s estudiantes por armas de fuego, mientras el gobierno recibe millones de d\u00f3lares de quienes defienden esa industria, adem\u00e1s de que es el pa\u00eds que acoge el centro del lavado de activo financiero y contrabando de armas hacia el sur que desestabiliza a pa\u00edses enteros.<\/p>\n<\/p>\n<p>El sistema electoral que lo ha elegido, y el legislativo es corrupto por naturaleza porque est\u00e1 sustentado en contribuciones financieras corporativas, a\u00f1adi\u00f3 al deplorar el &#8216;proteccionismo feroz&#8217; que impone Washington sin tomar en cuenta que arruinar\u00e1 la industria, agricultura y empleo de esta regi\u00f3n.<\/p>\n<\/p>\n<p>Apostill\u00f3 que es el que cree que el cambio clim\u00e1tico es un invento antinorteamericano, en alusi\u00f3n a la negativa de la naci\u00f3n americana de adherirse al acuerdo de Par\u00eds sobre ese particular.<\/p>\n<\/p>\n<p>En Cuba, volvi\u00f3 a repetir Rodr\u00edguez al replicar a Pence, &#8216;no cejaremos en nuestro empe\u00f1o de construir el socialismo&#8217;, y acot\u00f3 que si realmente su gobierno est\u00e1 interesado en el bienestar del pueblo cubano, deb\u00eda empezar por levantar el criminal bloqueo impuesto hace m\u00e1s de 55 a\u00f1os.<\/p>\n<\/p>\n<p>pgh\/Ucl<\/p>\n<h6> 2018-04-15 02:17:00 <\/h6>\n<p><!--\n<link rel=\"stylesheet\" href=\"css\/bootstrap.min.css\">\n\n\n<ul class=\"pagination\">\n\t    \n\t\n\n<li >\n\t<a href='?page_no=10591'>Previous<\/a>\n\t<\/li>\n\n\n       \n    \n\n<li><a href='?page_no=1'>1<\/a><\/li>\n\n\n\n<li><a href='?page_no=2'>2<\/a><\/li>\n\n\n\n<li><a>...<\/a><\/li>\n\n\n\n<li><a href='?page_no=10590'>10590<\/a><\/li>\n\n\n\n<li><a href='?page_no=10591'>10591<\/a><\/li>\n\n\n\n<li class='active'><a>10592<\/a><\/li>\n\n\n\n<li><a href='?page_no=10593'>10593<\/a><\/li>\n\n\n\n<li><a href='?page_no=10594'>10594<\/a><\/li>\n\n\n\n<li><a>...<\/a><\/li>\n\n\n\n<li><a href='?page_no=51012'>51012<\/a><\/li>\n\n\n\n<li><a href='?page_no=51013'>51013<\/a><\/li>\n\n    \n\t\n\n<li >\n\t<a href='?page_no=10593'>Next<\/a>\n\t<\/li>\n\n\n    \n\n<li><a href='?page_no=51013'>Last &rsaquo;&rsaquo;<\/a><\/li>\n\n<\/ul>\n\n\n--><br \/>\n<\/body><\/p>\n","protected":false},"excerpt":{"rendered":"<p>Lima, 14 abr (PL) El canciller cubano, Bruno Rodr\u00edguez, record\u00f3 hoy aqu\u00ed la responsabilidad de Estados Unidos en los abusos m\u00e1s brutales ocurridos en este continente y afirm\u00f3 que su vac\u00edo moral no puede ser referencia para Am\u00e9rica Latina y el Caribe. Al responder al vicepresidente estadounidense, Michael Pence, en el plenario de la VIII [&hellip;]<\/p>\n","protected":false},"author":3,"featured_media":0,"comment_status":"open","ping_status":"open","sticky":false,"template":"","format":"standard","meta":{"footnotes":""},"categories":[23],"tags":[],"class_list":["post-230929","post","type-post","status-publish","format-standard","hentry","category-internacional"],"_links":{"self":[{"href":"https:\/\/diariodominicano.com\/index.php?rest_route=\/wp\/v2\/posts\/230929","targetHints":{"allow":["GET"]}}],"collection":[{"href":"https:\/\/diariodominicano.com\/index.php?rest_route=\/wp\/v2\/posts"}],"about":[{"href":"https:\/\/diariodominicano.com\/index.php?rest_route=\/wp\/v2\/types\/post"}],"author":[{"embeddable":true,"href":"https:\/\/diariodominicano.com\/index.php?rest_route=\/wp\/v2\/users\/3"}],"replies":[{"embeddable":true,"href":"https:\/\/diariodominicano.com\/index.php?rest_route=%2Fwp%2Fv2%2Fcomments&post=230929"}],"version-history":[{"count":0,"href":"https:\/\/diariodominicano.com\/index.php?rest_route=\/wp\/v2\/posts\/230929\/revisions"}],"wp:attachment":[{"href":"https:\/\/diariodominicano.com\/index.php?rest_route=%2Fwp%2Fv2%2Fmedia&parent=230929"}],"wp:term":[{"taxonomy":"category","embeddable":true,"href":"https:\/\/diariodominicano.com\/index.php?rest_route=%2Fwp%2Fv2%2Fcategories&post=230929"},{"taxonomy":"post_tag","embeddable":true,"href":"https:\/\/diariodominicano.com\/index.php?rest_route=%2Fwp%2Fv2%2Ftags&post=230929"}],"curies":[{"name":"wp","href":"https:\/\/api.w.org\/{rel}","templated":true}]}}